{"id":37340,"date":"2023-11-24T17:30:43","date_gmt":"2023-11-24T20:30:43","guid":{"rendered":"https:\/\/radiorevelacionfm.cl\/?p=37340"},"modified":"2023-11-24T17:30:43","modified_gmt":"2023-11-24T20:30:43","slug":"en-aysen-alistan-simulacro-de-emergencia-por-contingencia-ambiental","status":"publish","type":"post","link":"https:\/\/radiorevelacionfm.cl\/?p=37340","title":{"rendered":"En Ays\u00e9n alistan simulacro de emergencia por contingencia ambiental"},"content":{"rendered":"<div class=\"flex_column av_one_full  flex_column_div av-zero-column-padding first  avia-builder-el-0  el_before_av_one_full  avia-builder-el-first  \" style='border-radius:0px; '><div  class='avia-image-container  av-styling-    avia-builder-el-1  avia-builder-el-no-sibling  avia-align-center '  itemprop=\"image\" itemscope=\"itemscope\" itemtype=\"https:\/\/schema.org\/ImageObject\"  ><div class='avia-image-container-inner'><div class='avia-image-overlay-wrap'><img decoding=\"async\" class='wp-image-37341 avia-img-lazy-loading-not-37341 avia_image' src=\"https:\/\/radiorevelacionfm.cl\/wp-content\/uploads\/2023\/11\/IMG_20231122_163951724_HDR-1-1.jpg\" alt='' title='IMG_20231122_163951724_HDR (1) (1)' height=\"600\" width=\"882\"  itemprop=\"thumbnailUrl\" srcset=\"https:\/\/radiorevelacionfm.cl\/wp-content\/uploads\/2023\/11\/IMG_20231122_163951724_HDR-1-1.jpg 882w, https:\/\/radiorevelacionfm.cl\/wp-content\/uploads\/2023\/11\/IMG_20231122_163951724_HDR-1-1-300x204.jpg 300w, https:\/\/radiorevelacionfm.cl\/wp-content\/uploads\/2023\/11\/IMG_20231122_163951724_HDR-1-1-768x522.jpg 768w, https:\/\/radiorevelacionfm.cl\/wp-content\/uploads\/2023\/11\/IMG_20231122_163951724_HDR-1-1-705x480.jpg 705w, https:\/\/radiorevelacionfm.cl\/wp-content\/uploads\/2023\/11\/IMG_20231122_163951724_HDR-1-1-450x306.jpg 450w, https:\/\/radiorevelacionfm.cl\/wp-content\/uploads\/2023\/11\/IMG_20231122_163951724_HDR-1-1-600x408.jpg 600w\" sizes=\"(max-width: 882px) 100vw, 882px\" \/><\/div><\/div><\/div><\/div><div class=\"flex_column av_one_full  flex_column_div av-zero-column-padding first  avia-builder-el-2  el_after_av_one_full  el_before_av_one_full  column-top-margin\" style='border-radius:0px; '><section class=\"av_textblock_section \"  itemscope=\"itemscope\" itemtype=\"https:\/\/schema.org\/BlogPosting\" itemprop=\"blogPost\" ><div class='avia_textblock  '   itemprop=\"text\" ><p style=\"text-align: center;\"><strong><span style=\"font-size: 18pt;\">En Ays\u00e9n alistan simulacro de emergencia por contingencia ambiental <\/span><\/strong><\/p>\n<div id=\"gtx-trans\" style=\"position: absolute; left: -50px; top: 4.31534px;\">\n<div class=\"gtx-trans-icon\"><\/div>\n<\/div>\n<\/div><\/section><\/div><div class=\"flex_column av_one_full  flex_column_div av-zero-column-padding first  avia-builder-el-4  el_after_av_one_full  el_before_av_hr  column-top-margin\" style='border-radius:0px; '><section class=\"av_textblock_section \"  itemscope=\"itemscope\" itemtype=\"https:\/\/schema.org\/BlogPosting\" itemprop=\"blogPost\" ><div class='avia_textblock  '   itemprop=\"text\" ><p style=\"text-align: justify;\">Una nueva sesi\u00f3n de trabajo y planificaci\u00f3n estrat\u00e9gica, sostuvo en la Delegaci\u00f3n Presidencial Provincial de Ays\u00e9n, el Comit\u00e9 Interinstitucional de Contingencias Ambientales (CIICA).<\/p>\n<p style=\"text-align: justify;\">La presencia del fen\u00f3meno de \u201cEl Ni\u00f1o\u201d en las costas del litoral chileno, aumenta, seg\u00fan los expertos, las probabilidades de floraci\u00f3n de algas nocivas (pseudochatonella verruculosa), las cuales afectan de manera directa la actividad productiva acu\u00edcola en centros salmoneros, pudiendo llegar, incluso, a provocar mortalidad\u00a0 masiva de peces.<\/p>\n<p style=\"text-align: justify;\">As\u00ed lo explica el Doctor en Biolog\u00eda Marina, Oscar Espinoza, Jefe del Centro de Estudios de Algas Nocivas, del Instituto de Fomento Pesquero (IFOP), quien form\u00f3 parte de la reuni\u00f3n del CIICA, invitado como expositor. \u201cLa presencia del <em>Fen\u00f3meno del Ni\u00f1o<\/em> \u00a0trae consigo la condici\u00f3n de altas temperaturas y eventos atmosf\u00e9ricos como precipitaciones, que inciden en un calentamiento de la primera capa del oc\u00e9ano, permitiendo el crecimiento\u00a0 de micro algas que est\u00e1n adaptadas a ese medio. Lamentablemente, estas algas son las que generan mayores \u00edndices de toxicidad y floraci\u00f3n. Por otro lado, existe un Fito Plancton que puede afectar o da\u00f1ar las branquias de los peces, provocando la\u00a0 mortalidad de la especie\u201d, subray\u00f3.<\/p>\n<p style=\"text-align: justify;\">Frente a este eventual escenario, las instituciones p\u00fablicas y privadas pertenecientes al Comit\u00e9 (CIICA), convocado por el Gobierno, alistan un plan de acci\u00f3n dirigido a fortalecer de manera coordinada, sus capacidades de respuesta\u00a0 de acuerdo a sus funciones, para abordar una posible emergencia.<\/p>\n<p style=\"text-align: justify;\">El Director de SERNAPESCA en Ays\u00e9n, Jorge Padilla, se refiri\u00f3 a al rol fiscalizador hacia a las empresas acu\u00edcolas, respecto a la mortalidad de salmones, precisando que \u201chemos estado analizando las posibilidades log\u00edsticas que disponemos como Regi\u00f3n de Ays\u00e9n, a nivel de instituciones p\u00fablicas, para el retiro de la mortalidad masiva de salmones, su traslado en embarcaciones y su disposici\u00f3n final en una planta reductora de Puerto Chacabuco. Somos el organismo t\u00e9cnico y fiscalizador de la normativa asociada a mortalidades masivas y por ende, nuestro rol es cautelar el cumplimiento de la normativa por parte de las empresas del rubro\u201d, agreg\u00f3.<\/p>\n<p style=\"text-align: justify;\">Por su parte, el Delegado Presidencial Provincial de Ays\u00e9n, Jorge D\u00edaz Guzm\u00e1n, expres\u00f3 que \u201ceste es un espacio para anteponerse a eventuales consecuencias de la floraci\u00f3n de algas nocivas que afectan la producci\u00f3n de especies salmon\u00eddeas; entonces lo que estamos haciendo como Gobierno, es coordinar a los diversos servicios p\u00fablicos que tienen relaci\u00f3n con las empresas pesqueras acu\u00edcolas en t\u00e9rminos de fiscalizaci\u00f3n, como Sernapesca, la Armada de Chile o el Servicio de Salud, entre otros, para ocuparnos no solo de la seguridad econ\u00f3mica, sino tambi\u00e9n de la seguridad social de las personas\u00a0 y de nuestro Medio Ambiente\u201d, recalc\u00f3.<\/p>\n<p style=\"text-align: justify;\">Desde el Comit\u00e9 Interinstitucional de Contingencias Ambientales (CIICA), se inform\u00f3 que para el pr\u00f3ximo 28 y 29 de noviembre, se contempla la realizaci\u00f3n de un simulacro de emergencia, que involucra a las Regiones de Los Lagos y Ays\u00e9n, en las \u00e1reas geogr\u00e1ficas del Seno de Reloncav\u00ed, Chilo\u00e9 Central, Puerto Cisnes y Puerto Ays\u00e9n.<\/p>\n<\/div><\/section><\/div><div  style='height:50px' class='hr hr-invisible   avia-builder-el-6  el_after_av_one_full  el_before_av_social_share '><span class='hr-inner ' ><span class='hr-inner-style'><\/span><\/span><\/div><\/p>\n<div  class='av-social-sharing-box  avia-builder-el-7  el_after_av_hr  el_before_av_hr  '><div class='av-share-box'><h5 class='av-share-link-description av-no-toc '>Compartir esta noticia<\/h5><ul class='av-share-box-list noLightbox'><li class='av-share-link av-social-link-facebook' ><a target=\"_blank\" aria-label=\"Compartir en Facebook\" href='https:\/\/www.facebook.com\/sharer.php?u=https:\/\/radiorevelacionfm.cl\/?p=37340&#038;t=En%20Ays%C3%A9n%20alistan%20simulacro%20de%20emergencia%20por%20contingencia%20ambiental' aria-hidden='false' data-av_icon='\ue8f3' data-av_iconfont='entypo-fontello' title='' data-avia-related-tooltip='Compartir en Facebook' rel=\"noopener\"><span class='avia_hidden_link_text'>Compartir en Facebook<\/span><\/a><\/li><li class='av-share-link av-social-link-twitter' ><a target=\"_blank\" aria-label=\"Compartir en Twitter\" href='https:\/\/twitter.com\/share?text=En%20Ays%C3%A9n%20alistan%20simulacro%20de%20emergencia%20por%20contingencia%20ambiental&#038;url=https:\/\/radiorevelacionfm.cl\/?p=37340' aria-hidden='false' data-av_icon='\ue8f1' data-av_iconfont='entypo-fontello' title='' data-avia-related-tooltip='Compartir en Twitter' rel=\"noopener\"><span class='avia_hidden_link_text'>Compartir en Twitter<\/span><\/a><\/li><li class='av-share-link av-social-link-whatsapp' ><a target=\"_blank\" aria-label=\"Compartir en Whatsapp\" href='https:\/\/api.whatsapp.com\/send?text=https:\/\/radiorevelacionfm.cl\/?p=37340' aria-hidden='false' data-av_icon='\uf232' data-av_iconfont='entypo-fontello' title='' data-avia-related-tooltip='Compartir en Whatsapp' rel=\"noopener\"><span class='avia_hidden_link_text'>Compartir en Whatsapp<\/span><\/a><\/li><li class='av-share-link av-social-link-linkedin' ><a target=\"_blank\" aria-label=\"Compartir en LinkedIn\" href='https:\/\/linkedin.com\/shareArticle?mini=true&#038;title=En%20Ays%C3%A9n%20alistan%20simulacro%20de%20emergencia%20por%20contingencia%20ambiental&#038;url=https:\/\/radiorevelacionfm.cl\/?p=37340' aria-hidden='false' data-av_icon='\ue8fc' data-av_iconfont='entypo-fontello' title='' data-avia-related-tooltip='Compartir en LinkedIn' rel=\"noopener\"><span class='avia_hidden_link_text'>Compartir en LinkedIn<\/span><\/a><\/li><li class='av-share-link av-social-link-mail' ><a  aria-label=\"Compartir por correo\" href='mailto:?subject=En%20Ays%C3%A9n%20alistan%20simulacro%20de%20emergencia%20por%20contingencia%20ambiental&#038;body=https:\/\/radiorevelacionfm.cl\/?p=37340' aria-hidden='false' data-av_icon='\ue805' data-av_iconfont='entypo-fontello' title='' data-avia-related-tooltip='Compartir por correo'><span class='avia_hidden_link_text'>Compartir por correo<\/span><\/a><\/li><\/ul><\/div><\/div>\n<div  style='height:50px' class='hr hr-invisible   avia-builder-el-8  el_after_av_social_share  el_before_av_comments_list '><span class='hr-inner ' ><span class='hr-inner-style'><\/span><\/span><\/div>\n<div  class='av-buildercomment  av-blog-meta-html-info-disabled av-blog-meta-tag-disabled  '><\/div>\n","protected":false},"excerpt":{"rendered":"","protected":false},"author":1,"featured_media":37341,"comment_status":"open","ping_status":"open","sticky":false,"template":"","format":"standard","meta":{"footnotes":""},"categories":[38],"tags":[],"class_list":["post-37340","post","type-post","status-publish","format-standard","has-post-thumbnail","hentry","category-regional"],"jetpack_featured_media_url":"https:\/\/radiorevelacionfm.cl\/wp-content\/uploads\/2023\/11\/IMG_20231122_163951724_HDR-1-1.jpg","_links":{"self":[{"href":"https:\/\/radiorevelacionfm.cl\/index.php?rest_route=\/wp\/v2\/posts\/37340","targetHints":{"allow":["GET"]}}],"collection":[{"href":"https:\/\/radiorevelacionfm.cl\/index.php?rest_route=\/wp\/v2\/posts"}],"about":[{"href":"https:\/\/radiorevelacionfm.cl\/index.php?rest_route=\/wp\/v2\/types\/post"}],"author":[{"embeddable":true,"href":"https:\/\/radiorevelacionfm.cl\/index.php?rest_route=\/wp\/v2\/users\/1"}],"replies":[{"embeddable":true,"href":"https:\/\/radiorevelacionfm.cl\/index.php?rest_route=%2Fwp%2Fv2%2Fcomments&post=37340"}],"version-history":[{"count":1,"href":"https:\/\/radiorevelacionfm.cl\/index.php?rest_route=\/wp\/v2\/posts\/37340\/revisions"}],"predecessor-version":[{"id":37342,"href":"https:\/\/radiorevelacionfm.cl\/index.php?rest_route=\/wp\/v2\/posts\/37340\/revisions\/37342"}],"wp:featuredmedia":[{"embeddable":true,"href":"https:\/\/radiorevelacionfm.cl\/index.php?rest_route=\/wp\/v2\/media\/37341"}],"wp:attachment":[{"href":"https:\/\/radiorevelacionfm.cl\/index.php?rest_route=%2Fwp%2Fv2%2Fmedia&parent=37340"}],"wp:term":[{"taxonomy":"category","embeddable":true,"href":"https:\/\/radiorevelacionfm.cl\/index.php?rest_route=%2Fwp%2Fv2%2Fcategories&post=37340"},{"taxonomy":"post_tag","embeddable":true,"href":"https:\/\/radiorevelacionfm.cl\/index.php?rest_route=%2Fwp%2Fv2%2Ftags&post=37340"}],"curies":[{"name":"wp","href":"https:\/\/api.w.org\/{rel}","templated":true}]}}