{"id":37337,"date":"2023-11-25T12:16:45","date_gmt":"2023-11-25T15:16:45","guid":{"rendered":"https:\/\/radiorevelacionfm.cl\/?p=37337"},"modified":"2023-11-25T12:16:45","modified_gmt":"2023-11-25T15:16:45","slug":"aumento-del-bono-lena-sufre-traspie-en-el-senado-y-se-va-a-comision-mixta","status":"publish","type":"post","link":"https:\/\/radiorevelacionfm.cl\/?p=37337","title":{"rendered":"Aumento del Bono le\u00f1a sufre traspi\u00e9 en el Senado y se va a Comisi\u00f3n Mixta"},"content":{"rendered":"<div class=\"flex_column av_one_full  flex_column_div av-zero-column-padding first  avia-builder-el-0  el_before_av_one_full  avia-builder-el-first  \" style='border-radius:0px; '><div  class='avia-image-container  av-styling-    avia-builder-el-1  avia-builder-el-no-sibling  avia-align-center '  itemprop=\"image\" itemscope=\"itemscope\" itemtype=\"https:\/\/schema.org\/ImageObject\"  ><div class='avia-image-container-inner'><div class='avia-image-overlay-wrap'><img decoding=\"async\" class='wp-image-37338 avia-img-lazy-loading-not-37338 avia_image' src=\"https:\/\/radiorevelacionfm.cl\/wp-content\/uploads\/2023\/11\/CALISTO-EN-LA-CAMARA-1-1.jpeg\" alt='' title='CALISTO EN LA C\u00c1MARA (1) (1)' height=\"600\" width=\"900\"  itemprop=\"thumbnailUrl\" srcset=\"https:\/\/radiorevelacionfm.cl\/wp-content\/uploads\/2023\/11\/CALISTO-EN-LA-CAMARA-1-1.jpeg 900w, https:\/\/radiorevelacionfm.cl\/wp-content\/uploads\/2023\/11\/CALISTO-EN-LA-CAMARA-1-1-300x200.jpeg 300w, https:\/\/radiorevelacionfm.cl\/wp-content\/uploads\/2023\/11\/CALISTO-EN-LA-CAMARA-1-1-768x512.jpeg 768w, https:\/\/radiorevelacionfm.cl\/wp-content\/uploads\/2023\/11\/CALISTO-EN-LA-CAMARA-1-1-705x470.jpeg 705w, https:\/\/radiorevelacionfm.cl\/wp-content\/uploads\/2023\/11\/CALISTO-EN-LA-CAMARA-1-1-450x300.jpeg 450w, https:\/\/radiorevelacionfm.cl\/wp-content\/uploads\/2023\/11\/CALISTO-EN-LA-CAMARA-1-1-600x400.jpeg 600w\" sizes=\"(max-width: 900px) 100vw, 900px\" \/><\/div><\/div><\/div><\/div><div class=\"flex_column av_one_full  flex_column_div av-zero-column-padding first  avia-builder-el-2  el_after_av_one_full  el_before_av_one_full  column-top-margin\" style='border-radius:0px; '><section class=\"av_textblock_section \"  itemscope=\"itemscope\" itemtype=\"https:\/\/schema.org\/BlogPosting\" itemprop=\"blogPost\" ><div class='avia_textblock  '   itemprop=\"text\" ><p style=\"text-align: center;\"><span style=\"font-size: 18pt;\"><b><span lang=\"ES\">Aumento del Bono le\u00f1a sufre traspi\u00e9 en el Senado y se va a Comisi\u00f3n Mixta<\/span><\/b><\/span><\/p>\n<div id=\"gtx-trans\" style=\"position: absolute; left: -50px; top: 4.31534px;\">\n<div class=\"gtx-trans-icon\"><\/div>\n<\/div>\n<\/div><\/section><\/div><div class=\"flex_column av_one_full  flex_column_div av-zero-column-padding first  avia-builder-el-4  el_after_av_one_full  el_before_av_hr  column-top-margin\" style='border-radius:0px; '><section class=\"av_textblock_section \"  itemscope=\"itemscope\" itemtype=\"https:\/\/schema.org\/BlogPosting\" itemprop=\"blogPost\" ><div class='avia_textblock  '   itemprop=\"text\" ><p style=\"font-weight: 400; text-align: justify;\"><em>El diputado Miguel \u00c1ngel Calisto lament\u00f3 esta situaci\u00f3n, pero anunci\u00f3 que seguir\u00e1 insistiendo en esta instancia legislativa.<\/em><\/p>\n<p style=\"font-weight: 400; text-align: justify;\">En el marco de la discusi\u00f3n de la Ley de Presupuesto, el Senado respald\u00f3 la propuesta del Gobierno para aumentar el bono le\u00f1a en desmedro de la indicaci\u00f3n presentada por el diputado Miguel \u00c1ngel Calisto. La iniciativa del legislador establece el aumento a 200 mil pesos de este beneficio, mientras que la del Gobierno no especifica un monto.<\/p>\n<p style=\"font-weight: 400; text-align: justify;\">Todo se resolver\u00e1 la pr\u00f3xima semana en la Comisi\u00f3n Mixta que discutir\u00e1 las diferencias que se han dado entre el Senado y la C\u00e1mara de Diputados. \u00a0<strong><em>\u00a0<\/em><\/strong><\/p>\n<p style=\"font-weight: 400; text-align: justify;\">Seg\u00fan el diputado Calisto,<strong><em>\u00a0\u201c<\/em><\/strong>el Gobierno fue bastante tozudo, porque yo tuve la disposici\u00f3n de sentarme a conversar, de buscar una soluci\u00f3n en com\u00fan que nos permita aumentar el bono de calefacci\u00f3n o bono le\u00f1a, porque desde hace 12 a\u00f1os que no se aumenta y no ha tenido reajustes. Lo \u00fanico que nos ofreci\u00f3 el Gobierno, fue una mesa de trabajo\u201d.<\/p>\n<p style=\"font-weight: 400; text-align: justify;\">\u201cYo creo que las mesas de trabajo no llegan a ninguna parte, no resuelven nada. Por eso es importante haber puesto esta indicaci\u00f3n, que no la pusimos por porf\u00eda, sino porque el Gobierno definitivamente no propuso ninguna soluci\u00f3n concreta. Despu\u00e9s de muchas conversaciones con las distintas bancadas, logramos la aprobaci\u00f3n del aumento del bono de calefacci\u00f3n en la sala de la C\u00e1mara, pero en el Senado no tuvimos el mismo resultado\u201d, asegur\u00f3.<\/p>\n<p style=\"font-weight: 400; text-align: justify;\">El legislador indic\u00f3 que \u201cen el Senado prefirieron respaldar la propuesta del Gobierno, que es m\u00e1s ambigua, no le pone monto, pero si habla de un aumento tanto del monto como de la cobertura. Son sentimientos encontrados, porque yo hubiera preferido que le Senado hubiera aprobado nuestra indicaci\u00f3n que aumentaba a 200 mil el bono. Lo que se aprob\u00f3 es preocupante, porque se genera una situaci\u00f3n de incertidumbre y seguramente ser\u00e1 un aumento bastante leve en comparaci\u00f3n con lo que nosotros aprobamos\u201d.<\/p>\n<p style=\"font-weight: 400; text-align: justify;\">Finalmente, el diputado Calisto afirm\u00f3 que \u201cel Gobierno en el Senado nos dobl\u00f3 la mano, y lograron aprobar una indicaci\u00f3n un poco ambigua.\u00a0Lamento que el Senado no haya tenido la sensibilidad con este tema tan importante para las familias de la regi\u00f3n. Esto no est\u00e1 perdido, porque esto va a una comisi\u00f3n mixta, y es ah\u00ed donde daremos la pelea. Yo al menos voy a luchar hasta el final para lograr el aumento a 200 mil pesos\u201d.<\/p>\n<\/div><\/section><\/div><div  style='height:50px' class='hr hr-invisible   avia-builder-el-6  el_after_av_one_full  el_before_av_social_share '><span class='hr-inner ' ><span class='hr-inner-style'><\/span><\/span><\/div><\/p>\n<div  class='av-social-sharing-box  avia-builder-el-7  el_after_av_hr  el_before_av_hr  '><div class='av-share-box'><h5 class='av-share-link-description av-no-toc '>Compartir esta noticia<\/h5><ul class='av-share-box-list noLightbox'><li class='av-share-link av-social-link-facebook' ><a target=\"_blank\" aria-label=\"Compartir en Facebook\" href='https:\/\/www.facebook.com\/sharer.php?u=https:\/\/radiorevelacionfm.cl\/?p=37337&#038;t=Aumento%20del%20Bono%20le%C3%B1a%20sufre%20traspi%C3%A9%20en%20el%20Senado%20y%20se%20va%20a%20Comisi%C3%B3n%20Mixta' aria-hidden='false' data-av_icon='\ue8f3' data-av_iconfont='entypo-fontello' title='' data-avia-related-tooltip='Compartir en Facebook' rel=\"noopener\"><span class='avia_hidden_link_text'>Compartir en Facebook<\/span><\/a><\/li><li class='av-share-link av-social-link-twitter' ><a target=\"_blank\" aria-label=\"Compartir en Twitter\" href='https:\/\/twitter.com\/share?text=Aumento%20del%20Bono%20le%C3%B1a%20sufre%20traspi%C3%A9%20en%20el%20Senado%20y%20se%20va%20a%20Comisi%C3%B3n%20Mixta&#038;url=https:\/\/radiorevelacionfm.cl\/?p=37337' aria-hidden='false' data-av_icon='\ue8f1' data-av_iconfont='entypo-fontello' title='' data-avia-related-tooltip='Compartir en Twitter' rel=\"noopener\"><span class='avia_hidden_link_text'>Compartir en Twitter<\/span><\/a><\/li><li class='av-share-link av-social-link-whatsapp' ><a target=\"_blank\" aria-label=\"Compartir en Whatsapp\" href='https:\/\/api.whatsapp.com\/send?text=https:\/\/radiorevelacionfm.cl\/?p=37337' aria-hidden='false' data-av_icon='\uf232' data-av_iconfont='entypo-fontello' title='' data-avia-related-tooltip='Compartir en Whatsapp' rel=\"noopener\"><span class='avia_hidden_link_text'>Compartir en Whatsapp<\/span><\/a><\/li><li class='av-share-link av-social-link-linkedin' ><a target=\"_blank\" aria-label=\"Compartir en LinkedIn\" href='https:\/\/linkedin.com\/shareArticle?mini=true&#038;title=Aumento%20del%20Bono%20le%C3%B1a%20sufre%20traspi%C3%A9%20en%20el%20Senado%20y%20se%20va%20a%20Comisi%C3%B3n%20Mixta&#038;url=https:\/\/radiorevelacionfm.cl\/?p=37337' aria-hidden='false' data-av_icon='\ue8fc' data-av_iconfont='entypo-fontello' title='' data-avia-related-tooltip='Compartir en LinkedIn' rel=\"noopener\"><span class='avia_hidden_link_text'>Compartir en LinkedIn<\/span><\/a><\/li><li class='av-share-link av-social-link-mail' ><a  aria-label=\"Compartir por correo\" href='mailto:?subject=Aumento%20del%20Bono%20le%C3%B1a%20sufre%20traspi%C3%A9%20en%20el%20Senado%20y%20se%20va%20a%20Comisi%C3%B3n%20Mixta&#038;body=https:\/\/radiorevelacionfm.cl\/?p=37337' aria-hidden='false' data-av_icon='\ue805' data-av_iconfont='entypo-fontello' title='' data-avia-related-tooltip='Compartir por correo'><span class='avia_hidden_link_text'>Compartir por correo<\/span><\/a><\/li><\/ul><\/div><\/div>\n<div  style='height:50px' class='hr hr-invisible   avia-builder-el-8  el_after_av_social_share  el_before_av_comments_list '><span class='hr-inner ' ><span class='hr-inner-style'><\/span><\/span><\/div>\n<div  class='av-buildercomment  av-blog-meta-html-info-disabled av-blog-meta-tag-disabled  '><\/div>\n","protected":false},"excerpt":{"rendered":"","protected":false},"author":1,"featured_media":37338,"comment_status":"open","ping_status":"open","sticky":false,"template":"","format":"standard","meta":{"footnotes":""},"categories":[35],"tags":[],"class_list":["post-37337","post","type-post","status-publish","format-standard","has-post-thumbnail","hentry","category-politica"],"jetpack_featured_media_url":"https:\/\/radiorevelacionfm.cl\/wp-content\/uploads\/2023\/11\/CALISTO-EN-LA-CAMARA-1-1.jpeg","_links":{"self":[{"href":"https:\/\/radiorevelacionfm.cl\/index.php?rest_route=\/wp\/v2\/posts\/37337","targetHints":{"allow":["GET"]}}],"collection":[{"href":"https:\/\/radiorevelacionfm.cl\/index.php?rest_route=\/wp\/v2\/posts"}],"about":[{"href":"https:\/\/radiorevelacionfm.cl\/index.php?rest_route=\/wp\/v2\/types\/post"}],"author":[{"embeddable":true,"href":"https:\/\/radiorevelacionfm.cl\/index.php?rest_route=\/wp\/v2\/users\/1"}],"replies":[{"embeddable":true,"href":"https:\/\/radiorevelacionfm.cl\/index.php?rest_route=%2Fwp%2Fv2%2Fcomments&post=37337"}],"version-history":[{"count":1,"href":"https:\/\/radiorevelacionfm.cl\/index.php?rest_route=\/wp\/v2\/posts\/37337\/revisions"}],"predecessor-version":[{"id":37339,"href":"https:\/\/radiorevelacionfm.cl\/index.php?rest_route=\/wp\/v2\/posts\/37337\/revisions\/37339"}],"wp:featuredmedia":[{"embeddable":true,"href":"https:\/\/radiorevelacionfm.cl\/index.php?rest_route=\/wp\/v2\/media\/37338"}],"wp:attachment":[{"href":"https:\/\/radiorevelacionfm.cl\/index.php?rest_route=%2Fwp%2Fv2%2Fmedia&parent=37337"}],"wp:term":[{"taxonomy":"category","embeddable":true,"href":"https:\/\/radiorevelacionfm.cl\/index.php?rest_route=%2Fwp%2Fv2%2Fcategories&post=37337"},{"taxonomy":"post_tag","embeddable":true,"href":"https:\/\/radiorevelacionfm.cl\/index.php?rest_route=%2Fwp%2Fv2%2Ftags&post=37337"}],"curies":[{"name":"wp","href":"https:\/\/api.w.org\/{rel}","templated":true}]}}