{"id":37332,"date":"2023-11-24T16:18:01","date_gmt":"2023-11-24T19:18:01","guid":{"rendered":"https:\/\/radiorevelacionfm.cl\/?p=37332"},"modified":"2023-11-24T16:18:01","modified_gmt":"2023-11-24T19:18:01","slug":"mayor-inversion-publica-en-aysen-destacan-delegado-regional-y-asociacion-de-municipalidades","status":"publish","type":"post","link":"https:\/\/radiorevelacionfm.cl\/?p=37332","title":{"rendered":"Mayor inversi\u00f3n p\u00fablica en Ays\u00e9n destacan Delegado Regional y Asociaci\u00f3n de Municipalidades"},"content":{"rendered":"<div class=\"flex_column av_one_full  flex_column_div av-zero-column-padding first  avia-builder-el-0  el_before_av_one_full  avia-builder-el-first  \" style='border-radius:0px; '><div  class='avia-image-container  av-styling-    avia-builder-el-1  avia-builder-el-no-sibling  avia-align-center '  itemprop=\"image\" itemscope=\"itemscope\" itemtype=\"https:\/\/schema.org\/ImageObject\"  ><div class='avia-image-container-inner'><div class='avia-image-overlay-wrap'><img decoding=\"async\" class='wp-image-37333 avia-img-lazy-loading-not-37333 avia_image' src=\"https:\/\/radiorevelacionfm.cl\/wp-content\/uploads\/2023\/11\/02-7-3_optimized.jpg\" alt='' title='02-(7)-(3)_optimized' height=\"600\" width=\"1066\"  itemprop=\"thumbnailUrl\" srcset=\"https:\/\/radiorevelacionfm.cl\/wp-content\/uploads\/2023\/11\/02-7-3_optimized.jpg 1066w, https:\/\/radiorevelacionfm.cl\/wp-content\/uploads\/2023\/11\/02-7-3_optimized-300x169.jpg 300w, https:\/\/radiorevelacionfm.cl\/wp-content\/uploads\/2023\/11\/02-7-3_optimized-1030x580.jpg 1030w, https:\/\/radiorevelacionfm.cl\/wp-content\/uploads\/2023\/11\/02-7-3_optimized-768x432.jpg 768w, https:\/\/radiorevelacionfm.cl\/wp-content\/uploads\/2023\/11\/02-7-3_optimized-705x397.jpg 705w, https:\/\/radiorevelacionfm.cl\/wp-content\/uploads\/2023\/11\/02-7-3_optimized-450x253.jpg 450w, https:\/\/radiorevelacionfm.cl\/wp-content\/uploads\/2023\/11\/02-7-3_optimized-600x338.jpg 600w\" sizes=\"(max-width: 1066px) 100vw, 1066px\" \/><\/div><\/div><\/div><\/div><div class=\"flex_column av_one_full  flex_column_div av-zero-column-padding first  avia-builder-el-2  el_after_av_one_full  el_before_av_one_full  column-top-margin\" style='border-radius:0px; '><section class=\"av_textblock_section \"  itemscope=\"itemscope\" itemtype=\"https:\/\/schema.org\/BlogPosting\" itemprop=\"blogPost\" ><div class='avia_textblock  '   itemprop=\"text\" ><p style=\"font-weight: 400; text-align: center;\"><strong><span style=\"font-size: 18pt;\">Mayor inversi\u00f3n p\u00fablica en Ays\u00e9n destacan Delegado Regional y Asociaci\u00f3n de Municipalidades<\/span><\/strong><\/p>\n<div id=\"gtx-trans\" style=\"position: absolute; left: -50px; top: 4.31534px;\">\n<div class=\"gtx-trans-icon\"><\/div>\n<\/div>\n<\/div><\/section><\/div><div class=\"flex_column av_one_full  flex_column_div av-zero-column-padding first  avia-builder-el-4  el_after_av_one_full  el_before_av_hr  column-top-margin\" style='border-radius:0px; '><section class=\"av_textblock_section \"  itemscope=\"itemscope\" itemtype=\"https:\/\/schema.org\/BlogPosting\" itemprop=\"blogPost\" ><div class='avia_textblock  '   itemprop=\"text\" ><p style=\"font-weight: 400; text-align: justify;\"><em>Intensa jornada de trabajo desarrollada este jueves fue encabezada por el Delegado Presidencial Regional de Ays\u00e9n, Rodrigo Araya y el presidente de Aremu, Luperciano Mu\u00f1oz.<\/em><\/p>\n<p style=\"font-weight: 400; text-align: justify;\">El alza en las inversiones del sector p\u00fablico durante los a\u00f1os 2023 y 2024 en la Regi\u00f3n de Ays\u00e9n destac\u00f3 en una jornada de trabajo organizada por la Delegaci\u00f3n Presidencial Regional de Ays\u00e9n con la Asociaci\u00f3n Regional de Municipalidades (AREMU), desarrollada durante este jueves en el Centro Cultural de Coyhaique.<\/p>\n<p style=\"font-weight: 400; text-align: justify;\">La instancia fue encabezada por el Delegado Rodrigo Araya y el presidente de Aremu, Luperciano Mu\u00f1oz, junto a los alcaldes de Lago Verde, Nelson Opazo; Cisnes, Francisco Roncagliolo; Ib\u00e1\u00f1ez, Juan Saldivia; y Cochrane, Jorge Calder\u00f3n.<\/p>\n<p style=\"font-weight: 400; text-align: justify;\">Las \u00e1reas analizadas correspondieron a Transportes y Telecomunicaciones; Desarrollo Regional y Administrativo (Subdere); Econom\u00eda, Fomento y Turismo; Obras P\u00fablicas; Educaci\u00f3n y Vivienda y Urbanismo, con presentaciones a cargo de los secretarios regionales ministeriales y directivos.<\/p>\n<p style=\"font-weight: 400; text-align: justify;\">\u201cDesde mayo a\u00a0 la fecha, hemos tenido una buena cantidad de licitaciones de obras y a fin de a\u00f1o se han concentrado muchas licitaciones tambi\u00e9n, lo que significa que vamos a tener un primer semestre del pr\u00f3ximo a\u00f1o de instalaci\u00f3n de obras en todo el territorio. Se trata de obras importantes consideradas en el Plan de Conectividad Integral comprometido por nuestro Presidente a principios de este a\u00f1o, en todo el territorio y donde el compromiso no es s\u00f3lo construir pavimentos en la Ruta 7, sino que mejorar caminos secundarios\u201d, destac\u00f3 Rodrigo Araya.<\/p>\n<p style=\"font-weight: 400; text-align: justify;\">Luperciano Mu\u00f1oz coincidi\u00f3 en valorar la informaci\u00f3n en torno al estado de desarrollo de obras estrat\u00e9gicas para comunas y localidades de la regi\u00f3n.<\/p>\n<p style=\"font-weight: 400; text-align: justify;\">\u201cLa reactivaci\u00f3n de la nueva licitaci\u00f3n de la continuaci\u00f3n del aer\u00f3dromo de Chile Chico es muy importante para nosotros y hay m\u00e1s de mil millones para licitar. Conforme con la reuni\u00f3n, hacemos una buena alianza informativa y, por supuesto, para cursar informaci\u00f3n y proyectar las inversiones y tener soluci\u00f3n a los problemas comunales o locales que representamos como alcaldes de la Aremu, as\u00ed es que agradecer al Delegado Presidencial Regional, a los seremis y directores y seguir trimestralmente haciendo este tipo de encuentros\u201d, destac\u00f3.<\/p>\n<p style=\"font-weight: 400; text-align: justify;\">A\u00f1adi\u00f3 que \u201cnos vamos muy contentos con las inversiones se van a hacer, es decir, doble tratamiento asf\u00e1ltico, se van a incorporar muchos tramos: el callej\u00f3n don Gabriel, camino al aer\u00f3dromo, callej\u00f3n Falc\u00f3n, Bah\u00eda Jara, pampa La Perra, sector el Maqui hacia Guadal y licitaci\u00f3n desde Guadal al cruce, son avances importantes que nos mejoran la calidad de vida y son cosas que se ven\u00edan pidiendo hace muchos a\u00f1os, as\u00ed es que se consideren esos pedidos para nosotros es muy importante\u201d.<\/p>\n<p style=\"font-weight: 400; text-align: justify;\">Solo el Ministerio de Obras P\u00fablicas trabaja en la ejecuci\u00f3n de un presupuesto sectorial de m\u00e1s de 80 mil millones de pesos, donde destaca la ampliaci\u00f3n de la Caleta de Pescadores de Melinka.<\/p>\n<p style=\"font-weight: 400; text-align: justify;\">En servicios de conectividad para zonas aisladas y servicios escolares, la inversi\u00f3n anual regional alcanza a los 15 mil millones de pesos del Ministerio de Transportes y Telecomunicaciones. Adem\u00e1s, est\u00e1n el Plan de Emergencia Habitacional y la construcci\u00f3n del Parque Urbano de Cochrane a cargo del Ministerio de Vivienda y Urbanismo; la conservaci\u00f3n de establecimientos mediante el Plan de Reactivaci\u00f3n Educativa y el Programa Mejoramiento Urbano y Programa Mejoramiento de Barrios, entre otros.<\/p>\n<\/div><\/section><\/div><div  style='height:50px' class='hr hr-invisible   avia-builder-el-6  el_after_av_one_full  el_before_av_social_share '><span class='hr-inner ' ><span class='hr-inner-style'><\/span><\/span><\/div><\/p>\n<div  class='av-social-sharing-box  avia-builder-el-7  el_after_av_hr  el_before_av_hr  '><div class='av-share-box'><h5 class='av-share-link-description av-no-toc '>Compartir esta noticia<\/h5><ul class='av-share-box-list noLightbox'><li class='av-share-link av-social-link-facebook' ><a target=\"_blank\" aria-label=\"Compartir en Facebook\" href='https:\/\/www.facebook.com\/sharer.php?u=https:\/\/radiorevelacionfm.cl\/?p=37332&#038;t=Mayor%20inversi%C3%B3n%20p%C3%BAblica%20en%20Ays%C3%A9n%20destacan%20Delegado%20Regional%20y%20Asociaci%C3%B3n%20de%20Municipalidades' aria-hidden='false' data-av_icon='\ue8f3' data-av_iconfont='entypo-fontello' title='' data-avia-related-tooltip='Compartir en Facebook' rel=\"noopener\"><span class='avia_hidden_link_text'>Compartir en Facebook<\/span><\/a><\/li><li class='av-share-link av-social-link-twitter' ><a target=\"_blank\" aria-label=\"Compartir en Twitter\" href='https:\/\/twitter.com\/share?text=Mayor%20inversi%C3%B3n%20p%C3%BAblica%20en%20Ays%C3%A9n%20destacan%20Delegado%20Regional%20y%20Asociaci%C3%B3n%20de%20Municipalidades&#038;url=https:\/\/radiorevelacionfm.cl\/?p=37332' aria-hidden='false' data-av_icon='\ue8f1' data-av_iconfont='entypo-fontello' title='' data-avia-related-tooltip='Compartir en Twitter' rel=\"noopener\"><span class='avia_hidden_link_text'>Compartir en Twitter<\/span><\/a><\/li><li class='av-share-link av-social-link-whatsapp' ><a target=\"_blank\" aria-label=\"Compartir en Whatsapp\" href='https:\/\/api.whatsapp.com\/send?text=https:\/\/radiorevelacionfm.cl\/?p=37332' aria-hidden='false' data-av_icon='\uf232' data-av_iconfont='entypo-fontello' title='' data-avia-related-tooltip='Compartir en Whatsapp' rel=\"noopener\"><span class='avia_hidden_link_text'>Compartir en Whatsapp<\/span><\/a><\/li><li class='av-share-link av-social-link-linkedin' ><a target=\"_blank\" aria-label=\"Compartir en LinkedIn\" href='https:\/\/linkedin.com\/shareArticle?mini=true&#038;title=Mayor%20inversi%C3%B3n%20p%C3%BAblica%20en%20Ays%C3%A9n%20destacan%20Delegado%20Regional%20y%20Asociaci%C3%B3n%20de%20Municipalidades&#038;url=https:\/\/radiorevelacionfm.cl\/?p=37332' aria-hidden='false' data-av_icon='\ue8fc' data-av_iconfont='entypo-fontello' title='' data-avia-related-tooltip='Compartir en LinkedIn' rel=\"noopener\"><span class='avia_hidden_link_text'>Compartir en LinkedIn<\/span><\/a><\/li><li class='av-share-link av-social-link-mail' ><a  aria-label=\"Compartir por correo\" href='mailto:?subject=Mayor%20inversi%C3%B3n%20p%C3%BAblica%20en%20Ays%C3%A9n%20destacan%20Delegado%20Regional%20y%20Asociaci%C3%B3n%20de%20Municipalidades&#038;body=https:\/\/radiorevelacionfm.cl\/?p=37332' aria-hidden='false' data-av_icon='\ue805' data-av_iconfont='entypo-fontello' title='' data-avia-related-tooltip='Compartir por correo'><span class='avia_hidden_link_text'>Compartir por correo<\/span><\/a><\/li><\/ul><\/div><\/div>\n<div  style='height:50px' class='hr hr-invisible   avia-builder-el-8  el_after_av_social_share  el_before_av_comments_list '><span class='hr-inner ' ><span class='hr-inner-style'><\/span><\/span><\/div>\n<div  class='av-buildercomment  av-blog-meta-html-info-disabled av-blog-meta-tag-disabled  '><\/div>\n","protected":false},"excerpt":{"rendered":"","protected":false},"author":1,"featured_media":37333,"comment_status":"open","ping_status":"open","sticky":false,"template":"","format":"standard","meta":{"footnotes":""},"categories":[38],"tags":[],"class_list":["post-37332","post","type-post","status-publish","format-standard","has-post-thumbnail","hentry","category-regional"],"jetpack_featured_media_url":"https:\/\/radiorevelacionfm.cl\/wp-content\/uploads\/2023\/11\/02-7-3_optimized.jpg","_links":{"self":[{"href":"https:\/\/radiorevelacionfm.cl\/index.php?rest_route=\/wp\/v2\/posts\/37332","targetHints":{"allow":["GET"]}}],"collection":[{"href":"https:\/\/radiorevelacionfm.cl\/index.php?rest_route=\/wp\/v2\/posts"}],"about":[{"href":"https:\/\/radiorevelacionfm.cl\/index.php?rest_route=\/wp\/v2\/types\/post"}],"author":[{"embeddable":true,"href":"https:\/\/radiorevelacionfm.cl\/index.php?rest_route=\/wp\/v2\/users\/1"}],"replies":[{"embeddable":true,"href":"https:\/\/radiorevelacionfm.cl\/index.php?rest_route=%2Fwp%2Fv2%2Fcomments&post=37332"}],"version-history":[{"count":1,"href":"https:\/\/radiorevelacionfm.cl\/index.php?rest_route=\/wp\/v2\/posts\/37332\/revisions"}],"predecessor-version":[{"id":37334,"href":"https:\/\/radiorevelacionfm.cl\/index.php?rest_route=\/wp\/v2\/posts\/37332\/revisions\/37334"}],"wp:featuredmedia":[{"embeddable":true,"href":"https:\/\/radiorevelacionfm.cl\/index.php?rest_route=\/wp\/v2\/media\/37333"}],"wp:attachment":[{"href":"https:\/\/radiorevelacionfm.cl\/index.php?rest_route=%2Fwp%2Fv2%2Fmedia&parent=37332"}],"wp:term":[{"taxonomy":"category","embeddable":true,"href":"https:\/\/radiorevelacionfm.cl\/index.php?rest_route=%2Fwp%2Fv2%2Fcategories&post=37332"},{"taxonomy":"post_tag","embeddable":true,"href":"https:\/\/radiorevelacionfm.cl\/index.php?rest_route=%2Fwp%2Fv2%2Ftags&post=37332"}],"curies":[{"name":"wp","href":"https:\/\/api.w.org\/{rel}","templated":true}]}}