{"id":37312,"date":"2023-11-24T13:25:45","date_gmt":"2023-11-24T16:25:45","guid":{"rendered":"https:\/\/radiorevelacionfm.cl\/?p=37312"},"modified":"2023-11-24T13:25:45","modified_gmt":"2023-11-24T16:25:45","slug":"exito-de-la-campana-patagonia-ponte-las-pilas-de-edelaysen-ultimos-dias-para-contribuir-a-la-sustentabilidad-ambiental","status":"publish","type":"post","link":"https:\/\/radiorevelacionfm.cl\/?p=37312","title":{"rendered":"\u00c9xito de la campa\u00f1a \u201cPatagonia ponte las Pilas\u201d de Edelaysen: \u00faltimos d\u00edas para contribuir a la sustentabilidad ambiental"},"content":{"rendered":"<div class=\"flex_column av_one_full  flex_column_div av-zero-column-padding first  avia-builder-el-0  el_before_av_one_full  avia-builder-el-first  \" style='border-radius:0px; '><div  class='avia-image-container  av-styling-    avia-builder-el-1  avia-builder-el-no-sibling  avia-align-center '  itemprop=\"image\" itemscope=\"itemscope\" itemtype=\"https:\/\/schema.org\/ImageObject\"  ><div class='avia-image-container-inner'><div class='avia-image-overlay-wrap'><img decoding=\"async\" class='wp-image-37319 avia-img-lazy-loading-not-37319 avia_image' src=\"https:\/\/radiorevelacionfm.cl\/wp-content\/uploads\/2023\/11\/no-pilass-_2_-1_optimized-1.jpg\" alt='' title='no-pilass-_2_-(1)_optimized (1)' height=\"600\" width=\"863\"  itemprop=\"thumbnailUrl\" srcset=\"https:\/\/radiorevelacionfm.cl\/wp-content\/uploads\/2023\/11\/no-pilass-_2_-1_optimized-1.jpg 863w, https:\/\/radiorevelacionfm.cl\/wp-content\/uploads\/2023\/11\/no-pilass-_2_-1_optimized-1-300x209.jpg 300w, https:\/\/radiorevelacionfm.cl\/wp-content\/uploads\/2023\/11\/no-pilass-_2_-1_optimized-1-768x534.jpg 768w, https:\/\/radiorevelacionfm.cl\/wp-content\/uploads\/2023\/11\/no-pilass-_2_-1_optimized-1-705x490.jpg 705w, https:\/\/radiorevelacionfm.cl\/wp-content\/uploads\/2023\/11\/no-pilass-_2_-1_optimized-1-450x313.jpg 450w, https:\/\/radiorevelacionfm.cl\/wp-content\/uploads\/2023\/11\/no-pilass-_2_-1_optimized-1-600x417.jpg 600w\" sizes=\"(max-width: 863px) 100vw, 863px\" \/><\/div><\/div><\/div><\/div><div class=\"flex_column av_one_full  flex_column_div av-zero-column-padding first  avia-builder-el-2  el_after_av_one_full  el_before_av_one_full  column-top-margin\" style='border-radius:0px; '><section class=\"av_textblock_section \"  itemscope=\"itemscope\" itemtype=\"https:\/\/schema.org\/BlogPosting\" itemprop=\"blogPost\" ><div class='avia_textblock  '   itemprop=\"text\" ><p style=\"text-align: center;\"><strong><span style=\"font-size: 18pt;\">\u00c9xito de la campa\u00f1a \u201cPatagonia ponte las Pilas\u201d de Edelaysen: \u00faltimos d\u00edas para contribuir a la sustentabilidad ambiental<\/span><\/strong><\/p>\n<div id=\"gtx-trans\" style=\"position: absolute; left: -50px; top: 4.31534px;\">\n<div class=\"gtx-trans-icon\"><\/div>\n<\/div>\n<\/div><\/section><\/div><\/p>\n<div class=\"flex_column av_one_full  flex_column_div av-zero-column-padding first  avia-builder-el-4  el_after_av_one_full  el_before_av_hr  column-top-margin\" style='border-radius:0px; '><section class=\"av_textblock_section \"  itemscope=\"itemscope\" itemtype=\"https:\/\/schema.org\/BlogPosting\" itemprop=\"blogPost\" ><div class='avia_textblock  '   itemprop=\"text\" ><p style=\"text-align: justify;\"><em>La iniciativa de recolecci\u00f3n de pilas en desuso de Edelaysen estar\u00e1 vigente hasta el 30 de noviembre y marca un hito en la participaci\u00f3n comunitaria. <\/em><\/p>\n<p style=\"text-align: justify;\">La iniciativa es parte de la campa\u00f1a de Grupo Saesa que impulsa la promoci\u00f3n en la sustentabilidad y cuidado del medio ambiente, donde para Edelaysen, el desarrollo de la iniciativa cont\u00f3 con la activa participaci\u00f3n de las comunidades de Chait\u00e9n, Coyhaique, Puerto Ays\u00e9n, Puyuhuapi, Ma\u00f1ihuales y Chile Chico principalmente.<\/p>\n<p style=\"text-align: justify;\">El jefe de Servicio al Cliente de Edelaysen, Patricio Raimilla, destaca la importancia de este logro \u201cLa respuesta de la comunidad ha sido muy satisfactoria, estamos agradecidos por el compromiso mostrado hasta ahora por parte de los ni\u00f1os de cada establecimiento y tambi\u00e9n funcionarios de las distintas instituciones p\u00fablicas. Quedan pocos d\u00edas para contribuir, por lo que el llamado es para que se motiven y apoyen esta cruzada; cada pila cuenta en nuestro esfuerzo por la sustentabilidad regional\u201d.<\/p>\n<p style=\"text-align: justify;\">Por su parte, Brigida Oyarzo, t\u00eda monitora de la Escuelita de F\u00fatbol San Francisco de Ma\u00f1ihuales\u00a0 destac\u00f3 \u201cPara nosotros es un agrado participar y unirnos a esta campa\u00f1a por segundo a\u00f1o consecutivo, ya que la importancia que tiene recolectar las pilas y que ya no se vayan a la tierra a contaminar es muy importante, relevante y lo realizamos con mucho gusto y entusiasmo en la localidad de Ma\u00f1ihuales. Este a\u00f1o superamos la meta y juntamos 887 pilas, fue un trabajo extenso, muy comprometido, de harta responsabilidad de los ni\u00f1os y de sus familias tambi\u00e9n\u201d.<\/p>\n<p style=\"text-align: justify;\">Este 30 de noviembre es la fecha l\u00edmite para la campa\u00f1a, Edelaysen invita a la comunidad a participar activamente y depositar sus pilas en los puntos de recolecci\u00f3n estrat\u00e9gicos dispuestos en toda la regi\u00f3n. De acuerdo con ello, se espera que estos \u00faltimos d\u00edas sean un impulso final para lograr un impacto a\u00fan mayor en la gesti\u00f3n adecuada de pilas en desuso.<\/p>\n<p style=\"text-align: justify;\">Para obtener m\u00e1s detalles sobre la campa\u00f1a \u201cPatagonia ponte las Pilas\u201d y conocer los lugares de recolecci\u00f3n, pueden consultar a los canales oficiales de Edelaysen como p\u00e1gina web <a href=\"https:\/\/web.gruposaesa.cl\/en\/w\/no-pilas\">https:\/\/web.gruposaesa.cl\/en\/w\/no-pilas<\/a> o comunicarse con el servicio de atenci\u00f3n al cliente en su l\u00ednea gratuita 800 600 803.<\/p>\n<p style=\"text-align: justify;\"><strong>\u00a0<\/strong><\/p>\n<p style=\"text-align: justify;\"><strong>\u00a0<\/strong><\/p>\n<p style=\"text-align: justify;\"><strong>\u00a0<\/strong><\/p>\n<\/div><\/section><\/div>\n<div  style='height:50px' class='hr hr-invisible   avia-builder-el-6  el_after_av_one_full  el_before_av_social_share '><span class='hr-inner ' ><span class='hr-inner-style'><\/span><\/span><\/div>\n<div  class='av-social-sharing-box  avia-builder-el-7  el_after_av_hr  el_before_av_hr  '><div class='av-share-box'><h5 class='av-share-link-description av-no-toc '>Compartir esta noticia<\/h5><ul class='av-share-box-list noLightbox'><li class='av-share-link av-social-link-facebook' ><a target=\"_blank\" aria-label=\"Compartir en Facebook\" href='https:\/\/www.facebook.com\/sharer.php?u=https:\/\/radiorevelacionfm.cl\/?p=37312&#038;t=%C3%89xito%20de%20la%20campa%C3%B1a%20%E2%80%9CPatagonia%20ponte%20las%20Pilas%E2%80%9D%20de%20Edelaysen%3A%20%C3%BAltimos%20d%C3%ADas%20para%20contribuir%20a%20la%20sustentabilidad%20ambiental' aria-hidden='false' data-av_icon='\ue8f3' data-av_iconfont='entypo-fontello' title='' data-avia-related-tooltip='Compartir en Facebook' rel=\"noopener\"><span class='avia_hidden_link_text'>Compartir en Facebook<\/span><\/a><\/li><li class='av-share-link av-social-link-twitter' ><a target=\"_blank\" aria-label=\"Compartir en Twitter\" href='https:\/\/twitter.com\/share?text=%C3%89xito%20de%20la%20campa%C3%B1a%20%E2%80%9CPatagonia%20ponte%20las%20Pilas%E2%80%9D%20de%20Edelaysen%3A%20%C3%BAltimos%20d%C3%ADas%20para%20contribuir%20a%20la%20sustentabilidad%20ambiental&#038;url=https:\/\/radiorevelacionfm.cl\/?p=37312' aria-hidden='false' data-av_icon='\ue8f1' data-av_iconfont='entypo-fontello' title='' data-avia-related-tooltip='Compartir en Twitter' rel=\"noopener\"><span class='avia_hidden_link_text'>Compartir en Twitter<\/span><\/a><\/li><li class='av-share-link av-social-link-whatsapp' ><a target=\"_blank\" aria-label=\"Compartir en Whatsapp\" href='https:\/\/api.whatsapp.com\/send?text=https:\/\/radiorevelacionfm.cl\/?p=37312' aria-hidden='false' data-av_icon='\uf232' data-av_iconfont='entypo-fontello' title='' data-avia-related-tooltip='Compartir en Whatsapp' rel=\"noopener\"><span class='avia_hidden_link_text'>Compartir en Whatsapp<\/span><\/a><\/li><li class='av-share-link av-social-link-linkedin' ><a target=\"_blank\" aria-label=\"Compartir en LinkedIn\" href='https:\/\/linkedin.com\/shareArticle?mini=true&#038;title=%C3%89xito%20de%20la%20campa%C3%B1a%20%E2%80%9CPatagonia%20ponte%20las%20Pilas%E2%80%9D%20de%20Edelaysen%3A%20%C3%BAltimos%20d%C3%ADas%20para%20contribuir%20a%20la%20sustentabilidad%20ambiental&#038;url=https:\/\/radiorevelacionfm.cl\/?p=37312' aria-hidden='false' data-av_icon='\ue8fc' data-av_iconfont='entypo-fontello' title='' data-avia-related-tooltip='Compartir en LinkedIn' rel=\"noopener\"><span class='avia_hidden_link_text'>Compartir en LinkedIn<\/span><\/a><\/li><li class='av-share-link av-social-link-mail' ><a  aria-label=\"Compartir por correo\" href='mailto:?subject=%C3%89xito%20de%20la%20campa%C3%B1a%20%E2%80%9CPatagonia%20ponte%20las%20Pilas%E2%80%9D%20de%20Edelaysen%3A%20%C3%BAltimos%20d%C3%ADas%20para%20contribuir%20a%20la%20sustentabilidad%20ambiental&#038;body=https:\/\/radiorevelacionfm.cl\/?p=37312' aria-hidden='false' data-av_icon='\ue805' data-av_iconfont='entypo-fontello' title='' data-avia-related-tooltip='Compartir por correo'><span class='avia_hidden_link_text'>Compartir por correo<\/span><\/a><\/li><\/ul><\/div><\/div>\n<div  style='height:50px' class='hr hr-invisible   avia-builder-el-8  el_after_av_social_share  el_before_av_comments_list '><span class='hr-inner ' ><span class='hr-inner-style'><\/span><\/span><\/div>\n<div  class='av-buildercomment  av-blog-meta-html-info-disabled av-blog-meta-tag-disabled  '><\/div>\n","protected":false},"excerpt":{"rendered":"","protected":false},"author":1,"featured_media":37319,"comment_status":"open","ping_status":"open","sticky":false,"template":"","format":"standard","meta":{"footnotes":""},"categories":[38],"tags":[],"class_list":["post-37312","post","type-post","status-publish","format-standard","has-post-thumbnail","hentry","category-regional"],"jetpack_featured_media_url":"https:\/\/radiorevelacionfm.cl\/wp-content\/uploads\/2023\/11\/no-pilass-_2_-1_optimized-1.jpg","_links":{"self":[{"href":"https:\/\/radiorevelacionfm.cl\/index.php?rest_route=\/wp\/v2\/posts\/37312","targetHints":{"allow":["GET"]}}],"collection":[{"href":"https:\/\/radiorevelacionfm.cl\/index.php?rest_route=\/wp\/v2\/posts"}],"about":[{"href":"https:\/\/radiorevelacionfm.cl\/index.php?rest_route=\/wp\/v2\/types\/post"}],"author":[{"embeddable":true,"href":"https:\/\/radiorevelacionfm.cl\/index.php?rest_route=\/wp\/v2\/users\/1"}],"replies":[{"embeddable":true,"href":"https:\/\/radiorevelacionfm.cl\/index.php?rest_route=%2Fwp%2Fv2%2Fcomments&post=37312"}],"version-history":[{"count":2,"href":"https:\/\/radiorevelacionfm.cl\/index.php?rest_route=\/wp\/v2\/posts\/37312\/revisions"}],"predecessor-version":[{"id":37320,"href":"https:\/\/radiorevelacionfm.cl\/index.php?rest_route=\/wp\/v2\/posts\/37312\/revisions\/37320"}],"wp:featuredmedia":[{"embeddable":true,"href":"https:\/\/radiorevelacionfm.cl\/index.php?rest_route=\/wp\/v2\/media\/37319"}],"wp:attachment":[{"href":"https:\/\/radiorevelacionfm.cl\/index.php?rest_route=%2Fwp%2Fv2%2Fmedia&parent=37312"}],"wp:term":[{"taxonomy":"category","embeddable":true,"href":"https:\/\/radiorevelacionfm.cl\/index.php?rest_route=%2Fwp%2Fv2%2Fcategories&post=37312"},{"taxonomy":"post_tag","embeddable":true,"href":"https:\/\/radiorevelacionfm.cl\/index.php?rest_route=%2Fwp%2Fv2%2Ftags&post=37312"}],"curies":[{"name":"wp","href":"https:\/\/api.w.org\/{rel}","templated":true}]}}