{"id":37309,"date":"2023-11-23T20:17:20","date_gmt":"2023-11-23T23:17:20","guid":{"rendered":"https:\/\/radiorevelacionfm.cl\/?p=37309"},"modified":"2023-11-23T20:17:20","modified_gmt":"2023-11-23T23:17:20","slug":"patagonia-en-escena-cierra-su-festival-de-teatro-2023-en-la-region-de-aysen","status":"publish","type":"post","link":"https:\/\/radiorevelacionfm.cl\/?p=37309","title":{"rendered":"Patagonia en Escena cierra su festival de teatro 2023 en la regi\u00f3n de Ays\u00e9n"},"content":{"rendered":"<div class=\"flex_column av_one_full  flex_column_div av-zero-column-padding first  avia-builder-el-0  el_before_av_one_full  avia-builder-el-first  \" style='border-radius:0px; '><div  class='avia-image-container  av-styling-    avia-builder-el-1  avia-builder-el-no-sibling  avia-align-center '  itemprop=\"image\" itemscope=\"itemscope\" itemtype=\"https:\/\/schema.org\/ImageObject\"  ><div class='avia-image-container-inner'><div class='avia-image-overlay-wrap'><img decoding=\"async\" class='wp-image-37310 avia-img-lazy-loading-not-37310 avia_image' src=\"https:\/\/radiorevelacionfm.cl\/wp-content\/uploads\/2023\/11\/teatro1-2_optimized.jpg\" alt='' title='teatro1-(2)_optimized' height=\"600\" width=\"900\"  itemprop=\"thumbnailUrl\" srcset=\"https:\/\/radiorevelacionfm.cl\/wp-content\/uploads\/2023\/11\/teatro1-2_optimized.jpg 900w, https:\/\/radiorevelacionfm.cl\/wp-content\/uploads\/2023\/11\/teatro1-2_optimized-300x200.jpg 300w, https:\/\/radiorevelacionfm.cl\/wp-content\/uploads\/2023\/11\/teatro1-2_optimized-768x512.jpg 768w, https:\/\/radiorevelacionfm.cl\/wp-content\/uploads\/2023\/11\/teatro1-2_optimized-705x470.jpg 705w, https:\/\/radiorevelacionfm.cl\/wp-content\/uploads\/2023\/11\/teatro1-2_optimized-450x300.jpg 450w, https:\/\/radiorevelacionfm.cl\/wp-content\/uploads\/2023\/11\/teatro1-2_optimized-600x400.jpg 600w\" sizes=\"(max-width: 900px) 100vw, 900px\" \/><\/div><\/div><\/div><\/div><div class=\"flex_column av_one_full  flex_column_div av-zero-column-padding first  avia-builder-el-2  el_after_av_one_full  el_before_av_one_full  column-top-margin\" style='border-radius:0px; '><section class=\"av_textblock_section \"  itemscope=\"itemscope\" itemtype=\"https:\/\/schema.org\/BlogPosting\" itemprop=\"blogPost\" ><div class='avia_textblock  '   itemprop=\"text\" ><p style=\"text-align: center;\"><strong><span style=\"font-size: 18pt;\">Patagonia en Escena cierra su festival de teatro 2023 en la regi\u00f3n de Ays\u00e9n<\/span><\/strong><\/p>\n<div id=\"gtx-trans\" style=\"position: absolute; left: -50px; top: 4.31534px;\">\n<div class=\"gtx-trans-icon\"><\/div>\n<\/div>\n<\/div><\/section><\/div><div class=\"flex_column av_one_full  flex_column_div av-zero-column-padding first  avia-builder-el-4  el_after_av_one_full  el_before_av_hr  column-top-margin\" style='border-radius:0px; '><section class=\"av_textblock_section \"  itemscope=\"itemscope\" itemtype=\"https:\/\/schema.org\/BlogPosting\" itemprop=\"blogPost\" ><div class='avia_textblock  '   itemprop=\"text\" ><p style=\"text-align: justify;\">Con 8 obras montajes, 15 funciones, 4 instancias formativas y un p\u00fablico estimado de 3.000 personas, culmin\u00f3 una nueva versi\u00f3n del festival de teatro \u201cPatagonia en Escena\u201d.<\/p>\n<p style=\"text-align: justify;\">Organizado por Malotun Ortiga, el festival \u201cPatagonia en Escena\u201d trajo nuevamente el teatro a la Regi\u00f3n de Ays\u00e9n, de manera gratuita, con funciones en Coyhaique, Balmaceda y Puerto Ays\u00e9n, y de una factura a la altura de los m\u00e1s prestigiosos festivales nacionales.<\/p>\n<p style=\"text-align: justify;\">En esta duod\u00e9cima versi\u00f3n, que cont\u00f3 con el financiamiento del Gobierno Regional de Ays\u00e9n y Su Consejo; el Ministerio de las Culturas, las Artes y el Patrimonio; y la Municipalidad de Coyhaique, adem\u00e1s del aporte de otras instituciones, peque\u00f1as empresas y voluntariado; se presentaron compa\u00f1\u00edas de distintas regiones el pa\u00eds y locales, con obras que abordaron tem\u00e1ticas dirigidas a diversos p\u00fablicos: la muerte de un ser querido, los derechos humanos, la protecci\u00f3n del medio ambiente, la violencia de g\u00e9nero, la amistad y la apertura a la diversidad cultural. El festival cerr\u00f3 con \u201cLos H\u00e4pe\u201d, obra que termin\u00f3 con la mitad del p\u00fablico arriba del escenario. Adem\u00e1s, se realizaron talleres de formaci\u00f3n en artes esc\u00e9nicas, manipulaci\u00f3n de t\u00edteres y apreciaci\u00f3n teatral, los que fueron valorados los asistentes, agradeciendo est\u00e1s instancias, que sobrepasan la sola visualizaci\u00f3n de las obras.<\/p>\n<p style=\"text-align: justify;\">Ver\u00f3nica Ibieta, directora del festival, valor\u00f3 la participaci\u00f3n del p\u00fablico y destac\u00f3, entre otras cosas, las presentaciones realizadas fuera de la ciudad de Coyhaique y aquellas dirigidas exclusivamente a establecimientos educacionales, algo ya tradicional en esta iniciativa: \u201cValoramos mucho la participaci\u00f3n de la comunidad en esta 12\u00aa versi\u00f3n, en especial en las instancias de mediaci\u00f3n art\u00edstica, donde muchas personas pudieron expresar sus apreciaciones sobre la experiencia teatral vivenciada, en espacios que fueron especialmente creados para aquello. Destacamos tambi\u00e9n los esfuerzos para descentralizar las Artes Esc\u00e9nicas y llegar a nuevos p\u00fablicos, programando 5 funciones fuera de Coyhaique y 2 funciones exclusivas para j\u00f3venes de establecimientos educacionales, lo que esperamos favorezca la formaci\u00f3n de audiencias a nivel local\u201d.<\/p>\n<p style=\"text-align: justify;\"><strong>Patagonia en Escena<\/strong><\/p>\n<p style=\"text-align: justify;\">El festival de teatro Patagonia en Escena, gestionado y producido por la organizaci\u00f3n cultural comunitaria Malotun Ortiga, se ha desarrollado durante doce a\u00f1os, ininterrumpidamente, incluyendo el a\u00f1o de la emergencia sanitaria por el Covid-19, donde se realiz\u00f3 de manera virtual a trav\u00e9s de sus redes sociales. Sobre la trayectoria de esta importante iniciativa de artes esc\u00e9nicas, Melissa Vallejos, presidenta de la agrupaci\u00f3n indic\u00f3 que: \u201cComenzamos, como agrupaci\u00f3n, pensando en hacer un festival de teatro, pero iniciamos nuestro caminar con una itinerantica teatral por varias partes de la Regi\u00f3n de Ays\u00e9n. En el segundo a\u00f1o concretamos la idea principal: \u201cFestival de Teatro Patagonia en Escena\u201d, trabajamos en el Cine Coyhaique, en la Biblioteca Regional y en varias sedes vecinales y as\u00ed continuamos ocupando los espacios. Ya vamos en el duod\u00e9cima versi\u00f3n, ahora, en el Centro Cultural Coyhaique y Museo Regional, seguimos en sedes vecinales como tambi\u00e9n salimos de la capital regional para compartir esta oportunidad de ver teatro\u2026 nos encanta, nos hace felices y seguiremos so\u00f1ando en compartir las artes esc\u00e9nicas con nuestro principio que es la acci\u00f3n cultural comunitaria.<\/p>\n<p style=\"text-align: justify;\">Finalmente, los organizadores agradecieron el apoyo del p\u00fablico y todas las instancias que, a\u00f1o a a\u00f1o, hacen posible este festival, que ha logrado posicionarse como uno de los m\u00e1s importantes a nivel nacional.<\/p>\n<\/div><\/section><\/div><div  style='height:50px' class='hr hr-invisible   avia-builder-el-6  el_after_av_one_full  el_before_av_social_share '><span class='hr-inner ' ><span class='hr-inner-style'><\/span><\/span><\/div><\/p>\n<div  class='av-social-sharing-box  avia-builder-el-7  el_after_av_hr  el_before_av_hr  '><div class='av-share-box'><h5 class='av-share-link-description av-no-toc '>Compartir esta noticia<\/h5><ul class='av-share-box-list noLightbox'><li class='av-share-link av-social-link-facebook' ><a target=\"_blank\" aria-label=\"Compartir en Facebook\" href='https:\/\/www.facebook.com\/sharer.php?u=https:\/\/radiorevelacionfm.cl\/?p=37309&#038;t=Patagonia%20en%20Escena%20cierra%20su%20festival%20de%20teatro%202023%20en%20la%20regi%C3%B3n%20de%20Ays%C3%A9n' aria-hidden='false' data-av_icon='\ue8f3' data-av_iconfont='entypo-fontello' title='' data-avia-related-tooltip='Compartir en Facebook' rel=\"noopener\"><span class='avia_hidden_link_text'>Compartir en Facebook<\/span><\/a><\/li><li class='av-share-link av-social-link-twitter' ><a target=\"_blank\" aria-label=\"Compartir en Twitter\" href='https:\/\/twitter.com\/share?text=Patagonia%20en%20Escena%20cierra%20su%20festival%20de%20teatro%202023%20en%20la%20regi%C3%B3n%20de%20Ays%C3%A9n&#038;url=https:\/\/radiorevelacionfm.cl\/?p=37309' aria-hidden='false' data-av_icon='\ue8f1' data-av_iconfont='entypo-fontello' title='' data-avia-related-tooltip='Compartir en Twitter' rel=\"noopener\"><span class='avia_hidden_link_text'>Compartir en Twitter<\/span><\/a><\/li><li class='av-share-link av-social-link-whatsapp' ><a target=\"_blank\" aria-label=\"Compartir en Whatsapp\" href='https:\/\/api.whatsapp.com\/send?text=https:\/\/radiorevelacionfm.cl\/?p=37309' aria-hidden='false' data-av_icon='\uf232' data-av_iconfont='entypo-fontello' title='' data-avia-related-tooltip='Compartir en Whatsapp' rel=\"noopener\"><span class='avia_hidden_link_text'>Compartir en Whatsapp<\/span><\/a><\/li><li class='av-share-link av-social-link-linkedin' ><a target=\"_blank\" aria-label=\"Compartir en LinkedIn\" href='https:\/\/linkedin.com\/shareArticle?mini=true&#038;title=Patagonia%20en%20Escena%20cierra%20su%20festival%20de%20teatro%202023%20en%20la%20regi%C3%B3n%20de%20Ays%C3%A9n&#038;url=https:\/\/radiorevelacionfm.cl\/?p=37309' aria-hidden='false' data-av_icon='\ue8fc' data-av_iconfont='entypo-fontello' title='' data-avia-related-tooltip='Compartir en LinkedIn' rel=\"noopener\"><span class='avia_hidden_link_text'>Compartir en LinkedIn<\/span><\/a><\/li><li class='av-share-link av-social-link-mail' ><a  aria-label=\"Compartir por correo\" href='mailto:?subject=Patagonia%20en%20Escena%20cierra%20su%20festival%20de%20teatro%202023%20en%20la%20regi%C3%B3n%20de%20Ays%C3%A9n&#038;body=https:\/\/radiorevelacionfm.cl\/?p=37309' aria-hidden='false' data-av_icon='\ue805' data-av_iconfont='entypo-fontello' title='' data-avia-related-tooltip='Compartir por correo'><span class='avia_hidden_link_text'>Compartir por correo<\/span><\/a><\/li><\/ul><\/div><\/div>\n<div  style='height:50px' class='hr hr-invisible   avia-builder-el-8  el_after_av_social_share  el_before_av_comments_list '><span class='hr-inner ' ><span class='hr-inner-style'><\/span><\/span><\/div>\n<div  class='av-buildercomment  av-blog-meta-html-info-disabled av-blog-meta-tag-disabled  '><\/div>\n","protected":false},"excerpt":{"rendered":"","protected":false},"author":1,"featured_media":37310,"comment_status":"open","ping_status":"open","sticky":false,"template":"","format":"standard","meta":{"footnotes":""},"categories":[52],"tags":[],"class_list":["post-37309","post","type-post","status-publish","format-standard","has-post-thumbnail","hentry","category-cultura"],"jetpack_featured_media_url":"https:\/\/radiorevelacionfm.cl\/wp-content\/uploads\/2023\/11\/teatro1-2_optimized.jpg","_links":{"self":[{"href":"https:\/\/radiorevelacionfm.cl\/index.php?rest_route=\/wp\/v2\/posts\/37309","targetHints":{"allow":["GET"]}}],"collection":[{"href":"https:\/\/radiorevelacionfm.cl\/index.php?rest_route=\/wp\/v2\/posts"}],"about":[{"href":"https:\/\/radiorevelacionfm.cl\/index.php?rest_route=\/wp\/v2\/types\/post"}],"author":[{"embeddable":true,"href":"https:\/\/radiorevelacionfm.cl\/index.php?rest_route=\/wp\/v2\/users\/1"}],"replies":[{"embeddable":true,"href":"https:\/\/radiorevelacionfm.cl\/index.php?rest_route=%2Fwp%2Fv2%2Fcomments&post=37309"}],"version-history":[{"count":1,"href":"https:\/\/radiorevelacionfm.cl\/index.php?rest_route=\/wp\/v2\/posts\/37309\/revisions"}],"predecessor-version":[{"id":37311,"href":"https:\/\/radiorevelacionfm.cl\/index.php?rest_route=\/wp\/v2\/posts\/37309\/revisions\/37311"}],"wp:featuredmedia":[{"embeddable":true,"href":"https:\/\/radiorevelacionfm.cl\/index.php?rest_route=\/wp\/v2\/media\/37310"}],"wp:attachment":[{"href":"https:\/\/radiorevelacionfm.cl\/index.php?rest_route=%2Fwp%2Fv2%2Fmedia&parent=37309"}],"wp:term":[{"taxonomy":"category","embeddable":true,"href":"https:\/\/radiorevelacionfm.cl\/index.php?rest_route=%2Fwp%2Fv2%2Fcategories&post=37309"},{"taxonomy":"post_tag","embeddable":true,"href":"https:\/\/radiorevelacionfm.cl\/index.php?rest_route=%2Fwp%2Fv2%2Ftags&post=37309"}],"curies":[{"name":"wp","href":"https:\/\/api.w.org\/{rel}","templated":true}]}}