{"id":37306,"date":"2023-11-24T10:39:51","date_gmt":"2023-11-24T13:39:51","guid":{"rendered":"https:\/\/radiorevelacionfm.cl\/?p=37306"},"modified":"2023-11-24T10:39:51","modified_gmt":"2023-11-24T13:39:51","slug":"directivos-tp-de-la-region-se-dieron-cita-en-encuentro-de-la-red-futuro-tecnico-aysen","status":"publish","type":"post","link":"https:\/\/radiorevelacionfm.cl\/?p=37306","title":{"rendered":"Directivos TP de la regi\u00f3n se dieron cita en encuentro de la Red Futuro T\u00e9cnico Ays\u00e9n"},"content":{"rendered":"<div class=\"flex_column av_one_full  flex_column_div av-zero-column-padding first  avia-builder-el-0  el_before_av_one_full  avia-builder-el-first  \" style='border-radius:0px; '><div  class='avia-image-container  av-styling-    avia-builder-el-1  avia-builder-el-no-sibling  avia-align-center '  itemprop=\"image\" itemscope=\"itemscope\" itemtype=\"https:\/\/schema.org\/ImageObject\"  ><div class='avia-image-container-inner'><div class='avia-image-overlay-wrap'><img decoding=\"async\" class='wp-image-37307 avia-img-lazy-loading-not-37307 avia_image' src=\"https:\/\/radiorevelacionfm.cl\/wp-content\/uploads\/2023\/11\/encuentro-directivo-rft-aysen-grupal-1_optimized.jpg\" alt='' title='encuentro-directivo-rft-ays\u00e9n-grupal-(1)_optimized' height=\"600\" width=\"957\"  itemprop=\"thumbnailUrl\" srcset=\"https:\/\/radiorevelacionfm.cl\/wp-content\/uploads\/2023\/11\/encuentro-directivo-rft-aysen-grupal-1_optimized.jpg 957w, https:\/\/radiorevelacionfm.cl\/wp-content\/uploads\/2023\/11\/encuentro-directivo-rft-aysen-grupal-1_optimized-300x188.jpg 300w, https:\/\/radiorevelacionfm.cl\/wp-content\/uploads\/2023\/11\/encuentro-directivo-rft-aysen-grupal-1_optimized-768x482.jpg 768w, https:\/\/radiorevelacionfm.cl\/wp-content\/uploads\/2023\/11\/encuentro-directivo-rft-aysen-grupal-1_optimized-705x442.jpg 705w, https:\/\/radiorevelacionfm.cl\/wp-content\/uploads\/2023\/11\/encuentro-directivo-rft-aysen-grupal-1_optimized-450x282.jpg 450w, https:\/\/radiorevelacionfm.cl\/wp-content\/uploads\/2023\/11\/encuentro-directivo-rft-aysen-grupal-1_optimized-600x376.jpg 600w\" sizes=\"(max-width: 957px) 100vw, 957px\" \/><\/div><\/div><\/div><\/div><div class=\"flex_column av_one_full  flex_column_div av-zero-column-padding first  avia-builder-el-2  el_after_av_one_full  el_before_av_one_full  column-top-margin\" style='border-radius:0px; '><section class=\"av_textblock_section \"  itemscope=\"itemscope\" itemtype=\"https:\/\/schema.org\/BlogPosting\" itemprop=\"blogPost\" ><div class='avia_textblock  '   itemprop=\"text\" ><p style=\"text-align: center;\"><strong><span style=\"font-size: 18pt;\">Directivos TP de la regi\u00f3n se dieron cita en encuentro de la Red Futuro T\u00e9cnico Ays\u00e9n <\/span><\/strong><\/p>\n<div id=\"gtx-trans\" style=\"position: absolute; left: -50px; top: 4.31534px;\">\n<div class=\"gtx-trans-icon\"><\/div>\n<\/div>\n<\/div><\/section><\/div><div class=\"flex_column av_one_full  flex_column_div av-zero-column-padding first  avia-builder-el-4  el_after_av_one_full  el_before_av_hr  column-top-margin\" style='border-radius:0px; '><section class=\"av_textblock_section \"  itemscope=\"itemscope\" itemtype=\"https:\/\/schema.org\/BlogPosting\" itemprop=\"blogPost\" ><div class='avia_textblock  '   itemprop=\"text\" ><p style=\"text-align: justify;\">Profesionales, pertenecientes a 10 establecimientos de la Educaci\u00f3n Media T\u00e9cnico Profesional, participaron en Coyhaique del <em>\u201cEncuentro Directivo de la Red Futuro T\u00e9cnico Ays\u00e9n\u201d<\/em>, organizado por ONG Canales, entidad ejecutora del proyecto, con el apoyo del Ministerio de Educaci\u00f3n.<\/p>\n<p style=\"text-align: justify;\">Participaron de la actividad directoras, directores, jefes de Unidad T\u00e9cnica Pedag\u00f3gica (UTP), coordinadores TP y orientadores, entre otros actores del sector Educaci\u00f3n. Seg\u00fan explic\u00f3 Bernardita Lazo, directora regional de ONG Canales, el objetivo de estos encuentros es \u201c<em>propiciar la colaboraci\u00f3n y el trabajo en red, adem\u00e1s de fortalecer el trabajo de los equipos directivos, proporcion\u00e1ndoles herramientas y competencias a los profesionales, para ser aplicadas en sus comunidades educativas<\/em><em>\u201d.<\/em><\/p>\n<p style=\"text-align: justify;\">Para esto, durante la jornada del martes 21 de noviembre en que se desarroll\u00f3 el evento \u2013 realizado en dependencias del Gobierno Regional de Ays\u00e9n \u2013 se llevaron a cabo una serie de actividades. Entre ellas, charlas, talleres, capacitaciones y mesas de trabajo, las cuales estuvieron enfocadas en tem\u00e1ticas tales como liderazgo distribuido y transformacional, adem\u00e1s de la reactivaci\u00f3n educativa y sus tres ejes.<\/p>\n<p style=\"text-align: justify;\"><em>\u201cSiempre es importante la formaci\u00f3n continua <\/em>\u2013 se\u00f1al\u00f3 Loreto Contreras, directora del Liceo Bicentenario Arturo Prat Chac\u00f3n de Puerto Cisnes &#8211; <em>, m\u00e1s a\u00fan en lugares donde la oferta de formaci\u00f3n en educaci\u00f3n no es tan amplia. Sobre todo, contar con una profesional destacada en su \u00e1rea, adem\u00e1s de las autoridades regionales imponi\u00e9ndose de las necesidades de los establecimientos y la posibilidad de compartir con otros liceos TP de la regi\u00f3n son siempre un aporte invaluable a la gesti\u00f3n directiva y al desarrollo profesional directivo de la red\u201d. <\/em><\/p>\n<p style=\"text-align: justify;\"><strong>TRABAJO COLABORATIVO <\/strong><\/p>\n<p style=\"text-align: justify;\">La seremi de Educaci\u00f3n de Ays\u00e9n, Isabel Garrido Casassa, particip\u00f3 activamente en la actividad, donde junto con recibir las inquietudes de directivos TP, valor\u00f3 el trabajo conjunto entre el ministerio y ONG Canales. Particularmente, la puesta en pr\u00e1ctica de esta iniciativa que, seg\u00fan explic\u00f3, <em>\u201ces tremendamente valiosa, ya que la evidencia se\u00f1ala que para ir mejorando la calidad de la educaci\u00f3n, tenemos que favorecer que los equipos de gesti\u00f3n y directivos de los establecimientos tengan la oportunidad de compartir buenas pr\u00e1cticas, de hacer comunidades de aprendizaje(\u2026) Justamente de eso se trat\u00f3 este encuentro directivo con establecimientos t\u00e9cnico profesionales, organizado por ONG Canales, en el marco de un programa de fortalecimiento de nuestra Educaci\u00f3n TP del Ministerio de Educaci\u00f3n\u201d, <\/em>indic\u00f3.<\/p>\n<p style=\"text-align: justify;\">En tanto, la Subdirectora de Apoyo T\u00e9cnico Pedag\u00f3gico del Servicio Local de Educaci\u00f3n P\u00fablica de Ays\u00e9n, Francisca Camus, se\u00f1al\u00f3 sentirse muy agradecidos de haber sido invitados al encuentro de directivos de la Red Futuro T\u00e9cnico. \u201c<em>En este tipo de instancias vemos que se releva la importancia que tiene el trabajo colaborativo, la reflexi\u00f3n, el intercambio de experiencia, lo que sin duda permite a los equipos directivos fortalecer sus competencias como l\u00edderes e impactar directamente en la calidad educativa que entregan en sus respectivos establecimientos<\/em>\u201d.<\/p>\n<p style=\"text-align: justify;\">Cabe se\u00f1alar que, la Red Futuro T\u00e9cnico Ays\u00e9n busca propiciar una cultura de trabajo colaborativo entre los liceos TP del territorio y, a su vez, favorecer las condiciones para una articulaci\u00f3n efectiva y permanente entre los establecimientos con las distintas empresas, instituciones de educaci\u00f3n superior TP, instituciones p\u00fablicas de la regi\u00f3n, entre otras, para que, con una mirada sist\u00e9mica y estrat\u00e9gica, se involucren y colaboren en mejorar la calidad y pertinencia de la Educaci\u00f3n Media TP.<\/p>\n<\/div><\/section><\/div><div  style='height:50px' class='hr hr-invisible   avia-builder-el-6  el_after_av_one_full  el_before_av_social_share '><span class='hr-inner ' ><span class='hr-inner-style'><\/span><\/span><\/div><\/p>\n<div  class='av-social-sharing-box  avia-builder-el-7  el_after_av_hr  el_before_av_hr  '><div class='av-share-box'><h5 class='av-share-link-description av-no-toc '>Compartir esta noticia<\/h5><ul class='av-share-box-list noLightbox'><li class='av-share-link av-social-link-facebook' ><a target=\"_blank\" aria-label=\"Compartir en Facebook\" href='https:\/\/www.facebook.com\/sharer.php?u=https:\/\/radiorevelacionfm.cl\/?p=37306&#038;t=Directivos%20TP%20de%20la%20regi%C3%B3n%20se%20dieron%20cita%20en%20encuentro%20de%20la%20Red%20Futuro%20T%C3%A9cnico%20Ays%C3%A9n' aria-hidden='false' data-av_icon='\ue8f3' data-av_iconfont='entypo-fontello' title='' data-avia-related-tooltip='Compartir en Facebook' rel=\"noopener\"><span class='avia_hidden_link_text'>Compartir en Facebook<\/span><\/a><\/li><li class='av-share-link av-social-link-twitter' ><a target=\"_blank\" aria-label=\"Compartir en Twitter\" href='https:\/\/twitter.com\/share?text=Directivos%20TP%20de%20la%20regi%C3%B3n%20se%20dieron%20cita%20en%20encuentro%20de%20la%20Red%20Futuro%20T%C3%A9cnico%20Ays%C3%A9n&#038;url=https:\/\/radiorevelacionfm.cl\/?p=37306' aria-hidden='false' data-av_icon='\ue8f1' data-av_iconfont='entypo-fontello' title='' data-avia-related-tooltip='Compartir en Twitter' rel=\"noopener\"><span class='avia_hidden_link_text'>Compartir en Twitter<\/span><\/a><\/li><li class='av-share-link av-social-link-whatsapp' ><a target=\"_blank\" aria-label=\"Compartir en Whatsapp\" href='https:\/\/api.whatsapp.com\/send?text=https:\/\/radiorevelacionfm.cl\/?p=37306' aria-hidden='false' data-av_icon='\uf232' data-av_iconfont='entypo-fontello' title='' data-avia-related-tooltip='Compartir en Whatsapp' rel=\"noopener\"><span class='avia_hidden_link_text'>Compartir en Whatsapp<\/span><\/a><\/li><li class='av-share-link av-social-link-linkedin' ><a target=\"_blank\" aria-label=\"Compartir en LinkedIn\" href='https:\/\/linkedin.com\/shareArticle?mini=true&#038;title=Directivos%20TP%20de%20la%20regi%C3%B3n%20se%20dieron%20cita%20en%20encuentro%20de%20la%20Red%20Futuro%20T%C3%A9cnico%20Ays%C3%A9n&#038;url=https:\/\/radiorevelacionfm.cl\/?p=37306' aria-hidden='false' data-av_icon='\ue8fc' data-av_iconfont='entypo-fontello' title='' data-avia-related-tooltip='Compartir en LinkedIn' rel=\"noopener\"><span class='avia_hidden_link_text'>Compartir en LinkedIn<\/span><\/a><\/li><li class='av-share-link av-social-link-mail' ><a  aria-label=\"Compartir por correo\" href='mailto:?subject=Directivos%20TP%20de%20la%20regi%C3%B3n%20se%20dieron%20cita%20en%20encuentro%20de%20la%20Red%20Futuro%20T%C3%A9cnico%20Ays%C3%A9n&#038;body=https:\/\/radiorevelacionfm.cl\/?p=37306' aria-hidden='false' data-av_icon='\ue805' data-av_iconfont='entypo-fontello' title='' data-avia-related-tooltip='Compartir por correo'><span class='avia_hidden_link_text'>Compartir por correo<\/span><\/a><\/li><\/ul><\/div><\/div>\n<div  style='height:50px' class='hr hr-invisible   avia-builder-el-8  el_after_av_social_share  el_before_av_comments_list '><span class='hr-inner ' ><span class='hr-inner-style'><\/span><\/span><\/div>\n<div  class='av-buildercomment  av-blog-meta-html-info-disabled av-blog-meta-tag-disabled  '><\/div>\n","protected":false},"excerpt":{"rendered":"","protected":false},"author":1,"featured_media":37307,"comment_status":"open","ping_status":"open","sticky":false,"template":"","format":"standard","meta":{"footnotes":""},"categories":[49],"tags":[],"class_list":["post-37306","post","type-post","status-publish","format-standard","has-post-thumbnail","hentry","category-educacion"],"jetpack_featured_media_url":"https:\/\/radiorevelacionfm.cl\/wp-content\/uploads\/2023\/11\/encuentro-directivo-rft-aysen-grupal-1_optimized.jpg","_links":{"self":[{"href":"https:\/\/radiorevelacionfm.cl\/index.php?rest_route=\/wp\/v2\/posts\/37306","targetHints":{"allow":["GET"]}}],"collection":[{"href":"https:\/\/radiorevelacionfm.cl\/index.php?rest_route=\/wp\/v2\/posts"}],"about":[{"href":"https:\/\/radiorevelacionfm.cl\/index.php?rest_route=\/wp\/v2\/types\/post"}],"author":[{"embeddable":true,"href":"https:\/\/radiorevelacionfm.cl\/index.php?rest_route=\/wp\/v2\/users\/1"}],"replies":[{"embeddable":true,"href":"https:\/\/radiorevelacionfm.cl\/index.php?rest_route=%2Fwp%2Fv2%2Fcomments&post=37306"}],"version-history":[{"count":1,"href":"https:\/\/radiorevelacionfm.cl\/index.php?rest_route=\/wp\/v2\/posts\/37306\/revisions"}],"predecessor-version":[{"id":37308,"href":"https:\/\/radiorevelacionfm.cl\/index.php?rest_route=\/wp\/v2\/posts\/37306\/revisions\/37308"}],"wp:featuredmedia":[{"embeddable":true,"href":"https:\/\/radiorevelacionfm.cl\/index.php?rest_route=\/wp\/v2\/media\/37307"}],"wp:attachment":[{"href":"https:\/\/radiorevelacionfm.cl\/index.php?rest_route=%2Fwp%2Fv2%2Fmedia&parent=37306"}],"wp:term":[{"taxonomy":"category","embeddable":true,"href":"https:\/\/radiorevelacionfm.cl\/index.php?rest_route=%2Fwp%2Fv2%2Fcategories&post=37306"},{"taxonomy":"post_tag","embeddable":true,"href":"https:\/\/radiorevelacionfm.cl\/index.php?rest_route=%2Fwp%2Fv2%2Ftags&post=37306"}],"curies":[{"name":"wp","href":"https:\/\/api.w.org\/{rel}","templated":true}]}}