{"id":37302,"date":"2023-11-23T17:35:06","date_gmt":"2023-11-23T20:35:06","guid":{"rendered":"https:\/\/radiorevelacionfm.cl\/?p=37302"},"modified":"2023-11-23T17:39:53","modified_gmt":"2023-11-23T20:39:53","slug":"pdi-aysen-se-adjudica-proyecto-de-mas-de-500-millones-para-equipamiento-de-ultima-generacion-con-fondos-regionales","status":"publish","type":"post","link":"https:\/\/radiorevelacionfm.cl\/?p=37302","title":{"rendered":"PDI Ays\u00e9n se adjudica fondo regional de m\u00e1s de 500 millones para proyecto de equipamiento de \u00faltima generaci\u00f3n."},"content":{"rendered":"<div class=\"flex_column av_one_full  flex_column_div av-zero-column-padding first  avia-builder-el-0  el_before_av_one_full  avia-builder-el-first  \" style='border-radius:0px; '><div  class='avia-image-container  av-styling-    avia-builder-el-1  avia-builder-el-no-sibling  avia-align-center '  itemprop=\"image\" itemscope=\"itemscope\" itemtype=\"https:\/\/schema.org\/ImageObject\"  ><div class='avia-image-container-inner'><div class='avia-image-overlay-wrap'><img decoding=\"async\" class='wp-image-37303 avia-img-lazy-loading-not-37303 avia_image' src=\"https:\/\/radiorevelacionfm.cl\/wp-content\/uploads\/2023\/11\/GORE-Y-JR-1-1.jpeg\" alt='' title='GORE Y JR (1) (1)' height=\"600\" width=\"1067\"  itemprop=\"thumbnailUrl\" srcset=\"https:\/\/radiorevelacionfm.cl\/wp-content\/uploads\/2023\/11\/GORE-Y-JR-1-1.jpeg 1067w, https:\/\/radiorevelacionfm.cl\/wp-content\/uploads\/2023\/11\/GORE-Y-JR-1-1-300x169.jpeg 300w, https:\/\/radiorevelacionfm.cl\/wp-content\/uploads\/2023\/11\/GORE-Y-JR-1-1-1030x579.jpeg 1030w, https:\/\/radiorevelacionfm.cl\/wp-content\/uploads\/2023\/11\/GORE-Y-JR-1-1-768x432.jpeg 768w, https:\/\/radiorevelacionfm.cl\/wp-content\/uploads\/2023\/11\/GORE-Y-JR-1-1-705x396.jpeg 705w, https:\/\/radiorevelacionfm.cl\/wp-content\/uploads\/2023\/11\/GORE-Y-JR-1-1-450x253.jpeg 450w, https:\/\/radiorevelacionfm.cl\/wp-content\/uploads\/2023\/11\/GORE-Y-JR-1-1-600x337.jpeg 600w\" sizes=\"(max-width: 1067px) 100vw, 1067px\" \/><\/div><\/div><\/div><\/div>\n<div class=\"flex_column av_one_full  flex_column_div av-zero-column-padding first  avia-builder-el-2  el_after_av_one_full  el_before_av_one_full  column-top-margin\" style='border-radius:0px; '><section class=\"av_textblock_section \"  itemscope=\"itemscope\" itemtype=\"https:\/\/schema.org\/BlogPosting\" itemprop=\"blogPost\" ><div class='avia_textblock  '   itemprop=\"text\" ><p style=\"text-align: center;\"><strong><span style=\"font-size: 18pt;\">PDI Ays\u00e9n se adjudica fondo regional de m\u00e1s de 500 millones para proyecto de equipamiento de \u00faltima generaci\u00f3n.<\/span><\/strong><\/p>\n<div id=\"gtx-trans\" style=\"position: absolute; left: -50px; top: 4.31534px;\">\n<div class=\"gtx-trans-icon\"><\/div>\n<\/div>\n<\/div><\/section><\/div><div class=\"flex_column av_one_full  flex_column_div av-zero-column-padding first  avia-builder-el-4  el_after_av_one_full  el_before_av_hr  column-top-margin\" style='border-radius:0px; '><section class=\"av_textblock_section \"  itemscope=\"itemscope\" itemtype=\"https:\/\/schema.org\/BlogPosting\" itemprop=\"blogPost\" ><div class='avia_textblock  '   itemprop=\"text\" ><p style=\"text-align: justify;\">La Polic\u00eda de Investigaciones se adjudic\u00f3 un proyecto financiado por el Gobierno Regional de Ays\u00e9n, por una inversi\u00f3n de m\u00e1s de 500 millones de pesos. Esta adquisici\u00f3n tiene como objetivo potenciar la tecnolog\u00eda para el an\u00e1lisis de evidencia inform\u00e1tica y digital, lo que se traducir\u00eda en investigaciones m\u00e1s eficientes.<\/p>\n<p style=\"text-align: justify;\">Despu\u00e9s de meses de colaboraci\u00f3n entre el Gobierno Regional de Ays\u00e9n y la Polic\u00eda de Investigaciones, se consigui\u00f3 la aprobaci\u00f3n del financiamiento necesario para la compra de tecnolog\u00eda especializada. Este logro marca un hito en la regi\u00f3n al mejorar significativamente la capacidad de respuesta ante diversos delitos. \u201cEsta inversi\u00f3n entregar\u00e1 herramientas avanzadas a nuestros detectives para abordar integralmente distintos tipos de delitos, contribuyendo de manera eficaz y eficiente a la seguridad p\u00fablica demandada\u201d, coment\u00f3 la prefecta Carolina Namor, jefa regional de Ays\u00e9n.<\/p>\n<p style=\"text-align: justify;\">La tecnolog\u00eda que se le entregar\u00e1 a la instituci\u00f3n es pionera en Latinoam\u00e9rica y est\u00e1 especialmente dise\u00f1ada para anticiparse a los desaf\u00edos asociados al crimen organizado. \u201cEstos avances nos permitir\u00e1n enriquecer nuestras investigaciones, puesto que, si bien su fin principal es el combate contra la criminalidad organizada, su uso nos permitir\u00e1 abordar diversos delitos que se desarrollan en la regi\u00f3n, lo que finalmente se traduce en m\u00e1s seguridad para los habitantes de Ays\u00e9n\u201d, agreg\u00f3 la prefecta.<\/p>\n<p style=\"text-align: justify;\">Por su parte, la gobernadora regional de Ays\u00e9n, Andrea Mac\u00edas coment\u00f3 que esta iniciativa quiere fortalecer el trabajo institucional en cuanto al an\u00e1lisis de evidencia para obtener mejores resultados en materia de investigaci\u00f3n. \u201cCon esto se busca dotar de equipamiento en materia forense para combatir de manera integral distintos tipos de delito en la Regi\u00f3n. Esto va a permitir la reducci\u00f3n en los tiempos de espera de la informaci\u00f3n necesaria para poder aportar al trabajo que hacen los tribunales de Justicia\u201d, expres\u00f3 la autoridad regional.<\/p>\n<p style=\"text-align: justify;\">El Gobierno Regional de Ays\u00e9n asumir\u00e1 un papel crucial como unidad t\u00e9cnica, garantizando la correcta implementaci\u00f3n y operatividad de la nueva tecnolog\u00eda. Este paso firme refleja el esfuerzo conjunto por elevar los est\u00e1ndares en materia de seguridad en la regi\u00f3n, demostrando que Ays\u00e9n est\u00e1 preparada para enfrentar los retos del siglo XXI con herramientas de \u00faltima generaci\u00f3n.<\/p>\n<p style=\"text-align: justify;\"><strong>\u00a0<\/strong><\/p>\n<\/div><\/section><\/div><\/p>\n<div  style='height:50px' class='hr hr-invisible   avia-builder-el-6  el_after_av_one_full  el_before_av_social_share '><span class='hr-inner ' ><span class='hr-inner-style'><\/span><\/span><\/div>\n<div  class='av-social-sharing-box  avia-builder-el-7  el_after_av_hr  el_before_av_hr  '><div class='av-share-box'><h5 class='av-share-link-description av-no-toc '>Compartir esta noticia<\/h5><ul class='av-share-box-list noLightbox'><li class='av-share-link av-social-link-facebook' ><a target=\"_blank\" aria-label=\"Compartir en Facebook\" href='https:\/\/www.facebook.com\/sharer.php?u=https:\/\/radiorevelacionfm.cl\/?p=37302&#038;t=PDI%20Ays%C3%A9n%20se%20adjudica%20fondo%20regional%20de%20m%C3%A1s%20de%20500%20millones%20para%20proyecto%20de%20equipamiento%20de%20%C3%BAltima%20generaci%C3%B3n.' aria-hidden='false' data-av_icon='\ue8f3' data-av_iconfont='entypo-fontello' title='' data-avia-related-tooltip='Compartir en Facebook' rel=\"noopener\"><span class='avia_hidden_link_text'>Compartir en Facebook<\/span><\/a><\/li><li class='av-share-link av-social-link-twitter' ><a target=\"_blank\" aria-label=\"Compartir en Twitter\" href='https:\/\/twitter.com\/share?text=PDI%20Ays%C3%A9n%20se%20adjudica%20fondo%20regional%20de%20m%C3%A1s%20de%20500%20millones%20para%20proyecto%20de%20equipamiento%20de%20%C3%BAltima%20generaci%C3%B3n.&#038;url=https:\/\/radiorevelacionfm.cl\/?p=37302' aria-hidden='false' data-av_icon='\ue8f1' data-av_iconfont='entypo-fontello' title='' data-avia-related-tooltip='Compartir en Twitter' rel=\"noopener\"><span class='avia_hidden_link_text'>Compartir en Twitter<\/span><\/a><\/li><li class='av-share-link av-social-link-whatsapp' ><a target=\"_blank\" aria-label=\"Compartir en Whatsapp\" href='https:\/\/api.whatsapp.com\/send?text=https:\/\/radiorevelacionfm.cl\/?p=37302' aria-hidden='false' data-av_icon='\uf232' data-av_iconfont='entypo-fontello' title='' data-avia-related-tooltip='Compartir en Whatsapp' rel=\"noopener\"><span class='avia_hidden_link_text'>Compartir en Whatsapp<\/span><\/a><\/li><li class='av-share-link av-social-link-linkedin' ><a target=\"_blank\" aria-label=\"Compartir en LinkedIn\" href='https:\/\/linkedin.com\/shareArticle?mini=true&#038;title=PDI%20Ays%C3%A9n%20se%20adjudica%20fondo%20regional%20de%20m%C3%A1s%20de%20500%20millones%20para%20proyecto%20de%20equipamiento%20de%20%C3%BAltima%20generaci%C3%B3n.&#038;url=https:\/\/radiorevelacionfm.cl\/?p=37302' aria-hidden='false' data-av_icon='\ue8fc' data-av_iconfont='entypo-fontello' title='' data-avia-related-tooltip='Compartir en LinkedIn' rel=\"noopener\"><span class='avia_hidden_link_text'>Compartir en LinkedIn<\/span><\/a><\/li><li class='av-share-link av-social-link-mail' ><a  aria-label=\"Compartir por correo\" href='mailto:?subject=PDI%20Ays%C3%A9n%20se%20adjudica%20fondo%20regional%20de%20m%C3%A1s%20de%20500%20millones%20para%20proyecto%20de%20equipamiento%20de%20%C3%BAltima%20generaci%C3%B3n.&#038;body=https:\/\/radiorevelacionfm.cl\/?p=37302' aria-hidden='false' data-av_icon='\ue805' data-av_iconfont='entypo-fontello' title='' data-avia-related-tooltip='Compartir por correo'><span class='avia_hidden_link_text'>Compartir por correo<\/span><\/a><\/li><\/ul><\/div><\/div>\n<div  style='height:50px' class='hr hr-invisible   avia-builder-el-8  el_after_av_social_share  el_before_av_comments_list '><span class='hr-inner ' ><span class='hr-inner-style'><\/span><\/span><\/div>\n<div  class='av-buildercomment  av-blog-meta-html-info-disabled av-blog-meta-tag-disabled  '><\/div>\n","protected":false},"excerpt":{"rendered":"","protected":false},"author":1,"featured_media":37303,"comment_status":"open","ping_status":"open","sticky":false,"template":"","format":"standard","meta":{"footnotes":""},"categories":[36],"tags":[],"class_list":["post-37302","post","type-post","status-publish","format-standard","has-post-thumbnail","hentry","category-policial"],"jetpack_featured_media_url":"https:\/\/radiorevelacionfm.cl\/wp-content\/uploads\/2023\/11\/GORE-Y-JR-1-1.jpeg","_links":{"self":[{"href":"https:\/\/radiorevelacionfm.cl\/index.php?rest_route=\/wp\/v2\/posts\/37302","targetHints":{"allow":["GET"]}}],"collection":[{"href":"https:\/\/radiorevelacionfm.cl\/index.php?rest_route=\/wp\/v2\/posts"}],"about":[{"href":"https:\/\/radiorevelacionfm.cl\/index.php?rest_route=\/wp\/v2\/types\/post"}],"author":[{"embeddable":true,"href":"https:\/\/radiorevelacionfm.cl\/index.php?rest_route=\/wp\/v2\/users\/1"}],"replies":[{"embeddable":true,"href":"https:\/\/radiorevelacionfm.cl\/index.php?rest_route=%2Fwp%2Fv2%2Fcomments&post=37302"}],"version-history":[{"count":2,"href":"https:\/\/radiorevelacionfm.cl\/index.php?rest_route=\/wp\/v2\/posts\/37302\/revisions"}],"predecessor-version":[{"id":37305,"href":"https:\/\/radiorevelacionfm.cl\/index.php?rest_route=\/wp\/v2\/posts\/37302\/revisions\/37305"}],"wp:featuredmedia":[{"embeddable":true,"href":"https:\/\/radiorevelacionfm.cl\/index.php?rest_route=\/wp\/v2\/media\/37303"}],"wp:attachment":[{"href":"https:\/\/radiorevelacionfm.cl\/index.php?rest_route=%2Fwp%2Fv2%2Fmedia&parent=37302"}],"wp:term":[{"taxonomy":"category","embeddable":true,"href":"https:\/\/radiorevelacionfm.cl\/index.php?rest_route=%2Fwp%2Fv2%2Fcategories&post=37302"},{"taxonomy":"post_tag","embeddable":true,"href":"https:\/\/radiorevelacionfm.cl\/index.php?rest_route=%2Fwp%2Fv2%2Ftags&post=37302"}],"curies":[{"name":"wp","href":"https:\/\/api.w.org\/{rel}","templated":true}]}}