{"id":37296,"date":"2023-11-23T18:56:03","date_gmt":"2023-11-23T21:56:03","guid":{"rendered":"https:\/\/radiorevelacionfm.cl\/?p=37296"},"modified":"2023-11-23T18:56:03","modified_gmt":"2023-11-23T21:56:03","slug":"destacan-avances-en-el-dia-internacional-de-la-eliminacion-de-la-violencia-contra-la-mujer","status":"publish","type":"post","link":"https:\/\/radiorevelacionfm.cl\/?p=37296","title":{"rendered":"Destacan avances en el D\u00eda Internacional de la Eliminaci\u00f3n de la Violencia contra la Mujer"},"content":{"rendered":"<div class=\"flex_column av_one_full  flex_column_div av-zero-column-padding first  avia-builder-el-0  el_before_av_one_full  avia-builder-el-first  \" style='border-radius:0px; '><div  class='avia-image-container  av-styling-    avia-builder-el-1  avia-builder-el-no-sibling  avia-align-center '  itemprop=\"image\" itemscope=\"itemscope\" itemtype=\"https:\/\/schema.org\/ImageObject\"  ><div class='avia-image-container-inner'><div class='avia-image-overlay-wrap'><img decoding=\"async\" class='wp-image-37297 avia-img-lazy-loading-not-37297 avia_image' src=\"https:\/\/radiorevelacionfm.cl\/wp-content\/uploads\/2023\/11\/No-a-la-violencia-contra-las-mujeres-1-1.jpg\" alt='' title='No a la violencia contra las mujeres (1) (1)' height=\"600\" width=\"902\"  itemprop=\"thumbnailUrl\" srcset=\"https:\/\/radiorevelacionfm.cl\/wp-content\/uploads\/2023\/11\/No-a-la-violencia-contra-las-mujeres-1-1.jpg 902w, https:\/\/radiorevelacionfm.cl\/wp-content\/uploads\/2023\/11\/No-a-la-violencia-contra-las-mujeres-1-1-300x200.jpg 300w, https:\/\/radiorevelacionfm.cl\/wp-content\/uploads\/2023\/11\/No-a-la-violencia-contra-las-mujeres-1-1-768x511.jpg 768w, https:\/\/radiorevelacionfm.cl\/wp-content\/uploads\/2023\/11\/No-a-la-violencia-contra-las-mujeres-1-1-705x469.jpg 705w, https:\/\/radiorevelacionfm.cl\/wp-content\/uploads\/2023\/11\/No-a-la-violencia-contra-las-mujeres-1-1-450x299.jpg 450w, https:\/\/radiorevelacionfm.cl\/wp-content\/uploads\/2023\/11\/No-a-la-violencia-contra-las-mujeres-1-1-600x399.jpg 600w\" sizes=\"(max-width: 902px) 100vw, 902px\" \/><\/div><\/div><\/div><\/div><div class=\"flex_column av_one_full  flex_column_div av-zero-column-padding first  avia-builder-el-2  el_after_av_one_full  el_before_av_one_full  column-top-margin\" style='border-radius:0px; '><section class=\"av_textblock_section \"  itemscope=\"itemscope\" itemtype=\"https:\/\/schema.org\/BlogPosting\" itemprop=\"blogPost\" ><div class='avia_textblock  '   itemprop=\"text\" ><p style=\"text-align: center;\"><strong><span style=\"font-size: 18pt;\">Destacan avances en el D\u00eda Internacional de la Eliminaci\u00f3n de la Violencia contra la Mujer<\/span><\/strong><\/p>\n<div id=\"gtx-trans\" style=\"position: absolute; left: -50px; top: 4.31534px;\">\n<div class=\"gtx-trans-icon\"><\/div>\n<\/div>\n<\/div><\/section><\/div><div class=\"flex_column av_one_full  flex_column_div av-zero-column-padding first  avia-builder-el-4  el_after_av_one_full  el_before_av_hr  column-top-margin\" style='border-radius:0px; '><section class=\"av_textblock_section \"  itemscope=\"itemscope\" itemtype=\"https:\/\/schema.org\/BlogPosting\" itemprop=\"blogPost\" ><div class='avia_textblock  '   itemprop=\"text\" ><p style=\"text-align: justify;\">El D\u00eda Internacional de la Eliminaci\u00f3n de la Violencia contra la Mujer se conmemora anualmente el 25 de noviembre para denunciar la violencia que se ejerce sobre las mujeres en todo el mundo y reclamar pol\u00edticas en todos los pa\u00edses para su erradicaci\u00f3n. La Asamblea General de las Naciones Unidas define como violencia contra la mujer: \u201ctodo acto de violencia basado en la pertenencia al sexo femenino que tenga o pueda tener como resultado un da\u00f1o o sufrimiento f\u00edsico, sexual o psicol\u00f3gico para la mujer, as\u00ed como las amenazas de tales actos, la coacci\u00f3n o la privaci\u00f3n arbitraria de la libertad, tanto si se producen en la vida p\u00fablica como en la vida privada\u201d.<\/p>\n<p style=\"text-align: justify;\">En el proyecto de ley Presupuesto 2024 el Gobierno del presidente Gabriel Boric, a trav\u00e9s del Ministerio de la Mujer y Equidad de G\u00e9nero, ha puesto \u00e9nfasis en el aumento de la l\u00ednea Autonom\u00eda F\u00edsica de las mujeres, que se incrementa en un 3,7% para el pr\u00f3ximo a\u00f1o. En particular, dentro del \u00e1mbito de la Autonom\u00eda F\u00edsica, los programas Violencia Contra la Mujer del Servicio Nacional de la Mujer y Equidad de G\u00e9nero (SERNAMEG) crecen en un 5,2%, lo que se enmarca en su redise\u00f1o program\u00e1tico. El redise\u00f1o reorganiza y mejora las intervenciones de los actuales programas en tres nuevos modelos: un Programa de Prevenci\u00f3n de Violencia contra las Mujeres, un Programa de Atenci\u00f3n Inicial en Violencia de G\u00e9nero y un Programa de Recuperaci\u00f3n del Ejercicio Autonom\u00eda para V\u00edctimas\/Sobrevivientes de Violencia de G\u00e9nero. Lo anterior contempla un presupuesto que supera los 23 mil millones de pesos para el 2024 y representa un aumento de $1.156 millones, respecto de lo asignado el a\u00f1o 2023 a la l\u00ednea program\u00e1tica, lo que permitir\u00e1 dar una cobertura de atenci\u00f3n intermedia integral a 79.674 mujeres; disponibilidad de residencias transitorias, en las 16 regiones, para 926 mujeres v\u00edctimas de violencia grave o extrema; atenci\u00f3n psicoterap\u00e9utica reparatoria, individual y grupal a 1.365 mujeres v\u00edctimas de violencia grave o extrema y acompa\u00f1amiento y representaci\u00f3n jur\u00eddica a 1.424 mujeres, con la finalidad de contribuir al acceso a la justicia a la diversidad de mujeres mayores de 18 a\u00f1os a causa de la violencia grave\/extrema vivida.<\/p>\n<p style=\"text-align: justify;\">\u201cLa violencia contra la mujer no es una realidad aislada, y tampoco se limita a la violencia f\u00edsica. Hay muchas formas de violencia y debemos avanzar en la eliminaci\u00f3n de todas ellas. Estamos hablando de un grave problema social, por lo que eliminar la violencia contra la mujer tambi\u00e9n debe ser un compromiso de todas las instituciones, p\u00fablicas y privadas, de todos los sectores pol\u00edticos y de todas las personas que habitan este pa\u00eds. Este a\u00f1o 2023 impulsamos una campa\u00f1a anual de prevenci\u00f3n y sensibilizaci\u00f3n de la violencia contra las mujeres, enfocada en todas las acciones que puede hacer cualquier persona, en cualquier lugar, para contribuir a disminuir la violencia de g\u00e9nero en nuestro pa\u00eds: acompa\u00f1ar, intervenir, interpelar o denunciar cuando sea necesario. Es un llamado a la acci\u00f3n\u00bb, se\u00f1al\u00f3 Andrea M\u00e9ndez, seremi de la Mujer y Equidad de G\u00e9nero.<\/p>\n<p style=\"text-align: justify;\">En cuanto a Autonom\u00eda Econ\u00f3mica, se espera que el presupuesto asignado permita dar continuidad a los actuales programas con los que cuenta el Servicio Nacional de la Mujer y Equidad de G\u00e9nero (Sernameg): Programa Mujeres Jefas de Hogar (cobertura a 51.260 mujeres); Programa de 4 a 7 (cobertura a 25.023 beneficiarias\/os); Programa Mujer Emprende (cobertura a 3.425 mujeres) cuyo componente principal es la Escuela Mujer Emprende y Programa Abeja Emprende, que ejecuta Sercotec, para beneficiar a mujeres que realizan programas de capacitaci\u00f3n para desarrollar emprendimiento.<\/p>\n<p style=\"text-align: justify;\">Tambi\u00e9n se destinan m\u00e1s de nueve mil millones de pesos a PRODEMU para sus acciones de promoci\u00f3n de derechos y el fortalecimiento de la autonom\u00eda f\u00edsica y econ\u00f3mica de la diversidad de las mujeres en Chile, con una cobertura estimada de 50.000 mujeres que se focalizar\u00e1 en zonas rurales.<\/p>\n<p style=\"text-align: justify;\">\u201cHoy es un d\u00eda muy importante, no s\u00f3lo para nosotras sino para todo el pa\u00eds, en el que tenemos que estar unidas y unidos contra la violencia, la que en situaciones extremas puede llegar incluso al femicidio, la forma m\u00e1s extrema de violencia contra la mujer. Por eso, como Gobierno, estamos trabajando en distintas medidas para asegurar a las mujeres una vida libre de violencia y un aumento en la independencia econ\u00f3mica, ya que muchas se ven obligadas a seguir conviviendo con su agresor por no tener las condiciones para dejar el hogar com\u00fan. Mientras siga habiendo una denuncia, una mujer violentada, no podemos sentirnos tranquilos ni descansar. Estamos trabajando para lograr erradicar, definitivamente de nuestra sociedad, la violencia contra las mujeres\u201d, indic\u00f3 Tatiana Pl\u00e1 \u00c1lvarez, seremi de Gobierno de la regi\u00f3n de Ays\u00e9n.<\/p>\n<p style=\"text-align: justify;\">Cabe se\u00f1alar, que el ministerio de la Mujer y Equidad de G\u00e9nero ha puesto dentro de sus prioridades legislativas el proyecto de Ley por el derecho de las mujeres a una vida libre de violencia, que lleva seis a\u00f1os de tramitaci\u00f3n. Los principales cambios que promueve este proyecto -que es parte de la agenda de seguridad p\u00fablica del Gobierno- tienen que ver con establecer a trav\u00e9s de la ley un mejor seguimiento a las medidas cautelares, con un fortalecimiento del rol de representaci\u00f3n jur\u00eddica del SernamEG para llegar antes y m\u00e1s r\u00e1pido; con incorporar a los ni\u00f1os como v\u00edctimas y no solo como testigos de la violencia de g\u00e9nero, y con contar con un sistema de gesti\u00f3n integral, donde todos los organismos del Estado est\u00e9n coordinados. Dentro de las indicaciones aprobadas hace dos semanas, en la discusi\u00f3n de la ley en las comisiones de unidad de Constituci\u00f3n y Mujer en el Senado, se aprob\u00f3 la ampliaci\u00f3n del delito de violencia intrafamiliar a relaciones sin convivencia como el pololeo.<\/p>\n<p style=\"text-align: justify;\">Un avance importante en la ley es que permitir\u00e1 generar un sistema integrado de informaci\u00f3n para el seguimiento de las medidas decretadas en favor de las v\u00edctimas, junto con la creaci\u00f3n de una comisi\u00f3n interinstitucional para la coordinaci\u00f3n de las medidas estatales que se establezcan para la prevenci\u00f3n, sanci\u00f3n y erradicaci\u00f3n de la violencia de g\u00e9nero contra las mujeres y las ni\u00f1as.<\/p>\n<\/div><\/section><\/div><div  style='height:50px' class='hr hr-invisible   avia-builder-el-6  el_after_av_one_full  el_before_av_social_share '><span class='hr-inner ' ><span class='hr-inner-style'><\/span><\/span><\/div><\/p>\n<div  class='av-social-sharing-box  avia-builder-el-7  el_after_av_hr  el_before_av_hr  '><div class='av-share-box'><h5 class='av-share-link-description av-no-toc '>Compartir esta noticia<\/h5><ul class='av-share-box-list noLightbox'><li class='av-share-link av-social-link-facebook' ><a target=\"_blank\" aria-label=\"Compartir en Facebook\" href='https:\/\/www.facebook.com\/sharer.php?u=https:\/\/radiorevelacionfm.cl\/?p=37296&#038;t=Destacan%20avances%20en%20el%20D%C3%ADa%20Internacional%20de%20la%20Eliminaci%C3%B3n%20de%20la%20Violencia%20contra%20la%20Mujer' aria-hidden='false' data-av_icon='\ue8f3' data-av_iconfont='entypo-fontello' title='' data-avia-related-tooltip='Compartir en Facebook' rel=\"noopener\"><span class='avia_hidden_link_text'>Compartir en Facebook<\/span><\/a><\/li><li class='av-share-link av-social-link-twitter' ><a target=\"_blank\" aria-label=\"Compartir en Twitter\" href='https:\/\/twitter.com\/share?text=Destacan%20avances%20en%20el%20D%C3%ADa%20Internacional%20de%20la%20Eliminaci%C3%B3n%20de%20la%20Violencia%20contra%20la%20Mujer&#038;url=https:\/\/radiorevelacionfm.cl\/?p=37296' aria-hidden='false' data-av_icon='\ue8f1' data-av_iconfont='entypo-fontello' title='' data-avia-related-tooltip='Compartir en Twitter' rel=\"noopener\"><span class='avia_hidden_link_text'>Compartir en Twitter<\/span><\/a><\/li><li class='av-share-link av-social-link-whatsapp' ><a target=\"_blank\" aria-label=\"Compartir en Whatsapp\" href='https:\/\/api.whatsapp.com\/send?text=https:\/\/radiorevelacionfm.cl\/?p=37296' aria-hidden='false' data-av_icon='\uf232' data-av_iconfont='entypo-fontello' title='' data-avia-related-tooltip='Compartir en Whatsapp' rel=\"noopener\"><span class='avia_hidden_link_text'>Compartir en Whatsapp<\/span><\/a><\/li><li class='av-share-link av-social-link-linkedin' ><a target=\"_blank\" aria-label=\"Compartir en LinkedIn\" href='https:\/\/linkedin.com\/shareArticle?mini=true&#038;title=Destacan%20avances%20en%20el%20D%C3%ADa%20Internacional%20de%20la%20Eliminaci%C3%B3n%20de%20la%20Violencia%20contra%20la%20Mujer&#038;url=https:\/\/radiorevelacionfm.cl\/?p=37296' aria-hidden='false' data-av_icon='\ue8fc' data-av_iconfont='entypo-fontello' title='' data-avia-related-tooltip='Compartir en LinkedIn' rel=\"noopener\"><span class='avia_hidden_link_text'>Compartir en LinkedIn<\/span><\/a><\/li><li class='av-share-link av-social-link-mail' ><a  aria-label=\"Compartir por correo\" href='mailto:?subject=Destacan%20avances%20en%20el%20D%C3%ADa%20Internacional%20de%20la%20Eliminaci%C3%B3n%20de%20la%20Violencia%20contra%20la%20Mujer&#038;body=https:\/\/radiorevelacionfm.cl\/?p=37296' aria-hidden='false' data-av_icon='\ue805' data-av_iconfont='entypo-fontello' title='' data-avia-related-tooltip='Compartir por correo'><span class='avia_hidden_link_text'>Compartir por correo<\/span><\/a><\/li><\/ul><\/div><\/div>\n<div  style='height:50px' class='hr hr-invisible   avia-builder-el-8  el_after_av_social_share  el_before_av_comments_list '><span class='hr-inner ' ><span class='hr-inner-style'><\/span><\/span><\/div>\n<div  class='av-buildercomment  av-blog-meta-html-info-disabled av-blog-meta-tag-disabled  '><\/div>\n","protected":false},"excerpt":{"rendered":"","protected":false},"author":1,"featured_media":37297,"comment_status":"open","ping_status":"open","sticky":false,"template":"","format":"standard","meta":{"footnotes":""},"categories":[38],"tags":[],"class_list":["post-37296","post","type-post","status-publish","format-standard","has-post-thumbnail","hentry","category-regional"],"jetpack_featured_media_url":"https:\/\/radiorevelacionfm.cl\/wp-content\/uploads\/2023\/11\/No-a-la-violencia-contra-las-mujeres-1-1.jpg","_links":{"self":[{"href":"https:\/\/radiorevelacionfm.cl\/index.php?rest_route=\/wp\/v2\/posts\/37296","targetHints":{"allow":["GET"]}}],"collection":[{"href":"https:\/\/radiorevelacionfm.cl\/index.php?rest_route=\/wp\/v2\/posts"}],"about":[{"href":"https:\/\/radiorevelacionfm.cl\/index.php?rest_route=\/wp\/v2\/types\/post"}],"author":[{"embeddable":true,"href":"https:\/\/radiorevelacionfm.cl\/index.php?rest_route=\/wp\/v2\/users\/1"}],"replies":[{"embeddable":true,"href":"https:\/\/radiorevelacionfm.cl\/index.php?rest_route=%2Fwp%2Fv2%2Fcomments&post=37296"}],"version-history":[{"count":1,"href":"https:\/\/radiorevelacionfm.cl\/index.php?rest_route=\/wp\/v2\/posts\/37296\/revisions"}],"predecessor-version":[{"id":37298,"href":"https:\/\/radiorevelacionfm.cl\/index.php?rest_route=\/wp\/v2\/posts\/37296\/revisions\/37298"}],"wp:featuredmedia":[{"embeddable":true,"href":"https:\/\/radiorevelacionfm.cl\/index.php?rest_route=\/wp\/v2\/media\/37297"}],"wp:attachment":[{"href":"https:\/\/radiorevelacionfm.cl\/index.php?rest_route=%2Fwp%2Fv2%2Fmedia&parent=37296"}],"wp:term":[{"taxonomy":"category","embeddable":true,"href":"https:\/\/radiorevelacionfm.cl\/index.php?rest_route=%2Fwp%2Fv2%2Fcategories&post=37296"},{"taxonomy":"post_tag","embeddable":true,"href":"https:\/\/radiorevelacionfm.cl\/index.php?rest_route=%2Fwp%2Fv2%2Ftags&post=37296"}],"curies":[{"name":"wp","href":"https:\/\/api.w.org\/{rel}","templated":true}]}}