{"id":37293,"date":"2023-11-23T16:32:02","date_gmt":"2023-11-23T19:32:02","guid":{"rendered":"https:\/\/radiorevelacionfm.cl\/?p=37293"},"modified":"2023-11-23T16:32:02","modified_gmt":"2023-11-23T19:32:02","slug":"gobernadora-macias-anuncia-que-proyecto-de-buses-para-coyhaique-volvera-a-ser-votado-el-proximo-miercoles","status":"publish","type":"post","link":"https:\/\/radiorevelacionfm.cl\/?p=37293","title":{"rendered":"Gobernadora Mac\u00edas anuncia que proyecto de buses para Coyhaique volver\u00e1 a ser votado el pr\u00f3ximo mi\u00e9rcoles"},"content":{"rendered":"<div class=\"flex_column av_one_full  flex_column_div av-zero-column-padding first  avia-builder-el-0  el_before_av_one_full  avia-builder-el-first  \" style='border-radius:0px; '><div  class='avia-image-container  av-styling-    avia-builder-el-1  avia-builder-el-no-sibling  avia-align-center '  itemprop=\"image\" itemscope=\"itemscope\" itemtype=\"https:\/\/schema.org\/ImageObject\"  ><div class='avia-image-container-inner'><div class='avia-image-overlay-wrap'><img decoding=\"async\" class='wp-image-37294 avia-img-lazy-loading-not-37294 avia_image' src=\"https:\/\/radiorevelacionfm.cl\/wp-content\/uploads\/2023\/11\/buses-electricos-1_optimized.jpg\" alt='' title='buses-electricos-(1)_optimized' height=\"600\" width=\"900\"  itemprop=\"thumbnailUrl\" srcset=\"https:\/\/radiorevelacionfm.cl\/wp-content\/uploads\/2023\/11\/buses-electricos-1_optimized.jpg 900w, https:\/\/radiorevelacionfm.cl\/wp-content\/uploads\/2023\/11\/buses-electricos-1_optimized-300x200.jpg 300w, https:\/\/radiorevelacionfm.cl\/wp-content\/uploads\/2023\/11\/buses-electricos-1_optimized-768x512.jpg 768w, https:\/\/radiorevelacionfm.cl\/wp-content\/uploads\/2023\/11\/buses-electricos-1_optimized-705x470.jpg 705w, https:\/\/radiorevelacionfm.cl\/wp-content\/uploads\/2023\/11\/buses-electricos-1_optimized-450x300.jpg 450w, https:\/\/radiorevelacionfm.cl\/wp-content\/uploads\/2023\/11\/buses-electricos-1_optimized-600x400.jpg 600w\" sizes=\"(max-width: 900px) 100vw, 900px\" \/><\/div><\/div><\/div><\/div><div class=\"flex_column av_one_full  flex_column_div av-zero-column-padding first  avia-builder-el-2  el_after_av_one_full  el_before_av_one_full  column-top-margin\" style='border-radius:0px; '><section class=\"av_textblock_section \"  itemscope=\"itemscope\" itemtype=\"https:\/\/schema.org\/BlogPosting\" itemprop=\"blogPost\" ><div class='avia_textblock  '   itemprop=\"text\" ><p style=\"text-align: center;\"><strong><span style=\"font-size: 18pt;\">Gobernadora Mac\u00edas anuncia que proyecto de buses para Coyhaique volver\u00e1 a ser votado el pr\u00f3ximo mi\u00e9rcoles<\/span><\/strong><\/p>\n<div id=\"gtx-trans\" style=\"position: absolute; left: -50px; top: 4.31534px;\">\n<div class=\"gtx-trans-icon\"><\/div>\n<\/div>\n<\/div><\/section><\/div><div class=\"flex_column av_one_full  flex_column_div av-zero-column-padding first  avia-builder-el-4  el_after_av_one_full  el_before_av_hr  column-top-margin\" style='border-radius:0px; '><section class=\"av_textblock_section \"  itemscope=\"itemscope\" itemtype=\"https:\/\/schema.org\/BlogPosting\" itemprop=\"blogPost\" ><div class='avia_textblock  '   itemprop=\"text\" ><p dir=\"ltr\" style=\"text-align: justify;\">La Gobernadora Regional de la Regi\u00f3n de Ays\u00e9n, Andrea Mac\u00edas Palma, inform\u00f3 que este mi\u00e9rcoles 29 de noviembre se volver\u00e1 a votar en el pleno del Consejo Regional, el proyecto de Transporte P\u00fablico Mayor para la ciudad de Coyhaique, el que fuera rechazado inicialmente por parte del cuerpo colegiado.<\/p>\n<p dir=\"ltr\" style=\"text-align: justify;\">La primera autoridad regional valor\u00f3 que se hayan desarrollado una serie de acciones que pudieron entregar mayor informaci\u00f3n a quienes presentaron \u00abdudas leg\u00edtimas\u00bb.La Gobernadora Mac\u00edas invit\u00f3 a toda la comunidad que mostr\u00f3 su inter\u00e9s en este proyecto a asistir a esta nueva sesi\u00f3n plenaria.<\/p>\n<p dir=\"ltr\" style=\"text-align: justify;\">\u00abEl espacio de los plenarios y las comisiones del Consejo Regional son espacios p\u00fablicos por lo tanto ser\u00eda muy bueno tambi\u00e9n para este proyecto que va a ser hist\u00f3rico para nuestra regi\u00f3n, poder contar con todas aquellas personas que nos hicieron presente cada vez m\u00e1s, la necesidad de que esta iniciativa avance\u00bb.<\/p>\n<p dir=\"ltr\" style=\"text-align: justify;\">Uno de los eventos que permiti\u00f3 el esclarecimiento de las leg\u00edtimas dudas que se manifestaron en el CORE, fue la sesi\u00f3n extraordinaria de la comisi\u00f3n de Infraestructura, Transportes y Telecomunicaciones realizada el pasado martes.<\/p>\n<p dir=\"ltr\" style=\"text-align: justify;\">Sobre este encuentro, el seremi de Transportes Ays\u00e9n, Hans Zimmermann Due\u00f1as, destac\u00f3 que se pudo \u00abdespejar una serie de inquietudes y dudas que fueron planteadas en una primera instancia por los consejeros y consejeras regionales y pudimos revisar los aspectos m\u00e1s sustanciales del servicio que se prestar\u00eda con estos buses.<\/p>\n<p dir=\"ltr\" style=\"text-align: justify;\">En la ocasi\u00f3n, Zimmermann y otros seremis presentaron informaci\u00f3n detallada sobre la dimensi\u00f3n de los buses, c\u00f3mo operar\u00eda el subsidio, la ubicaci\u00f3n del terreno para el electrocargador, los trazados y la infraestructura habilitante, juntando \u00abuna propuesta coordinada de acci\u00f3n entre el gobierno central, sus sectores y tambi\u00e9n la Municipalidad de Coyhaique.<\/p>\n<p dir=\"ltr\" style=\"text-align: justify;\">Frente a esta presentaci\u00f3n de las carteras de Vivienda, Transportes, Energ\u00eda y Bienes Nacionales, la presidenta de la comisi\u00f3n del CORE a cargo de revisar el proyecto, la consejera Paola Rodr\u00edguez valor\u00f3 la nueva informaci\u00f3n entregada.<\/p>\n<p dir=\"ltr\" style=\"text-align: justify;\">\u00abCreo que es importante el di\u00e1logo. Poder fortalecer nuestros argumentos a la hora de ejercer nuestro voto. Nosotros debemos contar siempre con toda la informaci\u00f3n para poder tomar una buena decisi\u00f3n respecto de los proyectos. No existen las preguntas tontas y para nosotros para hacer que nuestra regi\u00f3n siga creciendo, debemos tener toda la informaci\u00f3n que requerimos y que le pedimos a cada una de las carteras\u00bb, se\u00f1al\u00f3.<\/p>\n<p dir=\"ltr\" style=\"text-align: justify;\">En la misma l\u00ednea la consejera por Coyhaique Marisol Mart\u00ednez asegur\u00f3 que \u00abse va ampliando el conocimiento, las dudas se van aclarando, vamos avanzando y llegamos hoy d\u00eda, creo yo, a una claridad de que esto es un proyecto tremendamente importante y valioso para la capital regional\u00a0 Coyhaique. No hay ninguna duda de que esto es prioridad, esta es la capital regional y merece un transporte p\u00fablico y la Gobernadora y este cuerpo colegiado debemos respaldarlo\u00bb.<\/p>\n<\/div><\/section><\/div><div  style='height:50px' class='hr hr-invisible   avia-builder-el-6  el_after_av_one_full  el_before_av_social_share '><span class='hr-inner ' ><span class='hr-inner-style'><\/span><\/span><\/div><\/p>\n<div  class='av-social-sharing-box  avia-builder-el-7  el_after_av_hr  el_before_av_hr  '><div class='av-share-box'><h5 class='av-share-link-description av-no-toc '>Compartir esta noticia<\/h5><ul class='av-share-box-list noLightbox'><li class='av-share-link av-social-link-facebook' ><a target=\"_blank\" aria-label=\"Compartir en Facebook\" href='https:\/\/www.facebook.com\/sharer.php?u=https:\/\/radiorevelacionfm.cl\/?p=37293&#038;t=Gobernadora%20Mac%C3%ADas%20anuncia%20que%20proyecto%20de%20buses%20para%20Coyhaique%20volver%C3%A1%20a%20ser%20votado%20el%20pr%C3%B3ximo%20mi%C3%A9rcoles' aria-hidden='false' data-av_icon='\ue8f3' data-av_iconfont='entypo-fontello' title='' data-avia-related-tooltip='Compartir en Facebook' rel=\"noopener\"><span class='avia_hidden_link_text'>Compartir en Facebook<\/span><\/a><\/li><li class='av-share-link av-social-link-twitter' ><a target=\"_blank\" aria-label=\"Compartir en Twitter\" href='https:\/\/twitter.com\/share?text=Gobernadora%20Mac%C3%ADas%20anuncia%20que%20proyecto%20de%20buses%20para%20Coyhaique%20volver%C3%A1%20a%20ser%20votado%20el%20pr%C3%B3ximo%20mi%C3%A9rcoles&#038;url=https:\/\/radiorevelacionfm.cl\/?p=37293' aria-hidden='false' data-av_icon='\ue8f1' data-av_iconfont='entypo-fontello' title='' data-avia-related-tooltip='Compartir en Twitter' rel=\"noopener\"><span class='avia_hidden_link_text'>Compartir en Twitter<\/span><\/a><\/li><li class='av-share-link av-social-link-whatsapp' ><a target=\"_blank\" aria-label=\"Compartir en Whatsapp\" href='https:\/\/api.whatsapp.com\/send?text=https:\/\/radiorevelacionfm.cl\/?p=37293' aria-hidden='false' data-av_icon='\uf232' data-av_iconfont='entypo-fontello' title='' data-avia-related-tooltip='Compartir en Whatsapp' rel=\"noopener\"><span class='avia_hidden_link_text'>Compartir en Whatsapp<\/span><\/a><\/li><li class='av-share-link av-social-link-linkedin' ><a target=\"_blank\" aria-label=\"Compartir en LinkedIn\" href='https:\/\/linkedin.com\/shareArticle?mini=true&#038;title=Gobernadora%20Mac%C3%ADas%20anuncia%20que%20proyecto%20de%20buses%20para%20Coyhaique%20volver%C3%A1%20a%20ser%20votado%20el%20pr%C3%B3ximo%20mi%C3%A9rcoles&#038;url=https:\/\/radiorevelacionfm.cl\/?p=37293' aria-hidden='false' data-av_icon='\ue8fc' data-av_iconfont='entypo-fontello' title='' data-avia-related-tooltip='Compartir en LinkedIn' rel=\"noopener\"><span class='avia_hidden_link_text'>Compartir en LinkedIn<\/span><\/a><\/li><li class='av-share-link av-social-link-mail' ><a  aria-label=\"Compartir por correo\" href='mailto:?subject=Gobernadora%20Mac%C3%ADas%20anuncia%20que%20proyecto%20de%20buses%20para%20Coyhaique%20volver%C3%A1%20a%20ser%20votado%20el%20pr%C3%B3ximo%20mi%C3%A9rcoles&#038;body=https:\/\/radiorevelacionfm.cl\/?p=37293' aria-hidden='false' data-av_icon='\ue805' data-av_iconfont='entypo-fontello' title='' data-avia-related-tooltip='Compartir por correo'><span class='avia_hidden_link_text'>Compartir por correo<\/span><\/a><\/li><\/ul><\/div><\/div>\n<div  style='height:50px' class='hr hr-invisible   avia-builder-el-8  el_after_av_social_share  el_before_av_comments_list '><span class='hr-inner ' ><span class='hr-inner-style'><\/span><\/span><\/div>\n<div  class='av-buildercomment  av-blog-meta-html-info-disabled av-blog-meta-tag-disabled  '><\/div>\n","protected":false},"excerpt":{"rendered":"","protected":false},"author":1,"featured_media":37294,"comment_status":"open","ping_status":"open","sticky":false,"template":"","format":"standard","meta":{"footnotes":""},"categories":[38],"tags":[],"class_list":["post-37293","post","type-post","status-publish","format-standard","has-post-thumbnail","hentry","category-regional"],"jetpack_featured_media_url":"https:\/\/radiorevelacionfm.cl\/wp-content\/uploads\/2023\/11\/buses-electricos-1_optimized.jpg","_links":{"self":[{"href":"https:\/\/radiorevelacionfm.cl\/index.php?rest_route=\/wp\/v2\/posts\/37293","targetHints":{"allow":["GET"]}}],"collection":[{"href":"https:\/\/radiorevelacionfm.cl\/index.php?rest_route=\/wp\/v2\/posts"}],"about":[{"href":"https:\/\/radiorevelacionfm.cl\/index.php?rest_route=\/wp\/v2\/types\/post"}],"author":[{"embeddable":true,"href":"https:\/\/radiorevelacionfm.cl\/index.php?rest_route=\/wp\/v2\/users\/1"}],"replies":[{"embeddable":true,"href":"https:\/\/radiorevelacionfm.cl\/index.php?rest_route=%2Fwp%2Fv2%2Fcomments&post=37293"}],"version-history":[{"count":1,"href":"https:\/\/radiorevelacionfm.cl\/index.php?rest_route=\/wp\/v2\/posts\/37293\/revisions"}],"predecessor-version":[{"id":37295,"href":"https:\/\/radiorevelacionfm.cl\/index.php?rest_route=\/wp\/v2\/posts\/37293\/revisions\/37295"}],"wp:featuredmedia":[{"embeddable":true,"href":"https:\/\/radiorevelacionfm.cl\/index.php?rest_route=\/wp\/v2\/media\/37294"}],"wp:attachment":[{"href":"https:\/\/radiorevelacionfm.cl\/index.php?rest_route=%2Fwp%2Fv2%2Fmedia&parent=37293"}],"wp:term":[{"taxonomy":"category","embeddable":true,"href":"https:\/\/radiorevelacionfm.cl\/index.php?rest_route=%2Fwp%2Fv2%2Fcategories&post=37293"},{"taxonomy":"post_tag","embeddable":true,"href":"https:\/\/radiorevelacionfm.cl\/index.php?rest_route=%2Fwp%2Fv2%2Ftags&post=37293"}],"curies":[{"name":"wp","href":"https:\/\/api.w.org\/{rel}","templated":true}]}}