{"id":3729,"date":"2021-05-02T20:27:03","date_gmt":"2021-05-02T23:27:03","guid":{"rendered":"https:\/\/radiorevelacionfm.cl\/?p=3729"},"modified":"2021-05-02T20:27:03","modified_gmt":"2021-05-02T23:27:03","slug":"inauguran-ampliacion-del-servicio-sanitario-rural-de-villa-manihuales-beneficiando-a-127-familias","status":"publish","type":"post","link":"https:\/\/radiorevelacionfm.cl\/?p=3729","title":{"rendered":"Inauguran ampliaci\u00f3n del servicio sanitario rural de Villa Ma\u00f1ihuales beneficiando a 127 familias"},"content":{"rendered":"<div class=\"flex_column av_one_full  flex_column_div av-zero-column-padding first  avia-builder-el-0  el_before_av_one_full  avia-builder-el-first  \" style='border-radius:0px; '><div  class='avia-image-container  av-styling-    avia-builder-el-1  avia-builder-el-no-sibling  avia-align-center '  itemprop=\"image\" itemscope=\"itemscope\" itemtype=\"https:\/\/schema.org\/ImageObject\"  ><div class='avia-image-container-inner'><div class='avia-image-overlay-wrap'><img decoding=\"async\" class='wp-image-0 avia-img-lazy-loading-not-0 avia_image' src=\"https:\/\/radiorevelacionfm.cl\/wp-content\/uploads\/2021\/05\/apr-vmanihuales-14-1.jpg\" alt='' title=''   itemprop=\"thumbnailUrl\"  \/><\/div><\/div><\/div><\/div><div class=\"flex_column av_one_full  flex_column_div av-zero-column-padding first  avia-builder-el-2  el_after_av_one_full  el_before_av_one_full  column-top-margin\" style='border-radius:0px; '><section class=\"av_textblock_section \"  itemscope=\"itemscope\" itemtype=\"https:\/\/schema.org\/BlogPosting\" itemprop=\"blogPost\" ><div class='avia_textblock  '   itemprop=\"text\" ><p style=\"text-align: center;\"><strong><span style=\"font-size: 18pt;\">Inauguran ampliaci\u00f3n del servicio sanitario rural de Villa Ma\u00f1ihuales beneficiando a 127 familias <\/span><\/strong><\/p>\n<div id=\"gtx-trans\" style=\"position: absolute; left: -50px; top: 4.31534px;\">\n<div class=\"gtx-trans-icon\"><\/div>\n<\/div>\n<\/div><\/section><\/div><div class=\"flex_column av_one_full  flex_column_div av-zero-column-padding first  avia-builder-el-4  el_after_av_one_full  el_before_av_hr  column-top-margin\" style='border-radius:0px; '><section class=\"av_textblock_section \"  itemscope=\"itemscope\" itemtype=\"https:\/\/schema.org\/BlogPosting\" itemprop=\"blogPost\" ><div class='avia_textblock  '   itemprop=\"text\" ><p style=\"text-align: justify;\">En un escenario de pandemia en la regi\u00f3n de Ays\u00e9n mediante el plan paso a paso Chile se Recupera, el gobierno del presidente Sebasti\u00e1n Pi\u00f1era a trav\u00e9s de la Direcci\u00f3n Regional de Obras Hidr\u00e1ulicas del MOP cumpli\u00f3 compromiso con la comunidad con la entrega de abastecimiento de agua potable a 127 nuevas familias beneficiadas.<\/p>\n<p style=\"text-align: justify;\">\u201cMe sirve para mi casa, para mis animales, especialmente para mis vecinos que muchos de ellos son adultos mayores y que lamentablemente\u00a0 en verano se secaba el agua y no hab\u00eda una forma de llegar a Ma\u00f1ihuales a buscar agua, a menos que fuera con botellones. Muchas veces hasta los bomberos nos ayudaron aunque esa agua no serv\u00eda para poder tomarla, as\u00ed que ni se imagina la felicidad y ayuda que es que llegue el agua potable\u00a0 a la casa. Antes se sacaba el agua de vertientes, o de arroyos donde se ensuciaba y hab\u00eda que ir a limpiarla y despu\u00e9s se empez\u00f3 a secar y a esconderse la vertiente y ya no hab\u00eda agua y hab\u00eda que andar acarreando en botellones o depender de la buena voluntad de alguien que nos pudiera lavar la ropa, y para ir a ba\u00f1arnos\u2026Imag\u00ednese en una casa se necesita para todo el agua. Ahora se not\u00f3 el cambio demasiado, porque funciona bien un calef\u00f3n, porque antes quiz\u00e1s con la presi\u00f3n de una vertiente un calef\u00f3n no daba, no prend\u00eda. Ahora s\u00ed prende\u201d, dijo Ada Cofre, vecina y beneficiaria de la nueva ampliaci\u00f3n del Servicio Sanitario Rural.<\/p>\n<p style=\"text-align: justify;\">Con las palabras de esta vecina que representa a las 127 familias que son nuevas beneficiarias con el abastecimiento de agua potable en sus hogares se dio inicio recientemente a la inauguraci\u00f3n de la ampliaci\u00f3n del Servicio Sanitario Rural de Villa Ma\u00f1ihuales, oportunidad en la que la Intendente de la regi\u00f3n de Ays\u00e9n, Margarita Ossa Rojas destac\u00f3 \u201cEs un momento de mucha felicidad donde podemos concretar un proyecto que demor\u00f3 cinco a\u00f1os. Son iniciativas que duran ese tiempo \u2013de agua potable rural\u2013, donde abarca 17 kil\u00f3metros, con una extensi\u00f3n larga de ca\u00f1er\u00edas, de materialidad, para poder llegar con este recurso h\u00eddrico a las familias. Y es lo que el Presidente Sebasti\u00e1n Pi\u00f1era no ha pedido, que nos enfoquemos en los proyectos que mejoren la calidad de vida y vayan dirigidos directamente a la dignidad de las personas\u201d.<\/p>\n<p style=\"text-align: justify;\">Debido al crecimiento de la poblaci\u00f3n hacia lugares aleda\u00f1os a Villa Ma\u00f1ihuales como el sector pasarela Cifuentes, accesos norte y sur, y Callej\u00f3n Cementerio surgi\u00f3 necesario efectuar la ampliaci\u00f3n de este\u00a0 sistema de agua potable rural que data del a\u00f1o 1982, y que actualmente abastece a 842 familias,\u00a0 para dar cabida a partir de hoy a nuevos n\u00facleos y poder abastecer con agua potable a m\u00e1s familias. Al respecto, la Intendente indic\u00f3 \u201cson 127 familias que hoy d\u00eda tienen la posibilidad de abrir su llave, de poder contar con un calef\u00f3n porque mejora la presi\u00f3n; no tener que trasladar agua desde las vertientes, desde los r\u00edos; adem\u00e1s, tenemos una condici\u00f3n h\u00eddrica a nivel mundial disminuida. Por lo tanto, esta posibilidad de tener este estanque de agua potable es una noticia positiva\u201d.<\/p>\n<p style=\"text-align: justify;\">El Secretario Regional Ministerial Subrogante de Obras P\u00fablicas, El\u00edas Fern\u00e1ndez-Ni\u00f1o en la ceremonia destac\u00f3 que estas obras vienen a modernizar el sistema de la Red de Distribuci\u00f3n favoreciendo al sector campesino \u201ceste es un hito hist\u00f3rico para esta localidad, debido a que estamos inaugurando la ampliaci\u00f3n de un sistema que data del a\u00f1o 1982, lo que era absolutamente necesario para los vecinos. Se hizo una extensi\u00f3n enorme ampliando la cobertura considerablemente, se mejora la calidad del agua y la presi\u00f3n del agua. En los sectores rurales los vecinos ten\u00edan que ir a acarrear agua de los r\u00edos, por lo tanto con estas obras \u00a0se \u00a0mejora su calidad de vida y sin duda se abren puertas -que antes ten\u00edan limitadas porque no contaban con agua potable- para el emprendimiento productivo\u201d.<\/p>\n<p style=\"text-align: justify;\">En tanto, el Director Regional de Obras Hidr\u00e1ulicas del MOP, Cristian Aguilar Cay\u00fan se\u00f1al\u00f3 estar muy contento de inaugurar estas obras \u201clas que consideraron la reposici\u00f3n de 746 metros de la l\u00ednea de aducci\u00f3n, mejorar el sistema a trav\u00e9s de suministro y reposici\u00f3n de los filtros de turbiedad, reemplazar la bomba dosificadora de cloro, construir un estanque de hormig\u00f3n armado semi enterrado de 30 m3, mejorar las interconexiones hidr\u00e1ulicas de los dos estanques existentes, implementar una planta elevadora de agua potable junto con la l\u00ednea de impulsi\u00f3n para el nuevo estanque, construir nuevos arranques y su grupo generador, y ampliar la red de distribuci\u00f3n en 20 kil\u00f3metros de extensi\u00f3n aumentando con ello la cantidad de personas beneficiadas, totalizando 969 familias. Nuestra Direcci\u00f3n Regional de Obras Hidr\u00e1ulicas invirti\u00f3 en estas obras $1260 millones, entregando agua potable a nuevos beneficiarios que no contaban con el recuro h\u00eddrico en sus hogares y con ello tambi\u00e9n aumentamos la capacidad del sistema el que tendr\u00e1 una vida \u00fatil de 20 a\u00f1os a una taza de demanda de crecimiento\u00a0 del 4% por lo tanto, las familias que en el futuro se quieran establecer en este sector rural \u00a0-hacia el norte y sur hacia de la pasarela Cifuentes o el sector Guzm\u00e1n- van a poder contar con agua potable, lo que es muy importante para quienes viven en la ruralidad y que desde ese mundo quieren aportar a la regi\u00f3n de Ays\u00e9n\u201d.<\/p>\n<p style=\"text-align: justify;\">El Director Regional de Obras Hidr\u00e1ulicas, en la ocasi\u00f3n tambi\u00e9n anunci\u00f3 que \u201ccontinuamos trabajando en Dise\u00f1os para nuevos Servicios Sanitarios Rurales y\/o ampliaciones de estos sistemas, ya \u00a0el a\u00f1o pasado iniciamos 10 Dise\u00f1os y este a\u00f1o son 19 los Dise\u00f1os que hemos adjudicado y que abarcan dise\u00f1os desde Melinka hasta Caleta Tortel, aumentando los recursos en materia de Agua Potable Rural este 2021, llegando pr\u00e1cticamente a los 6 mil millones s\u00f3lo en esta \u00e1rea de inversi\u00f3n\u201d.<\/p>\n<p style=\"text-align: justify;\">En la Ceremonia de inauguraci\u00f3n las autoridades regionales, integrantes del Comit\u00e9 de Agua Potable Rural y vecinos, fueron acompa\u00f1ados por el presidente del Consejo Regional de Ays\u00e9n Sergio Gonz\u00e1lez, el\u00a0 Consejero Regional Eligio Montecinos, el Concejal por Ays\u00e9n y representante protocolar del Alcalde de la comuna de Ays\u00e9n Manuel Curinao,\u00a0 el Padre Jos\u00e9 Barr\u00eda quien bendijo las obras, \u00a0la acordeonista\u00a0 Alejandra Oyarzo y en la \u00a0guitarra de Juan Carlos Aguill\u00f3n quienes animaron la jornada con \u00a0m\u00fasica regional.<\/p>\n<\/div><\/section><\/div><div  style='height:50px' class='hr hr-invisible   avia-builder-el-6  el_after_av_one_full  el_before_av_social_share '><span class='hr-inner ' ><span class='hr-inner-style'><\/span><\/span><\/div><\/p>\n<div  class='av-social-sharing-box  avia-builder-el-7  el_after_av_hr  el_before_av_hr  '><div class='av-share-box'><h5 class='av-share-link-description av-no-toc '>Compartir esta noticia<\/h5><ul class='av-share-box-list noLightbox'><li class='av-share-link av-social-link-facebook' ><a target=\"_blank\" aria-label=\"Compartir en Facebook\" href='https:\/\/www.facebook.com\/sharer.php?u=https:\/\/radiorevelacionfm.cl\/?p=3729&#038;t=Inauguran%20ampliaci%C3%B3n%20del%20servicio%20sanitario%20rural%20de%20Villa%20Ma%C3%B1ihuales%20beneficiando%20a%20127%20familias' aria-hidden='false' data-av_icon='\ue8f3' data-av_iconfont='entypo-fontello' title='' data-avia-related-tooltip='Compartir en Facebook' rel=\"noopener\"><span class='avia_hidden_link_text'>Compartir en Facebook<\/span><\/a><\/li><li class='av-share-link av-social-link-twitter' ><a target=\"_blank\" aria-label=\"Compartir en Twitter\" href='https:\/\/twitter.com\/share?text=Inauguran%20ampliaci%C3%B3n%20del%20servicio%20sanitario%20rural%20de%20Villa%20Ma%C3%B1ihuales%20beneficiando%20a%20127%20familias&#038;url=https:\/\/radiorevelacionfm.cl\/?p=3729' aria-hidden='false' data-av_icon='\ue8f1' data-av_iconfont='entypo-fontello' title='' data-avia-related-tooltip='Compartir en Twitter' rel=\"noopener\"><span class='avia_hidden_link_text'>Compartir en Twitter<\/span><\/a><\/li><li class='av-share-link av-social-link-whatsapp' ><a target=\"_blank\" aria-label=\"Compartir en Whatsapp\" href='https:\/\/api.whatsapp.com\/send?text=https:\/\/radiorevelacionfm.cl\/?p=3729' aria-hidden='false' data-av_icon='\uf232' data-av_iconfont='entypo-fontello' title='' data-avia-related-tooltip='Compartir en Whatsapp' rel=\"noopener\"><span class='avia_hidden_link_text'>Compartir en Whatsapp<\/span><\/a><\/li><li class='av-share-link av-social-link-linkedin' ><a target=\"_blank\" aria-label=\"Compartir en LinkedIn\" href='https:\/\/linkedin.com\/shareArticle?mini=true&#038;title=Inauguran%20ampliaci%C3%B3n%20del%20servicio%20sanitario%20rural%20de%20Villa%20Ma%C3%B1ihuales%20beneficiando%20a%20127%20familias&#038;url=https:\/\/radiorevelacionfm.cl\/?p=3729' aria-hidden='false' data-av_icon='\ue8fc' data-av_iconfont='entypo-fontello' title='' data-avia-related-tooltip='Compartir en LinkedIn' rel=\"noopener\"><span class='avia_hidden_link_text'>Compartir en LinkedIn<\/span><\/a><\/li><li class='av-share-link av-social-link-mail' ><a  aria-label=\"Compartir por correo\" href='mailto:?subject=Inauguran%20ampliaci%C3%B3n%20del%20servicio%20sanitario%20rural%20de%20Villa%20Ma%C3%B1ihuales%20beneficiando%20a%20127%20familias&#038;body=https:\/\/radiorevelacionfm.cl\/?p=3729' aria-hidden='false' data-av_icon='\ue805' data-av_iconfont='entypo-fontello' title='' data-avia-related-tooltip='Compartir por correo'><span class='avia_hidden_link_text'>Compartir por correo<\/span><\/a><\/li><\/ul><\/div><\/div>\n<div  style='height:50px' class='hr hr-invisible   avia-builder-el-8  el_after_av_social_share  el_before_av_comments_list '><span class='hr-inner ' ><span class='hr-inner-style'><\/span><\/span><\/div>\n<div  class='av-buildercomment  av-blog-meta-html-info-disabled av-blog-meta-tag-disabled  '><\/div>\n","protected":false},"excerpt":{"rendered":"","protected":false},"author":1,"featured_media":0,"comment_status":"open","ping_status":"open","sticky":false,"template":"","format":"standard","meta":{"footnotes":""},"categories":[38],"tags":[],"class_list":["post-3729","post","type-post","status-publish","format-standard","hentry","category-regional"],"jetpack_featured_media_url":"","_links":{"self":[{"href":"https:\/\/radiorevelacionfm.cl\/index.php?rest_route=\/wp\/v2\/posts\/3729","targetHints":{"allow":["GET"]}}],"collection":[{"href":"https:\/\/radiorevelacionfm.cl\/index.php?rest_route=\/wp\/v2\/posts"}],"about":[{"href":"https:\/\/radiorevelacionfm.cl\/index.php?rest_route=\/wp\/v2\/types\/post"}],"author":[{"embeddable":true,"href":"https:\/\/radiorevelacionfm.cl\/index.php?rest_route=\/wp\/v2\/users\/1"}],"replies":[{"embeddable":true,"href":"https:\/\/radiorevelacionfm.cl\/index.php?rest_route=%2Fwp%2Fv2%2Fcomments&post=3729"}],"version-history":[{"count":1,"href":"https:\/\/radiorevelacionfm.cl\/index.php?rest_route=\/wp\/v2\/posts\/3729\/revisions"}],"predecessor-version":[{"id":3731,"href":"https:\/\/radiorevelacionfm.cl\/index.php?rest_route=\/wp\/v2\/posts\/3729\/revisions\/3731"}],"wp:attachment":[{"href":"https:\/\/radiorevelacionfm.cl\/index.php?rest_route=%2Fwp%2Fv2%2Fmedia&parent=3729"}],"wp:term":[{"taxonomy":"category","embeddable":true,"href":"https:\/\/radiorevelacionfm.cl\/index.php?rest_route=%2Fwp%2Fv2%2Fcategories&post=3729"},{"taxonomy":"post_tag","embeddable":true,"href":"https:\/\/radiorevelacionfm.cl\/index.php?rest_route=%2Fwp%2Fv2%2Ftags&post=3729"}],"curies":[{"name":"wp","href":"https:\/\/api.w.org\/{rel}","templated":true}]}}