{"id":37280,"date":"2023-11-23T12:28:54","date_gmt":"2023-11-23T15:28:54","guid":{"rendered":"https:\/\/radiorevelacionfm.cl\/?p=37280"},"modified":"2023-11-23T12:28:54","modified_gmt":"2023-11-23T15:28:54","slug":"sistema-de-proteccion-regional-se-fortalece-con-capacitacion-a-carabineros","status":"publish","type":"post","link":"https:\/\/radiorevelacionfm.cl\/?p=37280","title":{"rendered":"Sistema de protecci\u00f3n regional se fortalece con capacitaci\u00f3n a Carabineros"},"content":{"rendered":"<div class=\"flex_column av_one_full  flex_column_div av-zero-column-padding first  avia-builder-el-0  el_before_av_one_full  avia-builder-el-first  \" style='border-radius:0px; '><div  class='avia-image-container  av-styling-    avia-builder-el-1  avia-builder-el-no-sibling  avia-align-center '  itemprop=\"image\" itemscope=\"itemscope\" itemtype=\"https:\/\/schema.org\/ImageObject\"  ><div class='avia-image-container-inner'><div class='avia-image-overlay-wrap'><img decoding=\"async\" class='wp-image-37281 avia-img-lazy-loading-not-37281 avia_image' src=\"https:\/\/radiorevelacionfm.cl\/wp-content\/uploads\/2023\/11\/foto-2-20-1_optimized-1.jpeg\" alt='' title='foto-2-(20)-(1)_optimized (1)' height=\"600\" width=\"971\"  itemprop=\"thumbnailUrl\" srcset=\"https:\/\/radiorevelacionfm.cl\/wp-content\/uploads\/2023\/11\/foto-2-20-1_optimized-1.jpeg 971w, https:\/\/radiorevelacionfm.cl\/wp-content\/uploads\/2023\/11\/foto-2-20-1_optimized-1-300x185.jpeg 300w, https:\/\/radiorevelacionfm.cl\/wp-content\/uploads\/2023\/11\/foto-2-20-1_optimized-1-768x475.jpeg 768w, https:\/\/radiorevelacionfm.cl\/wp-content\/uploads\/2023\/11\/foto-2-20-1_optimized-1-705x436.jpeg 705w, https:\/\/radiorevelacionfm.cl\/wp-content\/uploads\/2023\/11\/foto-2-20-1_optimized-1-450x278.jpeg 450w, https:\/\/radiorevelacionfm.cl\/wp-content\/uploads\/2023\/11\/foto-2-20-1_optimized-1-600x371.jpeg 600w\" sizes=\"(max-width: 971px) 100vw, 971px\" \/><\/div><\/div><\/div><\/div><div class=\"flex_column av_one_full  flex_column_div av-zero-column-padding first  avia-builder-el-2  el_after_av_one_full  el_before_av_one_full  column-top-margin\" style='border-radius:0px; '><section class=\"av_textblock_section \"  itemscope=\"itemscope\" itemtype=\"https:\/\/schema.org\/BlogPosting\" itemprop=\"blogPost\" ><div class='avia_textblock  '   itemprop=\"text\" ><p class=\"v1MsoNormal\" style=\"text-align: center;\" align=\"center\"><span style=\"font-size: 18pt;\"><b>Sistema de protecci\u00f3n regional se fortalece con capacitaci\u00f3n a Carabineros<\/b><\/span><\/p>\n<p class=\"v1MsoNormal\"><b>\u00a0<\/b><\/p>\n<div id=\"gtx-trans\" style=\"position: absolute; left: -50px; top: 4.31534px;\">\n<div class=\"gtx-trans-icon\"><\/div>\n<\/div>\n<\/div><\/section><\/div><div class=\"flex_column av_one_full  flex_column_div av-zero-column-padding first  avia-builder-el-4  el_after_av_one_full  el_before_av_hr  column-top-margin\" style='border-radius:0px; '><section class=\"av_textblock_section \"  itemscope=\"itemscope\" itemtype=\"https:\/\/schema.org\/BlogPosting\" itemprop=\"blogPost\" ><div class='avia_textblock  '   itemprop=\"text\" ><p class=\"v1MsoNormal\" style=\"text-align: justify;\">Con el objetivo de fortalecer nuestro sistema de protecci\u00f3n regional y mejorar su capacidad de respuesta, este jueves se dio inicio a una jornada de capacitaci\u00f3n para la unidad de Control de Orden P\u00fablico de Carabineros que apoyar\u00e1 el combate de incendios durante el periodo de mayor ocurrencia de incendios forestales.<\/p>\n<p class=\"v1MsoNormal\" style=\"text-align: justify;\">La actividad fue relevada por la directora regional de CONAF, Loreto Pedrasa Manieu, quien junto al Seremi de Agricultura de Ays\u00e9n, Alan Espinoza Ortiz; el Prefecto de Carabineros Coronel Fuad Chaban Vilches, y el director regional de Senapred, Sidi Bravo Donoso, llegaron hasta la 5\u00aa Comisar\u00eda de Control de \u00d3rden P\u00fablico (COP) para saludar a los efectivos que ya est\u00e1n siendo capacitados por un equipo de especialistas del Departamento de\u00a0Protecci\u00f3n contra Incendios Forestales (DEPRIF) de CONAF Ays\u00e9n, en temas relativos al comportamiento del fuego, m\u00e9todos de extinci\u00f3n, formas de ataque y medidas de autocuidado, entre otros, para as\u00ed fortalecer sus habilidades y conocimientos sobre el combate de incendios forestales.<\/p>\n<p class=\"v1MsoNormal\" style=\"text-align: justify;\">En tal sentido, el Secretario Regional Ministerial de Agricultura destac\u00f3 la iniciativa se\u00f1alando que \u00abesto nos ampl\u00eda la posibilidad de tener m\u00e1s personal altamente calificado en caso de ser necesario, den los incendios forestales en esta 2023-2024, pero lo m\u00e1s importante es seguir haciendo un llamado a la prevenci\u00f3n; prevenir un incendio forestal es mucho m\u00e1s f\u00e1cil que combatirlo.\u00bb<\/p>\n<p class=\"v1MsoNormal\" style=\"text-align: justify;\">Por su parte, la m\u00e1xima autoridad de CONAF en Ays\u00e9n explic\u00f3: \u00abAqu\u00ed vamos a estar cuatro d\u00edas con estas 28 personas y en dos turnos; van a tener una capacitaci\u00f3n te\u00f3rica y otra pr\u00e1ctica, con el objetivo de sumarse a la fuerza de combate que va a tener la regi\u00f3n&#8230;una regi\u00f3n aislada que requiere diversificar sus herramientas y su personal, y contar con distintos contingentes que puedan sumarse en caso de una emergencia\u00bb.<\/p>\n<p class=\"v1MsoNormal\" style=\"text-align: justify;\">Del mismo modo, el Prefecto de Carabineros Coronel Fuad Chaban Vilches, valor\u00f3 la instancia, que contribuir\u00e1 a \u00abprevenir este tipo de incendios forestales en la regi\u00f3n y poder ser una ayuda tanto a CONAF como para las otras agencias que trabajan en el combate hacia el fuego, y as\u00ed nosotros tambi\u00e9n podemos entregar ayuda, con nuestros medios log\u00edsticos y humanos, a la regi\u00f3n.\u00bb<\/p>\n<p class=\"v1MsoNormal\" style=\"text-align: justify;\">\u00abEn el mes de septiembre, como tambi\u00e9n en las reuniones de mesa t\u00e9cnicas derivadas del COGRID Regional de Ays\u00e9n, el ex COE, se han dado instrucciones -por parte de nuestro Delegado Presidencial Regional- , para poder hacer trabajos en el \u00e1rea de la prevenci\u00f3n\u00a0 y de la preparaci\u00f3n de la temporalidad de incendios forestales; por tal raz\u00f3n, se ha reunido una mesa t\u00e9cnica que es del CARGIR del Ministerio de Agricultura (presidida por el Seremi), para bordar multisectorialmente desde el \u00e1rea de la agricultura, el tema de la prevenci\u00f3n de incendios forestales, como de la respuesta a la operaci\u00f3n del incendio forestal\u00bb, remat\u00f3 Sidi Bravo Donoso, director regional de SENAPRED.<\/p>\n<\/div><\/section><\/div><div  style='height:50px' class='hr hr-invisible   avia-builder-el-6  el_after_av_one_full  el_before_av_social_share '><span class='hr-inner ' ><span class='hr-inner-style'><\/span><\/span><\/div><\/p>\n<div  class='av-social-sharing-box  avia-builder-el-7  el_after_av_hr  el_before_av_hr  '><div class='av-share-box'><h5 class='av-share-link-description av-no-toc '>Compartir esta noticia<\/h5><ul class='av-share-box-list noLightbox'><li class='av-share-link av-social-link-facebook' ><a target=\"_blank\" aria-label=\"Compartir en Facebook\" href='https:\/\/www.facebook.com\/sharer.php?u=https:\/\/radiorevelacionfm.cl\/?p=37280&#038;t=Sistema%20de%20protecci%C3%B3n%20regional%20se%20fortalece%20con%20capacitaci%C3%B3n%20a%20Carabineros' aria-hidden='false' data-av_icon='\ue8f3' data-av_iconfont='entypo-fontello' title='' data-avia-related-tooltip='Compartir en Facebook' rel=\"noopener\"><span class='avia_hidden_link_text'>Compartir en Facebook<\/span><\/a><\/li><li class='av-share-link av-social-link-twitter' ><a target=\"_blank\" aria-label=\"Compartir en Twitter\" href='https:\/\/twitter.com\/share?text=Sistema%20de%20protecci%C3%B3n%20regional%20se%20fortalece%20con%20capacitaci%C3%B3n%20a%20Carabineros&#038;url=https:\/\/radiorevelacionfm.cl\/?p=37280' aria-hidden='false' data-av_icon='\ue8f1' data-av_iconfont='entypo-fontello' title='' data-avia-related-tooltip='Compartir en Twitter' rel=\"noopener\"><span class='avia_hidden_link_text'>Compartir en Twitter<\/span><\/a><\/li><li class='av-share-link av-social-link-whatsapp' ><a target=\"_blank\" aria-label=\"Compartir en Whatsapp\" href='https:\/\/api.whatsapp.com\/send?text=https:\/\/radiorevelacionfm.cl\/?p=37280' aria-hidden='false' data-av_icon='\uf232' data-av_iconfont='entypo-fontello' title='' data-avia-related-tooltip='Compartir en Whatsapp' rel=\"noopener\"><span class='avia_hidden_link_text'>Compartir en Whatsapp<\/span><\/a><\/li><li class='av-share-link av-social-link-linkedin' ><a target=\"_blank\" aria-label=\"Compartir en LinkedIn\" href='https:\/\/linkedin.com\/shareArticle?mini=true&#038;title=Sistema%20de%20protecci%C3%B3n%20regional%20se%20fortalece%20con%20capacitaci%C3%B3n%20a%20Carabineros&#038;url=https:\/\/radiorevelacionfm.cl\/?p=37280' aria-hidden='false' data-av_icon='\ue8fc' data-av_iconfont='entypo-fontello' title='' data-avia-related-tooltip='Compartir en LinkedIn' rel=\"noopener\"><span class='avia_hidden_link_text'>Compartir en LinkedIn<\/span><\/a><\/li><li class='av-share-link av-social-link-mail' ><a  aria-label=\"Compartir por correo\" href='mailto:?subject=Sistema%20de%20protecci%C3%B3n%20regional%20se%20fortalece%20con%20capacitaci%C3%B3n%20a%20Carabineros&#038;body=https:\/\/radiorevelacionfm.cl\/?p=37280' aria-hidden='false' data-av_icon='\ue805' data-av_iconfont='entypo-fontello' title='' data-avia-related-tooltip='Compartir por correo'><span class='avia_hidden_link_text'>Compartir por correo<\/span><\/a><\/li><\/ul><\/div><\/div>\n<div  style='height:50px' class='hr hr-invisible   avia-builder-el-8  el_after_av_social_share  el_before_av_comments_list '><span class='hr-inner ' ><span class='hr-inner-style'><\/span><\/span><\/div>\n<div  class='av-buildercomment  av-blog-meta-html-info-disabled av-blog-meta-tag-disabled  '><\/div>\n","protected":false},"excerpt":{"rendered":"","protected":false},"author":1,"featured_media":37281,"comment_status":"open","ping_status":"open","sticky":false,"template":"","format":"standard","meta":{"footnotes":""},"categories":[38],"tags":[],"class_list":["post-37280","post","type-post","status-publish","format-standard","has-post-thumbnail","hentry","category-regional"],"jetpack_featured_media_url":"https:\/\/radiorevelacionfm.cl\/wp-content\/uploads\/2023\/11\/foto-2-20-1_optimized-1.jpeg","_links":{"self":[{"href":"https:\/\/radiorevelacionfm.cl\/index.php?rest_route=\/wp\/v2\/posts\/37280","targetHints":{"allow":["GET"]}}],"collection":[{"href":"https:\/\/radiorevelacionfm.cl\/index.php?rest_route=\/wp\/v2\/posts"}],"about":[{"href":"https:\/\/radiorevelacionfm.cl\/index.php?rest_route=\/wp\/v2\/types\/post"}],"author":[{"embeddable":true,"href":"https:\/\/radiorevelacionfm.cl\/index.php?rest_route=\/wp\/v2\/users\/1"}],"replies":[{"embeddable":true,"href":"https:\/\/radiorevelacionfm.cl\/index.php?rest_route=%2Fwp%2Fv2%2Fcomments&post=37280"}],"version-history":[{"count":1,"href":"https:\/\/radiorevelacionfm.cl\/index.php?rest_route=\/wp\/v2\/posts\/37280\/revisions"}],"predecessor-version":[{"id":37282,"href":"https:\/\/radiorevelacionfm.cl\/index.php?rest_route=\/wp\/v2\/posts\/37280\/revisions\/37282"}],"wp:featuredmedia":[{"embeddable":true,"href":"https:\/\/radiorevelacionfm.cl\/index.php?rest_route=\/wp\/v2\/media\/37281"}],"wp:attachment":[{"href":"https:\/\/radiorevelacionfm.cl\/index.php?rest_route=%2Fwp%2Fv2%2Fmedia&parent=37280"}],"wp:term":[{"taxonomy":"category","embeddable":true,"href":"https:\/\/radiorevelacionfm.cl\/index.php?rest_route=%2Fwp%2Fv2%2Fcategories&post=37280"},{"taxonomy":"post_tag","embeddable":true,"href":"https:\/\/radiorevelacionfm.cl\/index.php?rest_route=%2Fwp%2Fv2%2Ftags&post=37280"}],"curies":[{"name":"wp","href":"https:\/\/api.w.org\/{rel}","templated":true}]}}