{"id":37278,"date":"2023-11-23T11:38:46","date_gmt":"2023-11-23T14:38:46","guid":{"rendered":"https:\/\/radiorevelacionfm.cl\/?p=37278"},"modified":"2023-11-23T11:38:46","modified_gmt":"2023-11-23T14:38:46","slug":"familias-tienen-plazo-hasta-este-viernes-24-de-noviembre-para-postular-nuevamente-al-sae","status":"publish","type":"post","link":"https:\/\/radiorevelacionfm.cl\/?p=37278","title":{"rendered":"Familias tienen plazo hasta este viernes 24 de noviembre para postular nuevamente al SAE"},"content":{"rendered":"<div class=\"flex_column av_one_full  flex_column_div av-zero-column-padding first  avia-builder-el-0  el_before_av_one_full  avia-builder-el-first  \" style='border-radius:0px; '><div  class='avia-image-container  av-styling-    avia-builder-el-1  avia-builder-el-no-sibling  avia-align-center '  itemprop=\"image\" itemscope=\"itemscope\" itemtype=\"https:\/\/schema.org\/ImageObject\"  ><div class='avia-image-container-inner'><div class='avia-image-overlay-wrap'><img decoding=\"async\" class='wp-image-6864 avia-img-lazy-loading-not-6864 avia_image' src=\"https:\/\/radiorevelacionfm.cl\/wp-content\/uploads\/2021\/07\/SAE1-1-1-1.jpg\" alt='' title='SAE1 (1) (1)' height=\"600\" width=\"899\"  itemprop=\"thumbnailUrl\" srcset=\"https:\/\/radiorevelacionfm.cl\/wp-content\/uploads\/2021\/07\/SAE1-1-1-1.jpg 899w, https:\/\/radiorevelacionfm.cl\/wp-content\/uploads\/2021\/07\/SAE1-1-1-1-300x200.jpg 300w, https:\/\/radiorevelacionfm.cl\/wp-content\/uploads\/2021\/07\/SAE1-1-1-1-768x513.jpg 768w, https:\/\/radiorevelacionfm.cl\/wp-content\/uploads\/2021\/07\/SAE1-1-1-1-705x471.jpg 705w, https:\/\/radiorevelacionfm.cl\/wp-content\/uploads\/2021\/07\/SAE1-1-1-1-600x400.jpg 600w\" sizes=\"(max-width: 899px) 100vw, 899px\" \/><\/div><\/div><\/div><\/div><div class=\"flex_column av_one_full  flex_column_div av-zero-column-padding first  avia-builder-el-2  el_after_av_one_full  el_before_av_one_full  column-top-margin\" style='border-radius:0px; '><section class=\"av_textblock_section \"  itemscope=\"itemscope\" itemtype=\"https:\/\/schema.org\/BlogPosting\" itemprop=\"blogPost\" ><div class='avia_textblock  '   itemprop=\"text\" ><p style=\"text-align: center;\"><span style=\"font-size: 18pt;\"><b>Familias tienen plazo hasta este viernes 24 de noviembre para postular nuevamente\u00a0al SAE<\/b><\/span><\/p>\n<div id=\"gtx-trans\" style=\"position: absolute; left: -50px; top: 4.31534px;\">\n<div class=\"gtx-trans-icon\"><\/div>\n<\/div>\n<\/div><\/section><\/div><div class=\"flex_column av_one_full  flex_column_div av-zero-column-padding first  avia-builder-el-4  el_after_av_one_full  el_before_av_hr  column-top-margin\" style='border-radius:0px; '><section class=\"av_textblock_section \"  itemscope=\"itemscope\" itemtype=\"https:\/\/schema.org\/BlogPosting\" itemprop=\"blogPost\" ><div class='avia_textblock  '   itemprop=\"text\" ><p class=\"v1MsoNormal\" style=\"text-align: justify;\">Este viernes 24 de noviembre, a las 17 horas, culmina el Per\u00edodo Complementario de postulaci\u00f3n al Sistema de Admisi\u00f3n Escolar (SAE), que es una nueva oportunidad para que las familias que a\u00fan no tienen un establecimiento para el a\u00f1o escolar 2024, encuentren una vacante en un establecimiento p\u00fablico o particular subvencionado.<\/p>\n<p class=\"v1MsoNormal\" style=\"text-align: justify;\">En este nuevo proceso\u00a0deben postular:<\/p>\n<ol style=\"text-align: justify;\" start=\"1\" type=\"1\">\n<li class=\"v1MsoNormal\"><b>Todos los apoderados que rechazaron<\/b>\u00a0el establecimiento que les fue asignado en el Per\u00edodo Principal del SAE, lo que incluye a quienes rechazaron la asignaci\u00f3n luego de que fue informada la lista de espera.<\/li>\n<li class=\"v1MsoNormal\"><b>Todos los apoderados que quedaron sin un establecimiento asignado<\/b>\u00a0en el Per\u00edodo Principal de postulaci\u00f3n y tampoco obtuvieron una vacante en la lista de espera.<\/li>\n<li class=\"v1MsoNormal\"><b>Todos los apoderados que no postularon en el Per\u00edodo Principal del SAE<\/b>, por el motivo que sea, y que ahora deseen hacerlo para cambiarse de colegio o ingresar a un establecimiento p\u00fablico o particular subvencionado.<\/li>\n<\/ol>\n<p class=\"v1MsoNormal\" style=\"text-align: justify;\">El SAE permite acceder a un establecimiento a\u00a0<b>estudiantes cuyas\u00a0escuelas\u00a0no cuentan\u00a0con el siguiente nivel educativo<\/b>\u00a0(por ejemplo, alumnos que pasan a Primero Medio\u00a0pero est\u00e1n en un colegio que solo llega hasta Octavo B\u00e1sico), a los ni\u00f1os y ni\u00f1as que reci\u00e9n est\u00e1n entrando al sistema escolar, y a las familias que desean cambiarse de establecimiento.<\/p>\n<p class=\"v1MsoNormal\" style=\"text-align: justify;\"><b>\u00bfC\u00f3mo funciona el SAE?<\/b><\/p>\n<p class=\"v1MsoNormal\" style=\"text-align: justify;\">Las familias deben ingresar a la plataforma\u00a0<u><a href=\"https:\/\/www.sistemadeadmisionescolar.cl\/\" target=\"_blank\" rel=\"noopener noreferrer\">https:\/\/www.sistemadeadmisionescolar.cl<\/a>, pinchar en \u201cpostula aqu\u00ed\u201d e ingresar con sus datos. Ah\u00ed podr\u00e1n utilizar los filtros que ofrece la plataforma para buscar los establecimientos educacionales que m\u00e1s se acerquen a sus preferencias o que est\u00e9n ubicados en su zona de inter\u00e9s. Es fundamental que las familias utilicen los filtros, ya que as\u00ed encontrar\u00e1n m\u00e1s y mejores opciones para agregarlas a su listado de preferencias. \u00a0\u00a0<\/u><\/p>\n<p class=\"v1MsoNormal\" style=\"text-align: justify;\">Entre los filtros que pueden usar, est\u00e1 el de regi\u00f3n y comuna, la modalidad de ense\u00f1anza,\u00a0el tipo de jornada, el tipo de sostenedor y los programas de apoyo que tenga el establecimiento.<\/p>\n<p class=\"v1MsoNormal\" style=\"text-align: justify;\">El Mineduc les recuerda a las familias que mientras m\u00e1s opciones de establecimientos marquen, m\u00e1s posibilidades tendr\u00e1n de obtener una vacante, por lo que es muy importante tomarse el tiempo de navegar en la vitrina y escoger varias alternativas de postulaci\u00f3n.<\/p>\n<p class=\"v1MsoNormal\" style=\"text-align: justify;\">Para mayor informaci\u00f3n y resolver dudas, pueden\u00a0<u><a href=\"https:\/\/www.sistemadeadmisionescolar.cl\/resultados-de-admision.html\" target=\"_blank\" rel=\"noopener noreferrer\">ingresar a esta p\u00e1gina<\/a>\u00a0o llamar al call\u00a0center 600 600 26 26.\u00a0<\/u><\/p>\n<p class=\"v1MsoNormal\" style=\"text-align: justify;\"><b>Las fechas que vienen del SAE<\/b><\/p>\n<ul type=\"disc\">\n<li class=\"v1MsoNormal\" style=\"text-align: justify;\">Per\u00edodo Complementario: 17 al 24 de noviembre<\/li>\n<li class=\"v1MsoNormal\" style=\"text-align: justify;\">Publicaci\u00f3n de resultados del Per\u00edodo Complementario: 7 de diciembre<\/li>\n<li class=\"v1MsoNormal\" style=\"text-align: justify;\">Matr\u00edcula a establecimientos: 11 al 22 de diciembre<\/li>\n<li class=\"v1MsoNormal\" style=\"text-align: justify;\">Per\u00edodo de regularizaci\u00f3n para repitentes: 26 y 27 de diciembre<\/li>\n<\/ul>\n<\/div><\/section><\/div><div  style='height:50px' class='hr hr-invisible   avia-builder-el-6  el_after_av_one_full  el_before_av_social_share '><span class='hr-inner ' ><span class='hr-inner-style'><\/span><\/span><\/div><\/p>\n<div  class='av-social-sharing-box  avia-builder-el-7  el_after_av_hr  el_before_av_hr  '><div class='av-share-box'><h5 class='av-share-link-description av-no-toc '>Compartir esta noticia<\/h5><ul class='av-share-box-list noLightbox'><li class='av-share-link av-social-link-facebook' ><a target=\"_blank\" aria-label=\"Compartir en Facebook\" href='https:\/\/www.facebook.com\/sharer.php?u=https:\/\/radiorevelacionfm.cl\/?p=37278&#038;t=Familias%20tienen%20plazo%20hasta%20este%20viernes%2024%20de%20noviembre%20para%20postular%20nuevamente%20al%20SAE' aria-hidden='false' data-av_icon='\ue8f3' data-av_iconfont='entypo-fontello' title='' data-avia-related-tooltip='Compartir en Facebook' rel=\"noopener\"><span class='avia_hidden_link_text'>Compartir en Facebook<\/span><\/a><\/li><li class='av-share-link av-social-link-twitter' ><a target=\"_blank\" aria-label=\"Compartir en Twitter\" href='https:\/\/twitter.com\/share?text=Familias%20tienen%20plazo%20hasta%20este%20viernes%2024%20de%20noviembre%20para%20postular%20nuevamente%20al%20SAE&#038;url=https:\/\/radiorevelacionfm.cl\/?p=37278' aria-hidden='false' data-av_icon='\ue8f1' data-av_iconfont='entypo-fontello' title='' data-avia-related-tooltip='Compartir en Twitter' rel=\"noopener\"><span class='avia_hidden_link_text'>Compartir en Twitter<\/span><\/a><\/li><li class='av-share-link av-social-link-whatsapp' ><a target=\"_blank\" aria-label=\"Compartir en Whatsapp\" href='https:\/\/api.whatsapp.com\/send?text=https:\/\/radiorevelacionfm.cl\/?p=37278' aria-hidden='false' data-av_icon='\uf232' data-av_iconfont='entypo-fontello' title='' data-avia-related-tooltip='Compartir en Whatsapp' rel=\"noopener\"><span class='avia_hidden_link_text'>Compartir en Whatsapp<\/span><\/a><\/li><li class='av-share-link av-social-link-linkedin' ><a target=\"_blank\" aria-label=\"Compartir en LinkedIn\" href='https:\/\/linkedin.com\/shareArticle?mini=true&#038;title=Familias%20tienen%20plazo%20hasta%20este%20viernes%2024%20de%20noviembre%20para%20postular%20nuevamente%20al%20SAE&#038;url=https:\/\/radiorevelacionfm.cl\/?p=37278' aria-hidden='false' data-av_icon='\ue8fc' data-av_iconfont='entypo-fontello' title='' data-avia-related-tooltip='Compartir en LinkedIn' rel=\"noopener\"><span class='avia_hidden_link_text'>Compartir en LinkedIn<\/span><\/a><\/li><li class='av-share-link av-social-link-mail' ><a  aria-label=\"Compartir por correo\" href='mailto:?subject=Familias%20tienen%20plazo%20hasta%20este%20viernes%2024%20de%20noviembre%20para%20postular%20nuevamente%20al%20SAE&#038;body=https:\/\/radiorevelacionfm.cl\/?p=37278' aria-hidden='false' data-av_icon='\ue805' data-av_iconfont='entypo-fontello' title='' data-avia-related-tooltip='Compartir por correo'><span class='avia_hidden_link_text'>Compartir por correo<\/span><\/a><\/li><\/ul><\/div><\/div>\n<div  style='height:50px' class='hr hr-invisible   avia-builder-el-8  el_after_av_social_share  el_before_av_comments_list '><span class='hr-inner ' ><span class='hr-inner-style'><\/span><\/span><\/div>\n<div  class='av-buildercomment  av-blog-meta-html-info-disabled av-blog-meta-tag-disabled  '><\/div>\n","protected":false},"excerpt":{"rendered":"","protected":false},"author":1,"featured_media":6864,"comment_status":"open","ping_status":"open","sticky":false,"template":"","format":"standard","meta":{"footnotes":""},"categories":[49],"tags":[],"class_list":["post-37278","post","type-post","status-publish","format-standard","has-post-thumbnail","hentry","category-educacion"],"jetpack_featured_media_url":"https:\/\/radiorevelacionfm.cl\/wp-content\/uploads\/2021\/07\/SAE1-1-1-1.jpg","_links":{"self":[{"href":"https:\/\/radiorevelacionfm.cl\/index.php?rest_route=\/wp\/v2\/posts\/37278","targetHints":{"allow":["GET"]}}],"collection":[{"href":"https:\/\/radiorevelacionfm.cl\/index.php?rest_route=\/wp\/v2\/posts"}],"about":[{"href":"https:\/\/radiorevelacionfm.cl\/index.php?rest_route=\/wp\/v2\/types\/post"}],"author":[{"embeddable":true,"href":"https:\/\/radiorevelacionfm.cl\/index.php?rest_route=\/wp\/v2\/users\/1"}],"replies":[{"embeddable":true,"href":"https:\/\/radiorevelacionfm.cl\/index.php?rest_route=%2Fwp%2Fv2%2Fcomments&post=37278"}],"version-history":[{"count":1,"href":"https:\/\/radiorevelacionfm.cl\/index.php?rest_route=\/wp\/v2\/posts\/37278\/revisions"}],"predecessor-version":[{"id":37279,"href":"https:\/\/radiorevelacionfm.cl\/index.php?rest_route=\/wp\/v2\/posts\/37278\/revisions\/37279"}],"wp:featuredmedia":[{"embeddable":true,"href":"https:\/\/radiorevelacionfm.cl\/index.php?rest_route=\/wp\/v2\/media\/6864"}],"wp:attachment":[{"href":"https:\/\/radiorevelacionfm.cl\/index.php?rest_route=%2Fwp%2Fv2%2Fmedia&parent=37278"}],"wp:term":[{"taxonomy":"category","embeddable":true,"href":"https:\/\/radiorevelacionfm.cl\/index.php?rest_route=%2Fwp%2Fv2%2Fcategories&post=37278"},{"taxonomy":"post_tag","embeddable":true,"href":"https:\/\/radiorevelacionfm.cl\/index.php?rest_route=%2Fwp%2Fv2%2Ftags&post=37278"}],"curies":[{"name":"wp","href":"https:\/\/api.w.org\/{rel}","templated":true}]}}