{"id":37273,"date":"2023-11-23T09:56:29","date_gmt":"2023-11-23T12:56:29","guid":{"rendered":"https:\/\/radiorevelacionfm.cl\/?p=37273"},"modified":"2023-11-23T09:56:29","modified_gmt":"2023-11-23T12:56:29","slug":"mop-adjudica-obras-de-pavimentacion-del-camino-a-lago-atravesado","status":"publish","type":"post","link":"https:\/\/radiorevelacionfm.cl\/?p=37273","title":{"rendered":"MOP adjudica obras de pavimentaci\u00f3n del camino a Lago Atravesado"},"content":{"rendered":"<div class=\"flex_column av_one_full  flex_column_div av-zero-column-padding first  avia-builder-el-0  el_before_av_one_full  avia-builder-el-first  \" style='border-radius:0px; '><div  class='avia-image-container  av-styling-    avia-builder-el-1  avia-builder-el-no-sibling  avia-align-center '  itemprop=\"image\" itemscope=\"itemscope\" itemtype=\"https:\/\/schema.org\/ImageObject\"  ><div class='avia-image-container-inner'><div class='avia-image-overlay-wrap'><img decoding=\"async\" class='wp-image-37274 avia-img-lazy-loading-not-37274 avia_image' src=\"https:\/\/radiorevelacionfm.cl\/wp-content\/uploads\/2023\/11\/lago-atravesado-2_optimized.jpg\" alt='' title='lago-atravesado-2_optimized' height=\"621\" width=\"1193\"  itemprop=\"thumbnailUrl\" srcset=\"https:\/\/radiorevelacionfm.cl\/wp-content\/uploads\/2023\/11\/lago-atravesado-2_optimized.jpg 1193w, https:\/\/radiorevelacionfm.cl\/wp-content\/uploads\/2023\/11\/lago-atravesado-2_optimized-300x156.jpg 300w, https:\/\/radiorevelacionfm.cl\/wp-content\/uploads\/2023\/11\/lago-atravesado-2_optimized-1030x536.jpg 1030w, https:\/\/radiorevelacionfm.cl\/wp-content\/uploads\/2023\/11\/lago-atravesado-2_optimized-768x400.jpg 768w, https:\/\/radiorevelacionfm.cl\/wp-content\/uploads\/2023\/11\/lago-atravesado-2_optimized-705x367.jpg 705w, https:\/\/radiorevelacionfm.cl\/wp-content\/uploads\/2023\/11\/lago-atravesado-2_optimized-450x234.jpg 450w, https:\/\/radiorevelacionfm.cl\/wp-content\/uploads\/2023\/11\/lago-atravesado-2_optimized-600x312.jpg 600w\" sizes=\"(max-width: 1193px) 100vw, 1193px\" \/><\/div><\/div><\/div><\/div><div class=\"flex_column av_one_full  flex_column_div av-zero-column-padding first  avia-builder-el-2  el_after_av_one_full  el_before_av_one_full  column-top-margin\" style='border-radius:0px; '><section class=\"av_textblock_section \"  itemscope=\"itemscope\" itemtype=\"https:\/\/schema.org\/BlogPosting\" itemprop=\"blogPost\" ><div class='avia_textblock  '   itemprop=\"text\" ><p style=\"text-align: center;\"><strong><span style=\"font-size: 18pt;\">MOP adjudica obras de pavimentaci\u00f3n del camino a Lago Atravesado<\/span><\/strong><\/p>\n<div id=\"gtx-trans\" style=\"position: absolute; left: -50px; top: 4.31534px;\">\n<div class=\"gtx-trans-icon\"><\/div>\n<\/div>\n<\/div><\/section><\/div><div class=\"flex_column av_one_full  flex_column_div av-zero-column-padding first  avia-builder-el-4  el_after_av_one_full  el_before_av_hr  column-top-margin\" style='border-radius:0px; '><section class=\"av_textblock_section \"  itemscope=\"itemscope\" itemtype=\"https:\/\/schema.org\/BlogPosting\" itemprop=\"blogPost\" ><div class='avia_textblock  '   itemprop=\"text\" ><p style=\"text-align: justify;\"><em>Trabajo colaborativo entre el gobierno y la comunidad, entrega positivos resultados. Obras fueron adjudicadas a la Empresa Constructora Flesan y ser\u00e1n fiscalizadas por la Direcci\u00f3n Regional de Vialidad del MOP.<\/em><\/p>\n<p style=\"text-align: justify;\">Hasta el sector de Lago Atravesado llegaron esta tarde (22 de noviembre) el Secretario Regional Ministerial de Obras P\u00fablicas Patricio Sanhueza Ulloa y equipo de Vialidad, quienes junto a la Gobernadora Regional Andrea Mac\u00edas, el Delegado Presidencial Regional Rodrigo Araya y el Alcalde de la comuna de Coyhaique Carlos Gatica informaron a los dirigentes y vecinas y vecinos del sector, que fue adjudicada la pavimentaci\u00f3n del camino a Lago Atravesado.<\/p>\n<p style=\"text-align: justify;\">\u201cHemos ido hasta la casa de \u00d3scar Cadag\u00e1n, para anunciarles que hoy 22 de noviembre la Contralor\u00eda General de la Rep\u00fablica ha tomado raz\u00f3n de la resoluci\u00f3n de adjudicaci\u00f3n, que nos permite adjudicar la pavimentaci\u00f3n del camino cruce Aer\u00f3dromo Teniente Vidal-lago Atravesado a la empresa constructora Flesan. Ha sido un proceso largo y duro y en donde hemos puesto todas nuestras capacidades t\u00e9cnicas, y la propuesta de los equipos regionales de Vialidad que yo como SEREMI de Obras P\u00fablicas he avalado, es la que ha prosperado, as\u00ed que agradecemos a quienes nos han apoyado, al dirigente \u00d3scar Cadag\u00e1n quien es un l\u00edder emblem\u00e1tico que lleva m\u00e1s de una d\u00e9cada impulsando que se logre este anhelado objetivo, el que tambi\u00e9n ha sido el sue\u00f1o de todos los dirigentes con los que hemos trabajado desde el inicio de nuestro gobierno del presidente Gabriel Boric de una manera muy colaborativa y constructiva, para concretar estas obras, y beneficiar a la comunidad\u201d, afirm\u00f3 el SEREMI del MOP.<\/p>\n<p style=\"text-align: justify;\">Ahora contin\u00faa el proceso con la realizaci\u00f3n de los tr\u00e1mites administrativos. \u201cLa empresa una vez que tome conocimiento de la toma de raz\u00f3n de Contralor\u00eda -como en todo contrato de obra p\u00fablica- deber\u00e1 presentar su boleta de garant\u00eda, en enero se har\u00e1 entrega de terreno y en los pr\u00f3ximos meses la empresa constructora comenzar\u00e1 a mostrar su trabajo. Estamos muy contentos con este resultado, es una alegr\u00eda para todos los y las vecinas, y con esto queda absolutamente claro que en ning\u00fan momento hemos mentido, y que no hemos tratado de dilatar el proceso, porque siempre nuestro\u00a0 objetivo es construir obras para la comunidad, como nos lo ha pedido nuestro presidente Gabriel Boric, esto lo hacemos con y para las comunidades, as\u00ed que como ellos nos han acompa\u00f1ado durante todo este proceso, hoy estamos aqu\u00ed en la casa del vecino \u00f3scar Cadag\u00e1n, en terreno y con los vecinos para felicitarlos por este gran logro, que es fruto de un trabajo mancomunado entre el gobierno y la comunidad. Hoy estamos muy orgullosos, porque este tambi\u00e9n es un compromiso cumplido de nuestro gobierno\u201d, asegur\u00f3 Patricio Sanhueza.<\/p>\n<p style=\"text-align: justify;\">Las obras que consideran una inversi\u00f3n de 17 mil millones de pesos, se extender\u00e1n por 10,2 kil\u00f3metros, y se desarrollar\u00e1n en un plazo de 720 d\u00edas. Estos trabajos mejoraran las condiciones de conectividad, transitabilidad y seguridad al cambiar la bidireccionalidad a dos calzadas, disminuyendo probabilidades de accidentes por colisiones y\/o desprendimiento de material de los taludes por las mallas; disminuir\u00e1n tambi\u00e9n los tiempos de desplazamiento en toda \u00e9poca del a\u00f1o para los veh\u00edculos que transitan diariamente por el sector desde y hacia la Capital Regional, quienes tambi\u00e9n podr\u00e1n acceder en mejores condiciones a la oferta del Estado y del sector privado, as\u00ed como tambi\u00e9n impulsar el desarrollo productivo como la venta de le\u00f1a y producci\u00f3n hort\u00edcola y tur\u00edstica del sector, facilitando adem\u00e1s, el tr\u00e1nsito para los servicios de emergencia como bomberos y ambulancias.<\/p>\n<p style=\"text-align: justify;\">Junto a los y las vecinas, el Delegado Presidencial Regional Rodrigo Araya Morales coment\u00f3 que estas obras han sido muy anheladas por la comunidad. \u201cEllos nos comentaban que son m\u00e1s de diez a\u00f1os que est\u00e1n peleando por estas obras, que han tenido tantas vicisitudes, esperanzas y desesperanzas y que ahora podemos concretar. En enero esperamos poder entregar terreno a la empresa para que empiecen las obras y se pueda concluir felizmente este proceso, as\u00ed que estamos muy contentos de estar ac\u00e1 y muy contentos tambi\u00e9n por la alegr\u00eda que tienen los vecinos\u201d.<\/p>\n<p style=\"text-align: justify;\">Muy emocionado con esta noticia est\u00e1 el poblador Oscar Cadag\u00e1n presidente del Comit\u00e9 Pro Pavimentaci\u00f3n del camino a Lago Atravesado, quien expres\u00f3 su alegr\u00eda: \u201cContento. Muy contento, porque la verdad es que hemos sufrido mucho, pero ten\u00edamos mucha fe\u00a0 que esto iba a salir, y sali\u00f3. Esperamos a\u00f1os, d\u00e9cadas como dijo el Seremi, pero estamos muy contentos, muy contentos\u00a0 porque por fin lo logramos, con el esfuerzo y trabajo de las autoridades y el nuestro, as\u00ed que muy agradecido\u201d.<\/p>\n<p style=\"text-align: justify;\">De igual forma, Melchor Cadag\u00e1n, presidente de la Junta de Vecinos lago Atravesado manifest\u00f3 su alegr\u00eda por la buena noticia, indicando que \u201cestamos muy contentos con la informaci\u00f3n que nos confirma que el pavimento del camino a lago Atravesado va. Hay empresa, y pronto se har\u00e1 la entrega de terreno, as\u00ed que feliz porque es algo que venimos siguiendo hace a\u00f1os junto con don \u00d3scar y el presidente del sector El Claro, as\u00ed que muy contentos, porque es algo muy importante para nuestra comunidad. Todos ellos esperaban esto, as\u00ed que decir a nuestra comunidad que por fin sali\u00f3 este proyecto y que va en serio, que va\u201d.<\/p>\n<p style=\"text-align: justify;\">Para Hern\u00e1n Ra\u00fal Mera, presidente de la Junta de Vecinos N\u00b019 El Claro estas obras son muy importantes. \u201cEfectivamente este es un hito important\u00edsimo para las comunidades, en este caso El Claro que represento yo -en territorio juridiccional los 10 kil\u00f3metros a pavimentar est\u00e1n en el sector El Claro- y tal como se ha dicho, son muchos a\u00f1os, un poco m\u00e1s de 10 a\u00f1os, por lo tanto es una noticia que nos llega a emocionar, porque sabemos que hay grandes esfuerzos atr\u00e1s de los pobladores en general, de dirigentes y de muchas autoridades que han pasado en este tiempo, todas han puesto un granito de arena, pero obviamente hoy d\u00eda culminar esto con las noticias que nos traen las autoridades, nos sentimos felices y esperamos r\u00e1pidamente poder ver las obras en el camino\u201d.<\/p>\n<p style=\"text-align: justify;\">El Alcalde de la comuna de Coyhaique, Carlos Gatica en la ocasi\u00f3n relev\u00f3 el trabajo realizado por los equipos y comunidad. \u201cSon diez a\u00f1os de espera. La verdad que muy emocionado, contento sobre todo por los dirigentes como don \u00d3scar, don Melchor, don Hern\u00e1n y otros que han estado constantemente permitiendo que se hagan este tipo de acciones. La verdad es que felicitar el trabajo del Seremi de Obras P\u00fablicas y el trabajo que hemos realizado en conjunto desde la Delegaci\u00f3n Presidencial, el Ministerio de Obras P\u00fablicas, la Gobernadora Regional y el Consejo Regional y el Municipio de Coyhaique quienes hemos estado todos junto a nuestros dirigentes intentando que salga esto, hasta que sali\u00f3. As\u00ed que esperar a enero para entregar el terreno, para que precisamente la empresa que se adjudic\u00f3 las obras -que ya est\u00e1 aprobada por Contralor\u00eda- comience r\u00e1pido los trabajos y podamos ver estos avances que mejoran significativamente la calidad de vida de todos\u201d.<\/p>\n<p style=\"text-align: justify;\">Para la Gobernadora Regional Andrea Mac\u00edas, hoy se est\u00e1 cumpliendo un compromiso con la comunidad. \u201cMuy contenta la verdad de estar cumpliendo aqu\u00ed los compromisos, de este trabajo conjunto y colaborativo. Destacamos adem\u00e1s, todo el empe\u00f1o y esmero puesto por parte de todo el equipo de Obras P\u00fablicas de la regi\u00f3n de Ays\u00e9n, que finalmente hoy d\u00eda otorga una respuesta concreta a este sue\u00f1o de m\u00e1s de veinte a\u00f1os de pobladores que hacen Patria; si bien hoy d\u00eda ya estamos mucho m\u00e1s cerca de Coyhaique, aqu\u00ed residen habitantes que han sido parte de la historia de nuestra regi\u00f3n y en Villa lago Atravesado, recordamos todo el aporte que han hecho las familias Cea y los Cadag\u00e1n para poder llevar adelante escuelas, agua, luz, entonces respondiendo esos compromisos, estamos contentos. Desear el mayor de los \u00e9xitos a la empresa que se adjudic\u00f3 los trabajos, porque sabemos que se est\u00e1n viviendo momentos complejos en el \u00e1mbito de la construcci\u00f3n, pero hoy tenemos toda la fe, tras todo este trabajo realizado, de que efectivamente se va a poder concretar las obras en los tiempos adecuados. Siguen muchos m\u00e1s desaf\u00edos todav\u00eda, asique a seguir trabajando por nuestra regi\u00f3n\u201d.<\/p>\n<\/div><\/section><\/div><div  style='height:50px' class='hr hr-invisible   avia-builder-el-6  el_after_av_one_full  el_before_av_social_share '><span class='hr-inner ' ><span class='hr-inner-style'><\/span><\/span><\/div><\/p>\n<div  class='av-social-sharing-box  avia-builder-el-7  el_after_av_hr  el_before_av_hr  '><div class='av-share-box'><h5 class='av-share-link-description av-no-toc '>Compartir esta noticia<\/h5><ul class='av-share-box-list noLightbox'><li class='av-share-link av-social-link-facebook' ><a target=\"_blank\" aria-label=\"Compartir en Facebook\" href='https:\/\/www.facebook.com\/sharer.php?u=https:\/\/radiorevelacionfm.cl\/?p=37273&#038;t=MOP%20adjudica%20obras%20de%20pavimentaci%C3%B3n%20del%20camino%20a%20Lago%20Atravesado' aria-hidden='false' data-av_icon='\ue8f3' data-av_iconfont='entypo-fontello' title='' data-avia-related-tooltip='Compartir en Facebook' rel=\"noopener\"><span class='avia_hidden_link_text'>Compartir en Facebook<\/span><\/a><\/li><li class='av-share-link av-social-link-twitter' ><a target=\"_blank\" aria-label=\"Compartir en Twitter\" href='https:\/\/twitter.com\/share?text=MOP%20adjudica%20obras%20de%20pavimentaci%C3%B3n%20del%20camino%20a%20Lago%20Atravesado&#038;url=https:\/\/radiorevelacionfm.cl\/?p=37273' aria-hidden='false' data-av_icon='\ue8f1' data-av_iconfont='entypo-fontello' title='' data-avia-related-tooltip='Compartir en Twitter' rel=\"noopener\"><span class='avia_hidden_link_text'>Compartir en Twitter<\/span><\/a><\/li><li class='av-share-link av-social-link-whatsapp' ><a target=\"_blank\" aria-label=\"Compartir en Whatsapp\" href='https:\/\/api.whatsapp.com\/send?text=https:\/\/radiorevelacionfm.cl\/?p=37273' aria-hidden='false' data-av_icon='\uf232' data-av_iconfont='entypo-fontello' title='' data-avia-related-tooltip='Compartir en Whatsapp' rel=\"noopener\"><span class='avia_hidden_link_text'>Compartir en Whatsapp<\/span><\/a><\/li><li class='av-share-link av-social-link-linkedin' ><a target=\"_blank\" aria-label=\"Compartir en LinkedIn\" href='https:\/\/linkedin.com\/shareArticle?mini=true&#038;title=MOP%20adjudica%20obras%20de%20pavimentaci%C3%B3n%20del%20camino%20a%20Lago%20Atravesado&#038;url=https:\/\/radiorevelacionfm.cl\/?p=37273' aria-hidden='false' data-av_icon='\ue8fc' data-av_iconfont='entypo-fontello' title='' data-avia-related-tooltip='Compartir en LinkedIn' rel=\"noopener\"><span class='avia_hidden_link_text'>Compartir en LinkedIn<\/span><\/a><\/li><li class='av-share-link av-social-link-mail' ><a  aria-label=\"Compartir por correo\" href='mailto:?subject=MOP%20adjudica%20obras%20de%20pavimentaci%C3%B3n%20del%20camino%20a%20Lago%20Atravesado&#038;body=https:\/\/radiorevelacionfm.cl\/?p=37273' aria-hidden='false' data-av_icon='\ue805' data-av_iconfont='entypo-fontello' title='' data-avia-related-tooltip='Compartir por correo'><span class='avia_hidden_link_text'>Compartir por correo<\/span><\/a><\/li><\/ul><\/div><\/div>\n<div  style='height:50px' class='hr hr-invisible   avia-builder-el-8  el_after_av_social_share  el_before_av_comments_list '><span class='hr-inner ' ><span class='hr-inner-style'><\/span><\/span><\/div>\n<div  class='av-buildercomment  av-blog-meta-html-info-disabled av-blog-meta-tag-disabled  '><\/div>\n","protected":false},"excerpt":{"rendered":"","protected":false},"author":1,"featured_media":37274,"comment_status":"open","ping_status":"open","sticky":false,"template":"","format":"standard","meta":{"footnotes":""},"categories":[38],"tags":[],"class_list":["post-37273","post","type-post","status-publish","format-standard","has-post-thumbnail","hentry","category-regional"],"jetpack_featured_media_url":"https:\/\/radiorevelacionfm.cl\/wp-content\/uploads\/2023\/11\/lago-atravesado-2_optimized.jpg","_links":{"self":[{"href":"https:\/\/radiorevelacionfm.cl\/index.php?rest_route=\/wp\/v2\/posts\/37273","targetHints":{"allow":["GET"]}}],"collection":[{"href":"https:\/\/radiorevelacionfm.cl\/index.php?rest_route=\/wp\/v2\/posts"}],"about":[{"href":"https:\/\/radiorevelacionfm.cl\/index.php?rest_route=\/wp\/v2\/types\/post"}],"author":[{"embeddable":true,"href":"https:\/\/radiorevelacionfm.cl\/index.php?rest_route=\/wp\/v2\/users\/1"}],"replies":[{"embeddable":true,"href":"https:\/\/radiorevelacionfm.cl\/index.php?rest_route=%2Fwp%2Fv2%2Fcomments&post=37273"}],"version-history":[{"count":1,"href":"https:\/\/radiorevelacionfm.cl\/index.php?rest_route=\/wp\/v2\/posts\/37273\/revisions"}],"predecessor-version":[{"id":37275,"href":"https:\/\/radiorevelacionfm.cl\/index.php?rest_route=\/wp\/v2\/posts\/37273\/revisions\/37275"}],"wp:featuredmedia":[{"embeddable":true,"href":"https:\/\/radiorevelacionfm.cl\/index.php?rest_route=\/wp\/v2\/media\/37274"}],"wp:attachment":[{"href":"https:\/\/radiorevelacionfm.cl\/index.php?rest_route=%2Fwp%2Fv2%2Fmedia&parent=37273"}],"wp:term":[{"taxonomy":"category","embeddable":true,"href":"https:\/\/radiorevelacionfm.cl\/index.php?rest_route=%2Fwp%2Fv2%2Fcategories&post=37273"},{"taxonomy":"post_tag","embeddable":true,"href":"https:\/\/radiorevelacionfm.cl\/index.php?rest_route=%2Fwp%2Fv2%2Ftags&post=37273"}],"curies":[{"name":"wp","href":"https:\/\/api.w.org\/{rel}","templated":true}]}}