{"id":37270,"date":"2023-11-22T19:25:57","date_gmt":"2023-11-22T22:25:57","guid":{"rendered":"https:\/\/radiorevelacionfm.cl\/?p=37270"},"modified":"2023-11-22T19:25:57","modified_gmt":"2023-11-22T22:25:57","slug":"dia-de-la-educacion-parvularia-seremi-de-educacion-destaca-su-importancia-e-invita-a-las-familias-a-postular-a-las-salas-cuna-y-jardines-infantiles","status":"publish","type":"post","link":"https:\/\/radiorevelacionfm.cl\/?p=37270","title":{"rendered":"D\u00eda de la Educaci\u00f3n Parvularia: Seremi de Educaci\u00f3n destaca su importancia e invita a las familias a postular a las salas cuna y jardines infantiles"},"content":{"rendered":"<div class=\"flex_column av_one_full  flex_column_div av-zero-column-padding first  avia-builder-el-0  el_before_av_one_full  avia-builder-el-first  \" style='border-radius:0px; '><div  class='avia-image-container  av-styling-    avia-builder-el-1  avia-builder-el-no-sibling  avia-align-center '  itemprop=\"image\" itemscope=\"itemscope\" itemtype=\"https:\/\/schema.org\/ImageObject\"  ><div class='avia-image-container-inner'><div class='avia-image-overlay-wrap'><img decoding=\"async\" class='wp-image-37271 avia-img-lazy-loading-not-37271 avia_image' src=\"https:\/\/radiorevelacionfm.cl\/wp-content\/uploads\/2023\/11\/1-5809-1_optimized.jpg\" alt='' title='1-5809-(1)_optimized' height=\"600\" width=\"900\"  itemprop=\"thumbnailUrl\" srcset=\"https:\/\/radiorevelacionfm.cl\/wp-content\/uploads\/2023\/11\/1-5809-1_optimized.jpg 900w, https:\/\/radiorevelacionfm.cl\/wp-content\/uploads\/2023\/11\/1-5809-1_optimized-300x200.jpg 300w, https:\/\/radiorevelacionfm.cl\/wp-content\/uploads\/2023\/11\/1-5809-1_optimized-768x512.jpg 768w, https:\/\/radiorevelacionfm.cl\/wp-content\/uploads\/2023\/11\/1-5809-1_optimized-705x470.jpg 705w, https:\/\/radiorevelacionfm.cl\/wp-content\/uploads\/2023\/11\/1-5809-1_optimized-450x300.jpg 450w, https:\/\/radiorevelacionfm.cl\/wp-content\/uploads\/2023\/11\/1-5809-1_optimized-600x400.jpg 600w\" sizes=\"(max-width: 900px) 100vw, 900px\" \/><\/div><\/div><\/div><\/div><div class=\"flex_column av_one_full  flex_column_div av-zero-column-padding first  avia-builder-el-2  el_after_av_one_full  el_before_av_one_full  column-top-margin\" style='border-radius:0px; '><section class=\"av_textblock_section \"  itemscope=\"itemscope\" itemtype=\"https:\/\/schema.org\/BlogPosting\" itemprop=\"blogPost\" ><div class='avia_textblock  '   itemprop=\"text\" ><p style=\"text-align: center;\"><span style=\"font-size: 18pt;\"><b><span lang=\"ES-MX\">D\u00eda de la Educaci\u00f3n Parvularia: Seremi de Educaci\u00f3n destaca su importancia e invita a las familias a postular a las salas cuna y jardines infantiles<\/span><\/b><\/span><\/p>\n<div id=\"gtx-trans\" style=\"position: absolute; left: -50px; top: 4.31534px;\">\n<div class=\"gtx-trans-icon\"><\/div>\n<\/div>\n<\/div><\/section><\/div><div class=\"flex_column av_one_full  flex_column_div av-zero-column-padding first  avia-builder-el-4  el_after_av_one_full  el_before_av_hr  column-top-margin\" style='border-radius:0px; '><section class=\"av_textblock_section \"  itemscope=\"itemscope\" itemtype=\"https:\/\/schema.org\/BlogPosting\" itemprop=\"blogPost\" ><div class='avia_textblock  '   itemprop=\"text\" ><p class=\"v1MsoNormal\" style=\"text-align: justify;\"><span lang=\"ES-MX\">En el marco del D\u00eda de la Educaci\u00f3n Parvularia el mi\u00e9rcoles 22 \u00a0la\u00a0<\/span>Seremi de Educaci\u00f3n de Ays\u00e9n Isabel Garrido junto al Director Regional de Junji Juan Eduardo Lorca, la Directora Regional de Fundaci\u00f3n Integra Leticia Araya; la Directora de la Superintendencia Escolar Pamela Adriazola y representantes del Slep Ays\u00e9n y de la Subsecretar\u00eda de Educaci\u00f3n Parvularia recorrieron jardines infantiles y colegios de la comuna de Coyhaique.<\/p>\n<p class=\"v1MsoNormal\" style=\"text-align: justify;\">El objetivo de las visitas fue reconocer la labor de educadoras de p\u00e1rvulos\u00a0 como motor de cambio para una educaci\u00f3n de calidad, intencionando aprendizajes desde la sala cuna hasta el nivel transici\u00f3n I y II, impactando positivamente en ni\u00f1os y ni\u00f1as, mediante pr\u00e1cticas pedag\u00f3gicas respetuosas, inclusivas, desafiantes y l\u00fadicas.<\/p>\n<p class=\"v1MsoNormal\" style=\"text-align: justify;\"><span lang=\"ES-MX\">En el Jard\u00edn Infantil JUNJI Mart\u00edn Pescador de Coyhaique la Seremi destac\u00f3 el compromiso del gobierno con la educaci\u00f3n parvularia y las infancias, comprendiendo la importancia de colocar a las ni\u00f1as y ni\u00f1os en el centro de las pol\u00edticas p\u00fablicas, posibilitando su acceso a los aprendizajes y a promover su bienestar integral.<\/span><\/p>\n<p class=\"v1MsoNormal\" style=\"text-align: justify;\"><span lang=\"ES-MX\">\u201cEl Gobierno del Presidente Gabriel Boric a trav\u00e9s del Ministerio de Educaci\u00f3n, y la Subsecretar\u00eda de Educaci\u00f3n Parvularia, est\u00e1 trabajando para que todas las ni\u00f1as y ni\u00f1os accedan a una educaci\u00f3n parvularia inclusiva, pertinente con las infancias como protagonistas y con una alta participaci\u00f3n de las familias. Queremos orientar el desarrollo de capacidades en todo el sistema para resguardar las trayectorias educativas que garanticen el aprendizaje y bienestar integral de ni\u00f1as y ni\u00f1os\u201d, destac\u00f3 Isabel Garrido.<\/span><\/p>\n<p class=\"v1MsoNormal\" style=\"text-align: justify;\"><span lang=\"ES-MX\">Por su parte, el Director Regional de JUNJI Juan Eduardo Lorca \u201cHoy queremos destacar y transmitir a las familias el trabajo maravilloso que se realiza en nuestros jardines d\u00eda a d\u00eda, en que se pone el foco en el aprendizaje y el bienestar de nuestros ni\u00f1os y ni\u00f1as y tambi\u00e9n queremos reforzar la importancia que tiene para nuestras y nuestros ni\u00f1os asistir al jard\u00edn infantil todos los d\u00edas\u201d.<\/span><\/p>\n<p class=\"v1MsoNormal\" style=\"text-align: justify;\"><span lang=\"ES-MX\">En tanto, la directora Regional de Fundaci\u00f3n Integra Leticia Araya manifest\u00f3 que \u201cHoy estamos presentes todas las instituciones vinculadas a la educaci\u00f3n parvularia en la regi\u00f3n reconociendo el trabajo que se hace en los jardines y colegios en el nivel parvulario y especialmente en la educaci\u00f3n p\u00fablica que es de calidad e inclusiva.<\/span><\/p>\n<p class=\"v1MsoNormal\" style=\"text-align: justify;\"><span lang=\"ES-MX\">Las autoridades recordaron a las familias que est\u00e1n abiertas las matr\u00edculas en los jardines infantiles de Junji y de Fundaci\u00f3n Integra.<\/span><\/p>\n<p class=\"v1MsoNormal\" style=\"text-align: justify;\"><span lang=\"ES-MX\">A trav\u00e9s de la campa\u00f1a Elige la Educaci\u00f3n Parvularia P\u00fablica, la invitaci\u00f3n es a que las familias postulen a sus ni\u00f1as y ni\u00f1os a las salas cuna y jardines infantiles, cuyo proceso de inscripciones se encuentra abierto, hasta el pr\u00f3ximo 30 de noviembre, en las p\u00e1ginas web de JUNJI y Fundaci\u00f3n Integra:\u00a0<\/span><span lang=\"ES-MX\"><a href=\"https:\/\/junji.gob.cl\/\" target=\"_blank\" rel=\"noopener noreferrer\">https:\/\/junji.gob.cl\/<\/a><\/span><span lang=\"ES-MX\">\u00a0o\u00a0<\/span><span lang=\"ES-MX\"><a href=\"https:\/\/www.integra.cl\/\" target=\"_blank\" rel=\"noopener noreferrer\">https:\/\/www.integra.cl\/<\/a><\/span><span lang=\"ES-MX\">, respectivamente. Adem\u00e1s, las familias tambi\u00e9n pueden acercarse y pedir orientaciones directamente en los establecimientos educativos.<\/span><\/p>\n<p class=\"v1MsoNormal\" style=\"text-align: justify;\"><span lang=\"ES-MX\">Como parte del Plan de Reactivaci\u00f3n Educativa, la Educaci\u00f3n Parvularia cuenta con acciones para abordar sus tres ejes: Convivencia y Salud Mental, Fortalecimiento de Aprendizajes y Asistencia y Revinculaci\u00f3n. Todas estas acciones buscan impulsar una respuesta integral y estrat\u00e9gica para la recuperaci\u00f3n del sistema educativo tras los efectos del cierre prolongado producto de la pandemia. Hoy, m\u00e1s que nunca, es importante que las ni\u00f1as y ni\u00f1os vuelvan a los establecimientos, y que lo hagan con una asistencia sistem\u00e1tica.<\/span><\/p>\n<p class=\"v1MsoNormal\" style=\"text-align: justify;\"><span lang=\"ES-MX\">Uno de los \u00e1mbitos fundamentales a abordar, tiene que ver con desarrollo socioemocional y el bienestar integral. Por ello, la subsecretar\u00eda de Educaci\u00f3n Parvularia ha desarrollado el Malet\u00edn Socioemocional, con fichas orientadas a los equipos educativos y familias, que se pueden descargar gratuitamente en:\u00a0<\/span><span lang=\"ES-MX\"><a href=\"https:\/\/parvularia.mineduc.cl\/maletin-socioemocional\/\" target=\"_blank\" rel=\"noopener noreferrer\">https:\/\/parvularia.mineduc.cl\/maletin-socioemocional\/<\/a><\/span><span lang=\"ES-MX\">.<\/span><\/p>\n<p class=\"v1MsoNormal\" style=\"text-align: justify;\"><span lang=\"ES-MX\">Porque la Educaci\u00f3n Parvularia debe ser inclusiva y pertinente, tambi\u00e9n se han publicado Orientaciones T\u00e9cnico Pedag\u00f3gicas, enfocadas en las comunidades educativas y conducentes a fortalecer su quehacer en tem\u00e1ticas claves para la educaci\u00f3n inclusiva. Se trata de documentos, como: las Orientaciones para la acogida de ni\u00f1os y ni\u00f1as extranjeros en la Educaci\u00f3n Parvularia; las Orientaciones T\u00e9cnicas para la atenci\u00f3n de situaciones desafiantes con ni\u00f1os y ni\u00f1as en el espectro autista en Educaci\u00f3n Parvularia; y las recientes Orientaciones para el Enfoque de G\u00e9nero en la Educaci\u00f3n Parvularia.<\/span><\/p>\n<\/div><\/section><\/div><div  style='height:50px' class='hr hr-invisible   avia-builder-el-6  el_after_av_one_full  el_before_av_social_share '><span class='hr-inner ' ><span class='hr-inner-style'><\/span><\/span><\/div><\/p>\n<div  class='av-social-sharing-box  avia-builder-el-7  el_after_av_hr  el_before_av_hr  '><div class='av-share-box'><h5 class='av-share-link-description av-no-toc '>Compartir esta noticia<\/h5><ul class='av-share-box-list noLightbox'><li class='av-share-link av-social-link-facebook' ><a target=\"_blank\" aria-label=\"Compartir en Facebook\" href='https:\/\/www.facebook.com\/sharer.php?u=https:\/\/radiorevelacionfm.cl\/?p=37270&#038;t=D%C3%ADa%20de%20la%20Educaci%C3%B3n%20Parvularia%3A%20Seremi%20de%20Educaci%C3%B3n%20destaca%20su%20importancia%20e%20invita%20a%20las%20familias%20a%20postular%20a%20las%20salas%20cuna%20y%20jardines%20infantiles' aria-hidden='false' data-av_icon='\ue8f3' data-av_iconfont='entypo-fontello' title='' data-avia-related-tooltip='Compartir en Facebook' rel=\"noopener\"><span class='avia_hidden_link_text'>Compartir en Facebook<\/span><\/a><\/li><li class='av-share-link av-social-link-twitter' ><a target=\"_blank\" aria-label=\"Compartir en Twitter\" href='https:\/\/twitter.com\/share?text=D%C3%ADa%20de%20la%20Educaci%C3%B3n%20Parvularia%3A%20Seremi%20de%20Educaci%C3%B3n%20destaca%20su%20importancia%20e%20invita%20a%20las%20familias%20a%20postular%20a%20las%20salas%20cuna%20y%20jardines%20infantiles&#038;url=https:\/\/radiorevelacionfm.cl\/?p=37270' aria-hidden='false' data-av_icon='\ue8f1' data-av_iconfont='entypo-fontello' title='' data-avia-related-tooltip='Compartir en Twitter' rel=\"noopener\"><span class='avia_hidden_link_text'>Compartir en Twitter<\/span><\/a><\/li><li class='av-share-link av-social-link-whatsapp' ><a target=\"_blank\" aria-label=\"Compartir en Whatsapp\" href='https:\/\/api.whatsapp.com\/send?text=https:\/\/radiorevelacionfm.cl\/?p=37270' aria-hidden='false' data-av_icon='\uf232' data-av_iconfont='entypo-fontello' title='' data-avia-related-tooltip='Compartir en Whatsapp' rel=\"noopener\"><span class='avia_hidden_link_text'>Compartir en Whatsapp<\/span><\/a><\/li><li class='av-share-link av-social-link-linkedin' ><a target=\"_blank\" aria-label=\"Compartir en LinkedIn\" href='https:\/\/linkedin.com\/shareArticle?mini=true&#038;title=D%C3%ADa%20de%20la%20Educaci%C3%B3n%20Parvularia%3A%20Seremi%20de%20Educaci%C3%B3n%20destaca%20su%20importancia%20e%20invita%20a%20las%20familias%20a%20postular%20a%20las%20salas%20cuna%20y%20jardines%20infantiles&#038;url=https:\/\/radiorevelacionfm.cl\/?p=37270' aria-hidden='false' data-av_icon='\ue8fc' data-av_iconfont='entypo-fontello' title='' data-avia-related-tooltip='Compartir en LinkedIn' rel=\"noopener\"><span class='avia_hidden_link_text'>Compartir en LinkedIn<\/span><\/a><\/li><li class='av-share-link av-social-link-mail' ><a  aria-label=\"Compartir por correo\" href='mailto:?subject=D%C3%ADa%20de%20la%20Educaci%C3%B3n%20Parvularia%3A%20Seremi%20de%20Educaci%C3%B3n%20destaca%20su%20importancia%20e%20invita%20a%20las%20familias%20a%20postular%20a%20las%20salas%20cuna%20y%20jardines%20infantiles&#038;body=https:\/\/radiorevelacionfm.cl\/?p=37270' aria-hidden='false' data-av_icon='\ue805' data-av_iconfont='entypo-fontello' title='' data-avia-related-tooltip='Compartir por correo'><span class='avia_hidden_link_text'>Compartir por correo<\/span><\/a><\/li><\/ul><\/div><\/div>\n<div  style='height:50px' class='hr hr-invisible   avia-builder-el-8  el_after_av_social_share  el_before_av_comments_list '><span class='hr-inner ' ><span class='hr-inner-style'><\/span><\/span><\/div>\n<div  class='av-buildercomment  av-blog-meta-html-info-disabled av-blog-meta-tag-disabled  '><\/div>\n","protected":false},"excerpt":{"rendered":"","protected":false},"author":1,"featured_media":37271,"comment_status":"open","ping_status":"open","sticky":false,"template":"","format":"standard","meta":{"footnotes":""},"categories":[49],"tags":[],"class_list":["post-37270","post","type-post","status-publish","format-standard","has-post-thumbnail","hentry","category-educacion"],"jetpack_featured_media_url":"https:\/\/radiorevelacionfm.cl\/wp-content\/uploads\/2023\/11\/1-5809-1_optimized.jpg","_links":{"self":[{"href":"https:\/\/radiorevelacionfm.cl\/index.php?rest_route=\/wp\/v2\/posts\/37270","targetHints":{"allow":["GET"]}}],"collection":[{"href":"https:\/\/radiorevelacionfm.cl\/index.php?rest_route=\/wp\/v2\/posts"}],"about":[{"href":"https:\/\/radiorevelacionfm.cl\/index.php?rest_route=\/wp\/v2\/types\/post"}],"author":[{"embeddable":true,"href":"https:\/\/radiorevelacionfm.cl\/index.php?rest_route=\/wp\/v2\/users\/1"}],"replies":[{"embeddable":true,"href":"https:\/\/radiorevelacionfm.cl\/index.php?rest_route=%2Fwp%2Fv2%2Fcomments&post=37270"}],"version-history":[{"count":1,"href":"https:\/\/radiorevelacionfm.cl\/index.php?rest_route=\/wp\/v2\/posts\/37270\/revisions"}],"predecessor-version":[{"id":37272,"href":"https:\/\/radiorevelacionfm.cl\/index.php?rest_route=\/wp\/v2\/posts\/37270\/revisions\/37272"}],"wp:featuredmedia":[{"embeddable":true,"href":"https:\/\/radiorevelacionfm.cl\/index.php?rest_route=\/wp\/v2\/media\/37271"}],"wp:attachment":[{"href":"https:\/\/radiorevelacionfm.cl\/index.php?rest_route=%2Fwp%2Fv2%2Fmedia&parent=37270"}],"wp:term":[{"taxonomy":"category","embeddable":true,"href":"https:\/\/radiorevelacionfm.cl\/index.php?rest_route=%2Fwp%2Fv2%2Fcategories&post=37270"},{"taxonomy":"post_tag","embeddable":true,"href":"https:\/\/radiorevelacionfm.cl\/index.php?rest_route=%2Fwp%2Fv2%2Ftags&post=37270"}],"curies":[{"name":"wp","href":"https:\/\/api.w.org\/{rel}","templated":true}]}}