{"id":37264,"date":"2023-11-22T18:17:38","date_gmt":"2023-11-22T21:17:38","guid":{"rendered":"https:\/\/radiorevelacionfm.cl\/?p=37264"},"modified":"2023-11-22T18:17:38","modified_gmt":"2023-11-22T21:17:38","slug":"anuncian-extension-del-beneficio-bolsillo-familiar-electronico-hasta-abril-de-2024","status":"publish","type":"post","link":"https:\/\/radiorevelacionfm.cl\/?p=37264","title":{"rendered":"Anuncian extensi\u00f3n del beneficio Bolsillo Familiar Electr\u00f3nico hasta abril de 2024"},"content":{"rendered":"<div class=\"flex_column av_one_full  flex_column_div av-zero-column-padding first  avia-builder-el-0  el_before_av_one_full  avia-builder-el-first  \" style='border-radius:0px; '><div  class='avia-image-container  av-styling-    avia-builder-el-1  avia-builder-el-no-sibling  avia-align-center '  itemprop=\"image\" itemscope=\"itemscope\" itemtype=\"https:\/\/schema.org\/ImageObject\"  ><div class='avia-image-container-inner'><div class='avia-image-overlay-wrap'><img decoding=\"async\" class='wp-image-37265 avia-img-lazy-loading-not-37265 avia_image' src=\"https:\/\/radiorevelacionfm.cl\/wp-content\/uploads\/2023\/11\/foto-bolisllo-3-1_optimized.jpeg\" alt='' title='foto-bolisllo-3-(1)_optimized' height=\"600\" width=\"901\"  itemprop=\"thumbnailUrl\" srcset=\"https:\/\/radiorevelacionfm.cl\/wp-content\/uploads\/2023\/11\/foto-bolisllo-3-1_optimized.jpeg 901w, https:\/\/radiorevelacionfm.cl\/wp-content\/uploads\/2023\/11\/foto-bolisllo-3-1_optimized-300x200.jpeg 300w, https:\/\/radiorevelacionfm.cl\/wp-content\/uploads\/2023\/11\/foto-bolisllo-3-1_optimized-768x511.jpeg 768w, https:\/\/radiorevelacionfm.cl\/wp-content\/uploads\/2023\/11\/foto-bolisllo-3-1_optimized-705x469.jpeg 705w, https:\/\/radiorevelacionfm.cl\/wp-content\/uploads\/2023\/11\/foto-bolisllo-3-1_optimized-450x300.jpeg 450w, https:\/\/radiorevelacionfm.cl\/wp-content\/uploads\/2023\/11\/foto-bolisllo-3-1_optimized-600x400.jpeg 600w\" sizes=\"(max-width: 901px) 100vw, 901px\" \/><\/div><\/div><\/div><\/div><div class=\"flex_column av_one_full  flex_column_div av-zero-column-padding first  avia-builder-el-2  el_after_av_one_full  el_before_av_one_full  column-top-margin\" style='border-radius:0px; '><section class=\"av_textblock_section \"  itemscope=\"itemscope\" itemtype=\"https:\/\/schema.org\/BlogPosting\" itemprop=\"blogPost\" ><div class='avia_textblock  '   itemprop=\"text\" ><p style=\"text-align: center;\"><strong><span style=\"font-size: 18pt;\">Anuncian extensi\u00f3n del beneficio Bolsillo Familiar Electr\u00f3nico hasta abril de 2024<\/span><\/strong><\/p>\n<div id=\"gtx-trans\" style=\"position: absolute; left: -50px; top: 4.31534px;\">\n<div class=\"gtx-trans-icon\"><\/div>\n<\/div>\n<\/div><\/section><\/div><div class=\"flex_column av_one_full  flex_column_div av-zero-column-padding first  avia-builder-el-4  el_after_av_one_full  el_before_av_hr  column-top-margin\" style='border-radius:0px; '><section class=\"av_textblock_section \"  itemscope=\"itemscope\" itemtype=\"https:\/\/schema.org\/BlogPosting\" itemprop=\"blogPost\" ><div class='avia_textblock  '   itemprop=\"text\" ><p style=\"text-align: justify;\"><em>El anuncio se realiz\u00f3 luego de que se presentara un estudio del Banco Mundial, donde se destac\u00f3 su innovaci\u00f3n, cobertura y funcionamiento.<\/em><\/p>\n<p style=\"text-align: justify;\"><em>Las regiones de Ays\u00e9n, La Araucan\u00eda y Los R\u00edos cuentan con la proporci\u00f3n m\u00e1s alta de uso de este beneficio. <\/em><\/p>\n<p style=\"text-align: justify;\">Por unanimidad fue aprobado este martes 21 en el Senado, la indicaci\u00f3n que extiende el beneficio, hasta abril de 2024, del Bolsillo Familiar Electr\u00f3nico beneficiando a cerca de tres millones de personas. Esta ampliaci\u00f3n implic\u00f3 una movilizaci\u00f3n de recursos y, para ello, el ministro de Hacienda, Mario Marcel, ingres\u00f3 una indicaci\u00f3n a la tramitaci\u00f3n del proyecto de Ley de Presupuestos.<\/p>\n<p style=\"text-align: justify;\">El Bolsillo Familiar Electr\u00f3nico es una <strong>transferencia directa a las familias con el objetivo de enfrentar de mejor manera el alza de los costos de la Canasta B\u00e1sica de Alimentos.<\/strong> El monto de la transferencia es de <strong>$13.500 pesos mensuales por cada carga familiar<\/strong> y est\u00e1\u00a0 limitado para la compra de alimentos en almacenes, supermercados, ferias y otros establecimientos del rubro alimenticio, que permitan el <strong>pago con la tarjeta de CuentaRut de BancoEstado.<\/strong><\/p>\n<p style=\"text-align: justify;\">Desde el mes de mayo, que se implement\u00f3, el beneficio permiti\u00f3 tener una amplia cobertura, con cerca de un mill\u00f3n y medio de beneficiarios (3 millones considerando los causantes), de los cuales 97% contaba con una CuentaRut\u00a0 al momento de la implementaci\u00f3n, quienes accedieron a una amplia red de comercios en todo el pa\u00eds. Los minimarkets y los grandes supermercados sumaron en conjunto el 79% del monto total de las compras realizadas con el Bolsillo Electr\u00f3nico, con un aporte promedio de $5.800 y $12.300 por transacci\u00f3n realizada, respectivamente, entre mayo y agosto.<\/p>\n<p style=\"text-align: justify;\">La seremi de Desarrollo Social y Familia, Karina Acevedo, indic\u00f3 que, como entidad a cargo de coordinar la entrega del beneficio a los 11.125 beneficiarios, \u201cnos tiene contentos el anuncio del\u00a0ministro\u00a0de Hacienda, porque destaca\u00a0el trabajo que hemos realizado en Ays\u00e9n, de informar a nuestra ciudadan\u00eda para que pudiera hacer uso de este mecanismo innovador y distinto que, aunque caus\u00f3 dudas al principio, da cuenta de que, efectivamente, llega a las familias, se puede utilizar y, sobre todo, da impulso a los minimarket. Este beneficio fue evaluado por el Banco Mundial y es un sistema que est\u00e1 probado y avalado. A partir de eso, el ministro Marcel hace esta indicaci\u00f3n al presupuesto, que lo ten\u00eda contemplado para evaluar despu\u00e9s de 4 meses, ya que este Bolsillo Familiar Electr\u00f3nico nos ha dado un tremendo resultado, sobre todo en la regi\u00f3n de Ays\u00e9n, que ha tenido un 97% de uso\u201d, asever\u00f3 la seremi.<\/p>\n<p style=\"text-align: justify;\">\u201cComo Gobierno, estamos muy conscientes de que la inflaci\u00f3n ha causado un aumento de precios en el rubro alimenticio y el Bolsillo Familiar Electr\u00f3nico fue pensado, justamente, para complementar el presupuesto familiar en algo que es tan esencial como la compra de alimentos, aliviando as\u00ed el gasto de las familias chilenas en este rubro, que es uno de los principales gastos de las chilenas y chilenos. Por todo esto, es muy positivo saber que esta pol\u00edtica p\u00fablica se extender\u00e1 hasta abril de 2024&#8243;.\u201d explic\u00f3 la seremi de Gobierno, Tatiana Pl\u00e1.<\/p>\n<p style=\"text-align: justify;\">Por su parte, el Seremi del Trabajo y Previsi\u00f3n Social, Rodrigo D\u00edaz, destac\u00f3 la acogida que ha tenido el beneficio: \u201cHemos tenido una respuesta favorable en el uso del Bolsillo Electr\u00f3nico, sobre todo de parte de mujeres y j\u00f3venes y, en el caso de los adultos mayores, se han ido adaptando y aprendiendo a usar el sistema en este tiempo. De este modo, seg\u00fan cifras del Instituto de Previsi\u00f3n Social, IPS, entre mayo y proyectado a diciembre de este a\u00f1o, en nuestra Regi\u00f3n de Ays\u00e9n, son 11.200 pagos mensuales con una inversi\u00f3n del Estado de $321 millones, aproximadamente\u201d.<\/p>\n<p style=\"text-align: justify;\">\u201cContamos con beneficiarios y beneficiarias en todas las comunas, siendo las comunas con mayores pagos: Coyhaique con 5.717, Ays\u00e9n con 3.035 y Cisnes con 673, lo que realmente es un alivio para las familias m\u00e1s vulnerables de la regi\u00f3n, quienes pueden acceder de manera r\u00e1pida a este apoyo, que es un compromiso cumplido del gobierno del presidente Gabriel Boric\u201d, sostuvo el Seremi del Trabajo y Previsi\u00f3n Social.<\/p>\n<\/div><\/section><\/div><div  style='height:50px' class='hr hr-invisible   avia-builder-el-6  el_after_av_one_full  el_before_av_social_share '><span class='hr-inner ' ><span class='hr-inner-style'><\/span><\/span><\/div><\/p>\n<div  class='av-social-sharing-box  avia-builder-el-7  el_after_av_hr  el_before_av_hr  '><div class='av-share-box'><h5 class='av-share-link-description av-no-toc '>Compartir esta noticia<\/h5><ul class='av-share-box-list noLightbox'><li class='av-share-link av-social-link-facebook' ><a target=\"_blank\" aria-label=\"Compartir en Facebook\" href='https:\/\/www.facebook.com\/sharer.php?u=https:\/\/radiorevelacionfm.cl\/?p=37264&#038;t=Anuncian%20extensi%C3%B3n%20del%20beneficio%20Bolsillo%20Familiar%20Electr%C3%B3nico%20hasta%20abril%20de%202024' aria-hidden='false' data-av_icon='\ue8f3' data-av_iconfont='entypo-fontello' title='' data-avia-related-tooltip='Compartir en Facebook' rel=\"noopener\"><span class='avia_hidden_link_text'>Compartir en Facebook<\/span><\/a><\/li><li class='av-share-link av-social-link-twitter' ><a target=\"_blank\" aria-label=\"Compartir en Twitter\" href='https:\/\/twitter.com\/share?text=Anuncian%20extensi%C3%B3n%20del%20beneficio%20Bolsillo%20Familiar%20Electr%C3%B3nico%20hasta%20abril%20de%202024&#038;url=https:\/\/radiorevelacionfm.cl\/?p=37264' aria-hidden='false' data-av_icon='\ue8f1' data-av_iconfont='entypo-fontello' title='' data-avia-related-tooltip='Compartir en Twitter' rel=\"noopener\"><span class='avia_hidden_link_text'>Compartir en Twitter<\/span><\/a><\/li><li class='av-share-link av-social-link-whatsapp' ><a target=\"_blank\" aria-label=\"Compartir en Whatsapp\" href='https:\/\/api.whatsapp.com\/send?text=https:\/\/radiorevelacionfm.cl\/?p=37264' aria-hidden='false' data-av_icon='\uf232' data-av_iconfont='entypo-fontello' title='' data-avia-related-tooltip='Compartir en Whatsapp' rel=\"noopener\"><span class='avia_hidden_link_text'>Compartir en Whatsapp<\/span><\/a><\/li><li class='av-share-link av-social-link-linkedin' ><a target=\"_blank\" aria-label=\"Compartir en LinkedIn\" href='https:\/\/linkedin.com\/shareArticle?mini=true&#038;title=Anuncian%20extensi%C3%B3n%20del%20beneficio%20Bolsillo%20Familiar%20Electr%C3%B3nico%20hasta%20abril%20de%202024&#038;url=https:\/\/radiorevelacionfm.cl\/?p=37264' aria-hidden='false' data-av_icon='\ue8fc' data-av_iconfont='entypo-fontello' title='' data-avia-related-tooltip='Compartir en LinkedIn' rel=\"noopener\"><span class='avia_hidden_link_text'>Compartir en LinkedIn<\/span><\/a><\/li><li class='av-share-link av-social-link-mail' ><a  aria-label=\"Compartir por correo\" href='mailto:?subject=Anuncian%20extensi%C3%B3n%20del%20beneficio%20Bolsillo%20Familiar%20Electr%C3%B3nico%20hasta%20abril%20de%202024&#038;body=https:\/\/radiorevelacionfm.cl\/?p=37264' aria-hidden='false' data-av_icon='\ue805' data-av_iconfont='entypo-fontello' title='' data-avia-related-tooltip='Compartir por correo'><span class='avia_hidden_link_text'>Compartir por correo<\/span><\/a><\/li><\/ul><\/div><\/div>\n<div  style='height:50px' class='hr hr-invisible   avia-builder-el-8  el_after_av_social_share  el_before_av_comments_list '><span class='hr-inner ' ><span class='hr-inner-style'><\/span><\/span><\/div>\n<div  class='av-buildercomment  av-blog-meta-html-info-disabled av-blog-meta-tag-disabled  '><\/div>\n","protected":false},"excerpt":{"rendered":"","protected":false},"author":1,"featured_media":37265,"comment_status":"open","ping_status":"open","sticky":false,"template":"","format":"standard","meta":{"footnotes":""},"categories":[38],"tags":[],"class_list":["post-37264","post","type-post","status-publish","format-standard","has-post-thumbnail","hentry","category-regional"],"jetpack_featured_media_url":"https:\/\/radiorevelacionfm.cl\/wp-content\/uploads\/2023\/11\/foto-bolisllo-3-1_optimized.jpeg","_links":{"self":[{"href":"https:\/\/radiorevelacionfm.cl\/index.php?rest_route=\/wp\/v2\/posts\/37264","targetHints":{"allow":["GET"]}}],"collection":[{"href":"https:\/\/radiorevelacionfm.cl\/index.php?rest_route=\/wp\/v2\/posts"}],"about":[{"href":"https:\/\/radiorevelacionfm.cl\/index.php?rest_route=\/wp\/v2\/types\/post"}],"author":[{"embeddable":true,"href":"https:\/\/radiorevelacionfm.cl\/index.php?rest_route=\/wp\/v2\/users\/1"}],"replies":[{"embeddable":true,"href":"https:\/\/radiorevelacionfm.cl\/index.php?rest_route=%2Fwp%2Fv2%2Fcomments&post=37264"}],"version-history":[{"count":1,"href":"https:\/\/radiorevelacionfm.cl\/index.php?rest_route=\/wp\/v2\/posts\/37264\/revisions"}],"predecessor-version":[{"id":37266,"href":"https:\/\/radiorevelacionfm.cl\/index.php?rest_route=\/wp\/v2\/posts\/37264\/revisions\/37266"}],"wp:featuredmedia":[{"embeddable":true,"href":"https:\/\/radiorevelacionfm.cl\/index.php?rest_route=\/wp\/v2\/media\/37265"}],"wp:attachment":[{"href":"https:\/\/radiorevelacionfm.cl\/index.php?rest_route=%2Fwp%2Fv2%2Fmedia&parent=37264"}],"wp:term":[{"taxonomy":"category","embeddable":true,"href":"https:\/\/radiorevelacionfm.cl\/index.php?rest_route=%2Fwp%2Fv2%2Fcategories&post=37264"},{"taxonomy":"post_tag","embeddable":true,"href":"https:\/\/radiorevelacionfm.cl\/index.php?rest_route=%2Fwp%2Fv2%2Ftags&post=37264"}],"curies":[{"name":"wp","href":"https:\/\/api.w.org\/{rel}","templated":true}]}}