{"id":37261,"date":"2023-11-22T16:15:36","date_gmt":"2023-11-22T19:15:36","guid":{"rendered":"https:\/\/radiorevelacionfm.cl\/?p=37261"},"modified":"2023-11-22T16:15:36","modified_gmt":"2023-11-22T19:15:36","slug":"clases-magistrales-a-estudiantes-y-un-maravilloso-concierto-brindo-la-orquesta-de-camara-de-chile-en-su-paso-por-puerto-aysen","status":"publish","type":"post","link":"https:\/\/radiorevelacionfm.cl\/?p=37261","title":{"rendered":"Clases magistrales a estudiantes y un maravilloso concierto brind\u00f3 la Orquesta de C\u00e1mara de Chile en su paso por Puerto Ays\u00e9n"},"content":{"rendered":"<div class=\"flex_column av_one_full  flex_column_div av-zero-column-padding first  avia-builder-el-0  el_before_av_one_full  avia-builder-el-first  \" style='border-radius:0px; '><div  class='avia-image-container  av-styling-    avia-builder-el-1  avia-builder-el-no-sibling  avia-align-center '  itemprop=\"image\" itemscope=\"itemscope\" itemtype=\"https:\/\/schema.org\/ImageObject\"  ><div class='avia-image-container-inner'><div class='avia-image-overlay-wrap'><img decoding=\"async\" class='wp-image-37262 avia-img-lazy-loading-not-37262 avia_image' src=\"https:\/\/radiorevelacionfm.cl\/wp-content\/uploads\/2023\/11\/405274549_842161907710848_8807141086076129374_n-1_optimized-1.jpg\" alt='' title='405274549_842161907710848_8807141086076129374_n-(1)_optimized (1)' height=\"600\" width=\"1068\"  itemprop=\"thumbnailUrl\" srcset=\"https:\/\/radiorevelacionfm.cl\/wp-content\/uploads\/2023\/11\/405274549_842161907710848_8807141086076129374_n-1_optimized-1.jpg 1068w, https:\/\/radiorevelacionfm.cl\/wp-content\/uploads\/2023\/11\/405274549_842161907710848_8807141086076129374_n-1_optimized-1-300x169.jpg 300w, https:\/\/radiorevelacionfm.cl\/wp-content\/uploads\/2023\/11\/405274549_842161907710848_8807141086076129374_n-1_optimized-1-1030x579.jpg 1030w, https:\/\/radiorevelacionfm.cl\/wp-content\/uploads\/2023\/11\/405274549_842161907710848_8807141086076129374_n-1_optimized-1-768x431.jpg 768w, https:\/\/radiorevelacionfm.cl\/wp-content\/uploads\/2023\/11\/405274549_842161907710848_8807141086076129374_n-1_optimized-1-705x396.jpg 705w, https:\/\/radiorevelacionfm.cl\/wp-content\/uploads\/2023\/11\/405274549_842161907710848_8807141086076129374_n-1_optimized-1-450x253.jpg 450w, https:\/\/radiorevelacionfm.cl\/wp-content\/uploads\/2023\/11\/405274549_842161907710848_8807141086076129374_n-1_optimized-1-600x337.jpg 600w\" sizes=\"(max-width: 1068px) 100vw, 1068px\" \/><\/div><\/div><\/div><\/div><div class=\"flex_column av_one_full  flex_column_div av-zero-column-padding first  avia-builder-el-2  el_after_av_one_full  el_before_av_one_full  column-top-margin\" style='border-radius:0px; '><section class=\"av_textblock_section \"  itemscope=\"itemscope\" itemtype=\"https:\/\/schema.org\/BlogPosting\" itemprop=\"blogPost\" ><div class='avia_textblock  '   itemprop=\"text\" ><p style=\"text-align: center;\"><strong><span style=\"font-size: 18pt;\">Clases magistrales a estudiantes y un maravilloso concierto brind\u00f3 la Orquesta de C\u00e1mara de Chile en su paso por Puerto Ays\u00e9n<\/span><\/strong><\/p>\n<div id=\"gtx-trans\" style=\"position: absolute; left: -50px; top: 4.31534px;\">\n<div class=\"gtx-trans-icon\"><\/div>\n<\/div>\n<\/div><\/section><\/div><div class=\"flex_column av_one_full  flex_column_div av-zero-column-padding first  avia-builder-el-4  el_after_av_one_full  el_before_av_hr  column-top-margin\" style='border-radius:0px; '><section class=\"av_textblock_section \"  itemscope=\"itemscope\" itemtype=\"https:\/\/schema.org\/BlogPosting\" itemprop=\"blogPost\" ><div class='avia_textblock  '   itemprop=\"text\" ><p style=\"text-align: justify;\">Continuando con su gira por el pa\u00eds Temporada 2023, la Orquesta de C\u00e1mara de Chile (OCCh) se traslad\u00f3 hasta la regi\u00f3n de Ays\u00e9n, iniciando su recorrido este martes en la comuna aysenina, espec\u00edficamente Puerto Ays\u00e9n, donde durante todo el d\u00eda tuvo una serie de actividades, que culmin\u00f3 con un espectacular concierto de car\u00e1cter gratuito para toda la comunidad.<\/p>\n<p style=\"text-align: justify;\">La jornada parti\u00f3 con clases magistrales dirigidas a m\u00e1s de 80 estudiantes de entre 7 y 15 a\u00f1os, de los diversos establecimientos educacionales municipalizados, congregados en la unidad de Orquestas Escolares de la Direcci\u00f3n de Educaci\u00f3n Municipal de Ays\u00e9n.<\/p>\n<p style=\"text-align: justify;\">De esta manera, divididos en cinco grupos -correspondientes a los instrumentos viola, viol\u00edn, contrabajos y violonchelos-, se desarrollaron las actividades formativas, las que tuvieron como escenarios la escuela Ays\u00e9n, Casa de la Cultura y Biblioteca P\u00fablica de Puerto Ays\u00e9n.<\/p>\n<p style=\"text-align: justify;\">As\u00ed, la maestra Pen\u00e9lope Knuth -oriunda de Nueva York y jefa de la fila de Violas de la OCCh desde 1994-, fue la encargada de transmitir sus conocimientos y bagaje en el instrumento de cuerdas, conjuntamente al monitor de las Orquestas DEM Ays\u00e9n, \u00cdtalo Opazo.<\/p>\n<p style=\"text-align: justify;\">Por su parte, la Maestra Jasm\u00edn Lemus -quien ostenta el hito de ser la primera mujer contrabajista titulada en Chile, y que forma parte de la OCCh desde 1986-, estuvo a cargo del taller de contrabajo, apoyada por el monitor DEM, Marco Kael\u00edn y la profesora de m\u00fasica del liceo Polit\u00e9cnico, Luisa C\u00e1rdenas.<\/p>\n<p style=\"text-align: justify;\">El violonchelo tambi\u00e9n tuvo espacio en esta master class, de la mano del maestro Julio Barrios, que cuenta con una amplia trayectoria musical, destacando que al alero de la Fundaci\u00f3n de Orquestas Juveniles e Infantiles, FOJI, es creador de los Encuentros Nacionales de Violonchelo; y es cellista de la OCCh desde 1996.<\/p>\n<p style=\"text-align: justify;\">Las clases magistrales de viol\u00edn se llevaron a cabo de forma paralela en dos salas, que tuvieron como maestros a Marco Fern\u00e1ndez -int\u00e9rprete en Viol\u00edn menci\u00f3n Orquesta de la Universidad de Chile; violinista de la OCCh desde 1983-, junto a la monitora DEM Ays\u00e9n, Valeska Herrera. Y al director titular de la Orquesta, el suizo Emmanuel Siffert, quien cuenta con estudios de viol\u00edn y direcci\u00f3n musical, habiendo dirigido cuerpos musicales en Argentina, M\u00e9xico, Inglaterra, Suiza, Italia y Ecuador, entre otros.\u00a0 Abordando en la direcci\u00f3n, otros campos como son ballet, \u00f3pera, y producciones musicales.\u00a0 Quien estuvo acompa\u00f1ado de la monitora DEM, M\u00f3nica Rojas.<\/p>\n<p style=\"text-align: justify;\">Siffert, posteriormente dict\u00f3 una clase t\u00e9cnica de direcci\u00f3n orquestal a los docentes y monitores de la Unidad de Orquestas Escolares DEM, quienes agradecieron esta importante instancia de perfeccionamiento.<\/p>\n<p style=\"text-align: justify;\">Sobre su arribo a la regi\u00f3n, el director de la OCCh manifest\u00f3 que \u201ces muy lindo que esta Orquesta no s\u00f3lo toque en Santiago, sino para toda la poblaci\u00f3n de Chile. Es muy lindo tocar en este lugar tan maravilloso, con gente tan c\u00e1lida y llevar as\u00ed la m\u00fasica de distintos estilos por todos los lugares\u201d.<\/p>\n<p style=\"text-align: justify;\">\u201cLa orquesta tiene tambi\u00e9n un lado pedag\u00f3gico, donde entregamos nuestra experiencia a los j\u00f3venes artistas. Mi mensaje para quienes est\u00e1n iniciando en el mundo de la m\u00fasica es la disciplina y la regularidad, el compromiso. Eso permite el crecimiento de la t\u00e9cnica y que sigamos mejorando\u201d, a\u00f1adi\u00f3 el helv\u00e9tico.<\/p>\n<p style=\"text-align: justify;\"><strong>CONCIERTO<\/strong><\/p>\n<p style=\"text-align: justify;\">Ya durante la tarde, los m\u00fasicos y m\u00fasicas del elenco del ministerio de las Culturas, las Artes y el Patrimonio se vistieron de gala para dar paso al Concierto de C\u00e1mara, al cual arribaron las familias ayseninas, para disfrutar de esta inspiradora puesta en escena. Que inici\u00f3 con \u201cScherzo en Re menor\u201d, del ruso Rachmaninoff; para luego avanzar hacia \u201cLa trama sagrada\u201d, del chileno Sergio Berchenko; \u201cUna canci\u00f3n antes del amanecer\u201d, del ingl\u00e9s Frederick Delius; y \u201cSinfon\u00eda en La mayor\u201d, del franc\u00e9s Camille Sain-Sa\u00ebns.<\/p>\n<p style=\"text-align: justify;\">\u201cEmocionado porque realmente la calidad interpretativa de estos profesionales es gigante. Agradecido por el trabajo que realizaron durante la ma\u00f1ana con nuestros ni\u00f1os de la orquesta, que ha causado, sin duda, un gran impacto entre ellos, por lo tanto, solo agradecer. Adem\u00e1s, que tendremos un concierto en Villa Ma\u00f1ihuales, tambi\u00e9n en nuestra comuna, hemos salido favorecidos, en parte gracias al gran trabajo que est\u00e1 realizando nuestra directora Patricia Araya, en seguir impulsado la m\u00fasica en nuestros ni\u00f1os y ni\u00f1as\u201d, explic\u00f3 el alcalde de la comuna, Julio Uribe.<\/p>\n<p style=\"text-align: justify;\">Un conmovedor momento se vivi\u00f3 cuando la treintena de m\u00fasicos en escena, interpretaron la versi\u00f3n sinf\u00f3nica del \u201cEl derecho de vivir en paz\u201d, bajo los arreglos orquestales de Julio Retamal, violinista integrante del elenco.<\/p>\n<p style=\"text-align: justify;\">Sensaci\u00f3n que se repitiera cuando en la segunda parte del concierto ingresara el ensamble de cellos y contrabajos de la Orquesta Escolar de DEM, compuesta por trece estudiantes de las escuelas Ays\u00e9n, Litoral Austral, Poetisa Gabriela Mistral y liceo Polit\u00e9cnico de Puerto Ays\u00e9n. Junto a ellos, cinco m\u00fasicos de la OCCh, quienes de forma conjunta interpretaron las piezas \u201cOjos azules\u201d y \u201cDefensor del tiempo\u201d.<\/p>\n<p style=\"text-align: justify;\">\u201cMuy feliz, muy orgulloso. Pensar que tocamos con personas tan destacadas y con tanta trayectoria es incre\u00edble. Me puse un poco nervioso, pero luego se me pas\u00f3\u201d, se\u00f1al\u00f3 feliz tras la presentaci\u00f3n el estudiante de la escuela Litoral Austral, e integrante del taller de violonchelo Alonso Quel\u00edn. \u201cEste tipo de actividades me hacen querer continuar en la m\u00fasica, y so\u00f1ar con pertenecer a una orquesta como \u00e9sta\u201d.<\/p>\n<p style=\"text-align: justify;\">Igualmente emocionada se vio a Natalia Vargas, mam\u00e1 y apoderada de Bruno Gonz\u00e1lez, estudiante de la escuela Ays\u00e9n, integrante de la Orquesta Preinfantil del establecimiento y violonchelista. \u201cEstoy muy contenta por esta tremenda oportunidad. Otra gran oportunidad que nos ofrece la Orquesta Escolar. Mi hijo ha descubierto su amor por la m\u00fasica, lo bien que le hace, a\u00fan siendo tan peque\u00f1o. Ha asumido responsabilidades y est\u00e1 muy comprometido por continuar haciendo \u00e9sto que tanto le gusta\u201d.<\/p>\n<p style=\"text-align: justify;\">Por su parte, la directora de las Orquestas Escolares DEM Ays\u00e9n, se mostr\u00f3 feliz con la visita del cuerpo musical m\u00e1s importante del pa\u00eds. \u201cEstamos encantados con este arribo. Nuestros ni\u00f1os estuvieron trabajando durante el d\u00eda con estos profesores. Tuvieron un encuentro muy bonito, muy positivo, porque esos encuentros son en los que pueden compartir a trav\u00e9s de un lenguaje com\u00fan, como es la m\u00fasica, distintas experiencias, con ni\u00f1os de distintas escuelas, y adem\u00e1s con m\u00fasicos de este nivel, que es incre\u00edble. Es una oportunidad \u00fanica\u201d.<\/p>\n<p style=\"text-align: justify;\">Se\u00f1alar que la gira por la regi\u00f3n de Ays\u00e9n de la OCCh contin\u00faa en Puerto Cisnes, Villa Ma\u00f1ihuales, para culminar este viernes 24 en Coyhaique con un concierto en la catedral.<\/p>\n<\/div><\/section><\/div><div  style='height:50px' class='hr hr-invisible   avia-builder-el-6  el_after_av_one_full  el_before_av_social_share '><span class='hr-inner ' ><span class='hr-inner-style'><\/span><\/span><\/div><\/p>\n<div  class='av-social-sharing-box  avia-builder-el-7  el_after_av_hr  el_before_av_hr  '><div class='av-share-box'><h5 class='av-share-link-description av-no-toc '>Compartir esta noticia<\/h5><ul class='av-share-box-list noLightbox'><li class='av-share-link av-social-link-facebook' ><a target=\"_blank\" aria-label=\"Compartir en Facebook\" href='https:\/\/www.facebook.com\/sharer.php?u=https:\/\/radiorevelacionfm.cl\/?p=37261&#038;t=Clases%20magistrales%20a%20estudiantes%20y%20un%20maravilloso%20concierto%20brind%C3%B3%20la%20Orquesta%20de%20C%C3%A1mara%20de%20Chile%20en%20su%20paso%20por%20Puerto%20Ays%C3%A9n' aria-hidden='false' data-av_icon='\ue8f3' data-av_iconfont='entypo-fontello' title='' data-avia-related-tooltip='Compartir en Facebook' rel=\"noopener\"><span class='avia_hidden_link_text'>Compartir en Facebook<\/span><\/a><\/li><li class='av-share-link av-social-link-twitter' ><a target=\"_blank\" aria-label=\"Compartir en Twitter\" href='https:\/\/twitter.com\/share?text=Clases%20magistrales%20a%20estudiantes%20y%20un%20maravilloso%20concierto%20brind%C3%B3%20la%20Orquesta%20de%20C%C3%A1mara%20de%20Chile%20en%20su%20paso%20por%20Puerto%20Ays%C3%A9n&#038;url=https:\/\/radiorevelacionfm.cl\/?p=37261' aria-hidden='false' data-av_icon='\ue8f1' data-av_iconfont='entypo-fontello' title='' data-avia-related-tooltip='Compartir en Twitter' rel=\"noopener\"><span class='avia_hidden_link_text'>Compartir en Twitter<\/span><\/a><\/li><li class='av-share-link av-social-link-whatsapp' ><a target=\"_blank\" aria-label=\"Compartir en Whatsapp\" href='https:\/\/api.whatsapp.com\/send?text=https:\/\/radiorevelacionfm.cl\/?p=37261' aria-hidden='false' data-av_icon='\uf232' data-av_iconfont='entypo-fontello' title='' data-avia-related-tooltip='Compartir en Whatsapp' rel=\"noopener\"><span class='avia_hidden_link_text'>Compartir en Whatsapp<\/span><\/a><\/li><li class='av-share-link av-social-link-linkedin' ><a target=\"_blank\" aria-label=\"Compartir en LinkedIn\" href='https:\/\/linkedin.com\/shareArticle?mini=true&#038;title=Clases%20magistrales%20a%20estudiantes%20y%20un%20maravilloso%20concierto%20brind%C3%B3%20la%20Orquesta%20de%20C%C3%A1mara%20de%20Chile%20en%20su%20paso%20por%20Puerto%20Ays%C3%A9n&#038;url=https:\/\/radiorevelacionfm.cl\/?p=37261' aria-hidden='false' data-av_icon='\ue8fc' data-av_iconfont='entypo-fontello' title='' data-avia-related-tooltip='Compartir en LinkedIn' rel=\"noopener\"><span class='avia_hidden_link_text'>Compartir en LinkedIn<\/span><\/a><\/li><li class='av-share-link av-social-link-mail' ><a  aria-label=\"Compartir por correo\" href='mailto:?subject=Clases%20magistrales%20a%20estudiantes%20y%20un%20maravilloso%20concierto%20brind%C3%B3%20la%20Orquesta%20de%20C%C3%A1mara%20de%20Chile%20en%20su%20paso%20por%20Puerto%20Ays%C3%A9n&#038;body=https:\/\/radiorevelacionfm.cl\/?p=37261' aria-hidden='false' data-av_icon='\ue805' data-av_iconfont='entypo-fontello' title='' data-avia-related-tooltip='Compartir por correo'><span class='avia_hidden_link_text'>Compartir por correo<\/span><\/a><\/li><\/ul><\/div><\/div>\n<div  style='height:50px' class='hr hr-invisible   avia-builder-el-8  el_after_av_social_share  el_before_av_comments_list '><span class='hr-inner ' ><span class='hr-inner-style'><\/span><\/span><\/div>\n<div  class='av-buildercomment  av-blog-meta-html-info-disabled av-blog-meta-tag-disabled  '><\/div>\n","protected":false},"excerpt":{"rendered":"","protected":false},"author":1,"featured_media":37262,"comment_status":"open","ping_status":"open","sticky":false,"template":"","format":"standard","meta":{"footnotes":""},"categories":[43],"tags":[],"class_list":["post-37261","post","type-post","status-publish","format-standard","has-post-thumbnail","hentry","category-musica"],"jetpack_featured_media_url":"https:\/\/radiorevelacionfm.cl\/wp-content\/uploads\/2023\/11\/405274549_842161907710848_8807141086076129374_n-1_optimized-1.jpg","_links":{"self":[{"href":"https:\/\/radiorevelacionfm.cl\/index.php?rest_route=\/wp\/v2\/posts\/37261","targetHints":{"allow":["GET"]}}],"collection":[{"href":"https:\/\/radiorevelacionfm.cl\/index.php?rest_route=\/wp\/v2\/posts"}],"about":[{"href":"https:\/\/radiorevelacionfm.cl\/index.php?rest_route=\/wp\/v2\/types\/post"}],"author":[{"embeddable":true,"href":"https:\/\/radiorevelacionfm.cl\/index.php?rest_route=\/wp\/v2\/users\/1"}],"replies":[{"embeddable":true,"href":"https:\/\/radiorevelacionfm.cl\/index.php?rest_route=%2Fwp%2Fv2%2Fcomments&post=37261"}],"version-history":[{"count":1,"href":"https:\/\/radiorevelacionfm.cl\/index.php?rest_route=\/wp\/v2\/posts\/37261\/revisions"}],"predecessor-version":[{"id":37263,"href":"https:\/\/radiorevelacionfm.cl\/index.php?rest_route=\/wp\/v2\/posts\/37261\/revisions\/37263"}],"wp:featuredmedia":[{"embeddable":true,"href":"https:\/\/radiorevelacionfm.cl\/index.php?rest_route=\/wp\/v2\/media\/37262"}],"wp:attachment":[{"href":"https:\/\/radiorevelacionfm.cl\/index.php?rest_route=%2Fwp%2Fv2%2Fmedia&parent=37261"}],"wp:term":[{"taxonomy":"category","embeddable":true,"href":"https:\/\/radiorevelacionfm.cl\/index.php?rest_route=%2Fwp%2Fv2%2Fcategories&post=37261"},{"taxonomy":"post_tag","embeddable":true,"href":"https:\/\/radiorevelacionfm.cl\/index.php?rest_route=%2Fwp%2Fv2%2Ftags&post=37261"}],"curies":[{"name":"wp","href":"https:\/\/api.w.org\/{rel}","templated":true}]}}