{"id":37259,"date":"2023-11-22T17:08:48","date_gmt":"2023-11-22T20:08:48","guid":{"rendered":"https:\/\/radiorevelacionfm.cl\/?p=37259"},"modified":"2023-11-22T17:16:04","modified_gmt":"2023-11-22T20:16:04","slug":"hospital-de-cochrane-contara-con-moderno-mamografo-para-habitantes-de-la-region-de-aysen","status":"publish","type":"post","link":"https:\/\/radiorevelacionfm.cl\/?p=37259","title":{"rendered":"Hospital de Cochrane contar\u00e1 con moderno mam\u00f3grafo para habitantes del sur de la regi\u00f3n de Ays\u00e9n"},"content":{"rendered":"<div class=\"flex_column av_one_full  flex_column_div av-zero-column-padding first  avia-builder-el-0  el_before_av_one_full  avia-builder-el-first  \" style='border-radius:0px; '><div  class='avia-image-container  av-styling-    avia-builder-el-1  avia-builder-el-no-sibling  avia-align-center '  itemprop=\"image\" itemscope=\"itemscope\" itemtype=\"https:\/\/schema.org\/ImageObject\"  ><div class='avia-image-container-inner'><div class='avia-image-overlay-wrap'><img decoding=\"async\" class='wp-image-37267 avia-img-lazy-loading-not-37267 avia_image' src=\"https:\/\/radiorevelacionfm.cl\/wp-content\/uploads\/2023\/11\/FOTO-6-COCHRANE-1-1.jpg\" alt='' title='FOTO 6 COCHRANE (1) (1)' height=\"600\" width=\"800\"  itemprop=\"thumbnailUrl\" srcset=\"https:\/\/radiorevelacionfm.cl\/wp-content\/uploads\/2023\/11\/FOTO-6-COCHRANE-1-1.jpg 800w, https:\/\/radiorevelacionfm.cl\/wp-content\/uploads\/2023\/11\/FOTO-6-COCHRANE-1-1-300x225.jpg 300w, https:\/\/radiorevelacionfm.cl\/wp-content\/uploads\/2023\/11\/FOTO-6-COCHRANE-1-1-768x576.jpg 768w, https:\/\/radiorevelacionfm.cl\/wp-content\/uploads\/2023\/11\/FOTO-6-COCHRANE-1-1-705x529.jpg 705w, https:\/\/radiorevelacionfm.cl\/wp-content\/uploads\/2023\/11\/FOTO-6-COCHRANE-1-1-450x338.jpg 450w, https:\/\/radiorevelacionfm.cl\/wp-content\/uploads\/2023\/11\/FOTO-6-COCHRANE-1-1-600x450.jpg 600w\" sizes=\"(max-width: 800px) 100vw, 800px\" \/><\/div><\/div><\/div><\/div>\n<div class=\"flex_column av_one_full  flex_column_div av-zero-column-padding first  avia-builder-el-2  el_after_av_one_full  el_before_av_one_full  column-top-margin\" style='border-radius:0px; '><section class=\"av_textblock_section \"  itemscope=\"itemscope\" itemtype=\"https:\/\/schema.org\/BlogPosting\" itemprop=\"blogPost\" ><div class='avia_textblock  '   itemprop=\"text\" ><p style=\"text-align: center;\"><span style=\"font-size: 18pt;\"><b>Hospital de Cochrane contar\u00e1 con moderno mam\u00f3grafo para habitantes del sur de la regi\u00f3n de Ays\u00e9n<\/b><\/span><\/p>\n<div id=\"gtx-trans\" style=\"position: absolute; left: -50px; top: 4.31534px;\">\n<div class=\"gtx-trans-icon\"><\/div>\n<\/div>\n<\/div><\/section><\/div><div class=\"flex_column av_one_full  flex_column_div av-zero-column-padding first  avia-builder-el-4  el_after_av_one_full  el_before_av_hr  column-top-margin\" style='border-radius:0px; '><section class=\"av_textblock_section \"  itemscope=\"itemscope\" itemtype=\"https:\/\/schema.org\/BlogPosting\" itemprop=\"blogPost\" ><div class='avia_textblock  '   itemprop=\"text\" ><p style=\"text-align: justify;\">Las mujeres de las comunas del sur de la Regi\u00f3n de Ays\u00e9n contar\u00e1n por fin con un moderno mam\u00f3grafo para poder realizarse sus controles peri\u00f3dicos, evitando el traslado a otros centros de salud de la Red Asistencial.<\/p>\n<p style=\"text-align: justify;\">La entrega de este moderno equipo se realiz\u00f3 este martes en una ceremonia en la que estuvieron presentes representantes de la Fundaci\u00f3n, autoridades locales y regionales, y representantes de organizaciones sociales.<\/p>\n<p style=\"text-align: justify;\">\u201cEste es un mam\u00f3grafo para la Provincia y la zona sur de la regi\u00f3n, que dar\u00e1 cobertura para los ex\u00e1menes preventivos a m\u00e1s de 1.450 mujeres del sector. Es un gran avance para este hospital comunitario, tenemos el mejor equipo de la regi\u00f3n y es el primer paso para aumentar la resolutividad de nuestro hospital. Es un beneficio para toda la comunidad, hoy ganamos todos\u201d, dijo Miriam Navarrete, directora del Hospital de Cochrane.<\/p>\n<p style=\"text-align: justify;\">El equipo -que tuvo un costo aproximado de 300 millones de pesos- beneficiar\u00e1 a todos los residentes de la provincia de Capit\u00e1n Prat (Cochrane, O\u2019Higgins y Tortel), y de algunas localidades aleda\u00f1as como Guadal y Bertrand, de la comuna de Chile Chico, que tambi\u00e9n reciben atenci\u00f3n en el Hospital de Cochrane.<\/p>\n<p style=\"text-align: justify;\">El c\u00e1ncer de mama es la segunda causa de muerte en mujeres de la regi\u00f3n de Ays\u00e9n, y ha sufrido un fuerte aumento durante 2023, seg\u00fan la autoridad sanitaria presente en el encuentro; por lo que esta donaci\u00f3n cobra especial relevancia dada la importancia de los chequeos anuales preventivos.<\/p>\n<p style=\"text-align: justify;\">Cristina Birrell, directora ejecutiva de Fundaci\u00f3n Te Apoyamos sostuvo que \u201cnueve de cada diez mujeres podr\u00edan sobrevivir al c\u00e1ncer de mama si lo detectaran a tiempo. Por eso, esta donaci\u00f3n es un motivo de gran alegr\u00eda para nosotros, en representaci\u00f3n\u00a0 de nuestro fundador, Andr\u00f3nico Luksic, ya que este mam\u00f3grafo de alta tecnolog\u00eda permitir\u00e1 que miles de mujeres de una regi\u00f3n extrema de nuestro pa\u00eds se realicen este fundamental examen a\u00f1o a a\u00f1o\u201d.<\/p>\n<p style=\"text-align: justify;\">En este sentido Juan Pablo Bravo Quintana, director del Servicio de Salud de Ays\u00e9n formul\u00f3 un llamado a la prevenci\u00f3n de enfermedades. \u201cAgradezco a la Fundaci\u00f3n Te Apoyamos por esta enorme iniciativa para el Hospital de Cochrane. Tambi\u00e9n le agradecemos a la comunidad, a las distintas agrupaciones y a los funcionarios que hicieron posible esta donaci\u00f3n. Invitamos a todas las mujeres de las comunas beneficiadas a que se realicen el examen preventivo, porque prevenci\u00f3n es vida\u201d.<\/p>\n<p style=\"text-align: justify;\">\u201cNosotros nos ponemos a disposici\u00f3n como autoridad sanitaria para poder permitir el funcionamiento del dispositivo en el corto plazo, (\u2026) en nombre del Ministerio de Salud y de nuestro Gobierno relevar esta acci\u00f3n y avanzar en esa misma senda de colaboraci\u00f3n para poder otorgar una mejor salud en nuestra regi\u00f3n\u201d, expres\u00f3 Carmen Monsalve G\u00f3mez, Seremi de Salud Ays\u00e9n.<\/p>\n<p style=\"text-align: justify;\">La donaci\u00f3n tambi\u00e9n fue valorada por las organizaciones locales. \u201cEstamos felices por el mam\u00f3grafo que se entreg\u00f3 hoy, y agradecemos a la Fundaci\u00f3n Te Apoyamos por este aporte\u201d, dijo Mariela Barrientos Aguilar,\u00a0representante de la Agrupaci\u00f3n Enilde.<\/p>\n<p style=\"text-align: justify;\">\u201cEsta alianza p\u00fablica privada viene a fortalecer las respuestas y acelerar los tiempos. Para nosotras, las mujeres, es importante realizar estas detecciones tempranas, en este caso de c\u00e1ncer de mama, no queremos seguir despidi\u00e9ndonos entre nosotras, nos queremos a todas y sanas\u201d, coment\u00f3 Marta Montiel, delegada de la Provincia de Capit\u00e1n Prat.<\/p>\n<p style=\"text-align: justify;\">La Fundaci\u00f3n Te Apoyamos es la Fundaci\u00f3n de m\u00e1s reciente creaci\u00f3n por parte de Andr\u00f3nico Luksic. Inici\u00f3 operaciones en septiembre de 2022, con el objetivo de entregar ayuda solidaria a personas o agrupaciones que atraviesan por un momento de alta complejidad econ\u00f3mica o social; y que necesitan apoyo en Educaci\u00f3n, Deporte, Cultura, Salud, Emprendimiento y Emergencias Sociales. Desde su creaci\u00f3n, Fundaci\u00f3n Te Apoyamos ha entregado m\u00e1s de 2.800 colaboraciones a personas y organizaciones en todo Chile.<\/p>\n<p style=\"text-align: justify;\">Durante 2023 se han realizado aportes de alto impacto para la comunidad, entre ellos, remodelaciones y mejoras de infraestructura en recintos de salud y educaci\u00f3n; adem\u00e1s de la donaci\u00f3n de equipamiento de primera necesidad en el \u00e1rea de la salud, como ambulancias y equipos para procedimientos m\u00e9dicos. En este a\u00f1o de operaci\u00f3n se han concretado m\u00e1s de 250 apoyos en el \u00e1rea de la salud.<\/p>\n<p style=\"text-align: justify;\">\u201cNo es solo un equipo, es la dignidad en la atenci\u00f3n de salud para las mujeres de Cochrane, habitantes y de otros que no son de la provincia. Esperamos que sea un primer paso para trabajar en una mejor categor\u00eda de salud para nuestros usuarios y compa\u00f1eros que tanto se han sacrificado por desarrollar esta provincia\u201d, dijo Claudio Manzur, presidente del Consejo de Desarrollo de Cochrane.<\/p>\n<p style=\"text-align: justify;\">El moderno mam\u00f3grafo instalado en el Hospital de Cochrane est\u00e1 a la espera de obtener su autorizaci\u00f3n sanitaria para iniciar su funcionamiento y poder abordar la lista de espera existente en las localidades dependientes del establecimiento de Salud.<\/p>\n<\/div><\/section><\/div><\/p>\n<div  style='height:50px' class='hr hr-invisible   avia-builder-el-6  el_after_av_one_full  el_before_av_social_share '><span class='hr-inner ' ><span class='hr-inner-style'><\/span><\/span><\/div>\n<div  class='av-social-sharing-box  avia-builder-el-7  el_after_av_hr  el_before_av_hr  '><div class='av-share-box'><h5 class='av-share-link-description av-no-toc '>Compartir esta noticia<\/h5><ul class='av-share-box-list noLightbox'><li class='av-share-link av-social-link-facebook' ><a target=\"_blank\" aria-label=\"Compartir en Facebook\" href='https:\/\/www.facebook.com\/sharer.php?u=https:\/\/radiorevelacionfm.cl\/?p=37259&#038;t=Hospital%20de%20Cochrane%20contar%C3%A1%20con%20moderno%20mam%C3%B3grafo%20para%20habitantes%20del%20sur%20de%20la%20regi%C3%B3n%20de%20Ays%C3%A9n' aria-hidden='false' data-av_icon='\ue8f3' data-av_iconfont='entypo-fontello' title='' data-avia-related-tooltip='Compartir en Facebook' rel=\"noopener\"><span class='avia_hidden_link_text'>Compartir en Facebook<\/span><\/a><\/li><li class='av-share-link av-social-link-twitter' ><a target=\"_blank\" aria-label=\"Compartir en Twitter\" href='https:\/\/twitter.com\/share?text=Hospital%20de%20Cochrane%20contar%C3%A1%20con%20moderno%20mam%C3%B3grafo%20para%20habitantes%20del%20sur%20de%20la%20regi%C3%B3n%20de%20Ays%C3%A9n&#038;url=https:\/\/radiorevelacionfm.cl\/?p=37259' aria-hidden='false' data-av_icon='\ue8f1' data-av_iconfont='entypo-fontello' title='' data-avia-related-tooltip='Compartir en Twitter' rel=\"noopener\"><span class='avia_hidden_link_text'>Compartir en Twitter<\/span><\/a><\/li><li class='av-share-link av-social-link-whatsapp' ><a target=\"_blank\" aria-label=\"Compartir en Whatsapp\" href='https:\/\/api.whatsapp.com\/send?text=https:\/\/radiorevelacionfm.cl\/?p=37259' aria-hidden='false' data-av_icon='\uf232' data-av_iconfont='entypo-fontello' title='' data-avia-related-tooltip='Compartir en Whatsapp' rel=\"noopener\"><span class='avia_hidden_link_text'>Compartir en Whatsapp<\/span><\/a><\/li><li class='av-share-link av-social-link-linkedin' ><a target=\"_blank\" aria-label=\"Compartir en LinkedIn\" href='https:\/\/linkedin.com\/shareArticle?mini=true&#038;title=Hospital%20de%20Cochrane%20contar%C3%A1%20con%20moderno%20mam%C3%B3grafo%20para%20habitantes%20del%20sur%20de%20la%20regi%C3%B3n%20de%20Ays%C3%A9n&#038;url=https:\/\/radiorevelacionfm.cl\/?p=37259' aria-hidden='false' data-av_icon='\ue8fc' data-av_iconfont='entypo-fontello' title='' data-avia-related-tooltip='Compartir en LinkedIn' rel=\"noopener\"><span class='avia_hidden_link_text'>Compartir en LinkedIn<\/span><\/a><\/li><li class='av-share-link av-social-link-mail' ><a  aria-label=\"Compartir por correo\" href='mailto:?subject=Hospital%20de%20Cochrane%20contar%C3%A1%20con%20moderno%20mam%C3%B3grafo%20para%20habitantes%20del%20sur%20de%20la%20regi%C3%B3n%20de%20Ays%C3%A9n&#038;body=https:\/\/radiorevelacionfm.cl\/?p=37259' aria-hidden='false' data-av_icon='\ue805' data-av_iconfont='entypo-fontello' title='' data-avia-related-tooltip='Compartir por correo'><span class='avia_hidden_link_text'>Compartir por correo<\/span><\/a><\/li><\/ul><\/div><\/div>\n<div  style='height:50px' class='hr hr-invisible   avia-builder-el-8  el_after_av_social_share  el_before_av_comments_list '><span class='hr-inner ' ><span class='hr-inner-style'><\/span><\/span><\/div>\n<div  class='av-buildercomment  av-blog-meta-html-info-disabled av-blog-meta-tag-disabled  '><\/div>\n","protected":false},"excerpt":{"rendered":"","protected":false},"author":1,"featured_media":37267,"comment_status":"open","ping_status":"open","sticky":false,"template":"","format":"standard","meta":{"footnotes":""},"categories":[46],"tags":[],"class_list":["post-37259","post","type-post","status-publish","format-standard","has-post-thumbnail","hentry","category-salud"],"jetpack_featured_media_url":"https:\/\/radiorevelacionfm.cl\/wp-content\/uploads\/2023\/11\/FOTO-6-COCHRANE-1-1.jpg","_links":{"self":[{"href":"https:\/\/radiorevelacionfm.cl\/index.php?rest_route=\/wp\/v2\/posts\/37259","targetHints":{"allow":["GET"]}}],"collection":[{"href":"https:\/\/radiorevelacionfm.cl\/index.php?rest_route=\/wp\/v2\/posts"}],"about":[{"href":"https:\/\/radiorevelacionfm.cl\/index.php?rest_route=\/wp\/v2\/types\/post"}],"author":[{"embeddable":true,"href":"https:\/\/radiorevelacionfm.cl\/index.php?rest_route=\/wp\/v2\/users\/1"}],"replies":[{"embeddable":true,"href":"https:\/\/radiorevelacionfm.cl\/index.php?rest_route=%2Fwp%2Fv2%2Fcomments&post=37259"}],"version-history":[{"count":3,"href":"https:\/\/radiorevelacionfm.cl\/index.php?rest_route=\/wp\/v2\/posts\/37259\/revisions"}],"predecessor-version":[{"id":37269,"href":"https:\/\/radiorevelacionfm.cl\/index.php?rest_route=\/wp\/v2\/posts\/37259\/revisions\/37269"}],"wp:featuredmedia":[{"embeddable":true,"href":"https:\/\/radiorevelacionfm.cl\/index.php?rest_route=\/wp\/v2\/media\/37267"}],"wp:attachment":[{"href":"https:\/\/radiorevelacionfm.cl\/index.php?rest_route=%2Fwp%2Fv2%2Fmedia&parent=37259"}],"wp:term":[{"taxonomy":"category","embeddable":true,"href":"https:\/\/radiorevelacionfm.cl\/index.php?rest_route=%2Fwp%2Fv2%2Fcategories&post=37259"},{"taxonomy":"post_tag","embeddable":true,"href":"https:\/\/radiorevelacionfm.cl\/index.php?rest_route=%2Fwp%2Fv2%2Ftags&post=37259"}],"curies":[{"name":"wp","href":"https:\/\/api.w.org\/{rel}","templated":true}]}}