{"id":37250,"date":"2023-11-22T20:27:13","date_gmt":"2023-11-22T23:27:13","guid":{"rendered":"https:\/\/radiorevelacionfm.cl\/?p=37250"},"modified":"2023-11-22T20:27:13","modified_gmt":"2023-11-22T23:27:13","slug":"invitan-a-participar-de-taller-dirigido-a-trabajadoras-de-casa-particular","status":"publish","type":"post","link":"https:\/\/radiorevelacionfm.cl\/?p=37250","title":{"rendered":"Invitan a participar de Taller dirigido a trabajadoras de casa particular"},"content":{"rendered":"<div class=\"flex_column av_one_full  flex_column_div av-zero-column-padding first  avia-builder-el-0  el_before_av_one_full  avia-builder-el-first  \" style='border-radius:0px; '><div  class='avia-image-container  av-styling-    avia-builder-el-1  avia-builder-el-no-sibling  avia-align-center '  itemprop=\"image\" itemscope=\"itemscope\" itemtype=\"https:\/\/schema.org\/ImageObject\"  ><div class='avia-image-container-inner'><div class='avia-image-overlay-wrap'><img decoding=\"async\" class='wp-image-37251 avia-img-lazy-loading-not-37251 avia_image' src=\"https:\/\/radiorevelacionfm.cl\/wp-content\/uploads\/2023\/11\/trabajadora-casa-particular-1-1_optimized.jpg\" alt='' title='trabajadora-casa-particular-(1)-(1)_optimized' height=\"600\" width=\"946\"  itemprop=\"thumbnailUrl\" srcset=\"https:\/\/radiorevelacionfm.cl\/wp-content\/uploads\/2023\/11\/trabajadora-casa-particular-1-1_optimized.jpg 946w, https:\/\/radiorevelacionfm.cl\/wp-content\/uploads\/2023\/11\/trabajadora-casa-particular-1-1_optimized-300x190.jpg 300w, https:\/\/radiorevelacionfm.cl\/wp-content\/uploads\/2023\/11\/trabajadora-casa-particular-1-1_optimized-768x487.jpg 768w, https:\/\/radiorevelacionfm.cl\/wp-content\/uploads\/2023\/11\/trabajadora-casa-particular-1-1_optimized-705x447.jpg 705w, https:\/\/radiorevelacionfm.cl\/wp-content\/uploads\/2023\/11\/trabajadora-casa-particular-1-1_optimized-450x285.jpg 450w, https:\/\/radiorevelacionfm.cl\/wp-content\/uploads\/2023\/11\/trabajadora-casa-particular-1-1_optimized-600x381.jpg 600w\" sizes=\"(max-width: 946px) 100vw, 946px\" \/><\/div><\/div><\/div><\/div><div class=\"flex_column av_one_full  flex_column_div av-zero-column-padding first  avia-builder-el-2  el_after_av_one_full  el_before_av_one_full  column-top-margin\" style='border-radius:0px; '><section class=\"av_textblock_section \"  itemscope=\"itemscope\" itemtype=\"https:\/\/schema.org\/BlogPosting\" itemprop=\"blogPost\" ><div class='avia_textblock  '   itemprop=\"text\" ><p style=\"text-align: center;\" align=\"center\"><span style=\"font-size: 18pt;\"><b><span lang=\"ES-TRAD\">Invitan a participar de Taller dirigido a trabajadoras de casa particular<\/span><\/b><\/span><b><\/b><\/p>\n<div id=\"gtx-trans\" style=\"position: absolute; left: -50px; top: 4.31534px;\">\n<div class=\"gtx-trans-icon\"><\/div>\n<\/div>\n<\/div><\/section><\/div><div class=\"flex_column av_one_full  flex_column_div av-zero-column-padding first  avia-builder-el-4  el_after_av_one_full  el_before_av_hr  column-top-margin\" style='border-radius:0px; '><section class=\"av_textblock_section \"  itemscope=\"itemscope\" itemtype=\"https:\/\/schema.org\/BlogPosting\" itemprop=\"blogPost\" ><div class='avia_textblock  '   itemprop=\"text\" ><p style=\"text-align: justify;\"><em><span lang=\"ES-MX\">El Instituto de Seguridad Laboral, ISL, realizar\u00e1 una jornada de autocuidado y entregar\u00e1 informaci\u00f3n sobre la ley de accidentes del trabajo y enfermedades profesionales con los cual busca capacitar a las trabajadoras de casa particular en beneficios de la seguridad social y derechos, este s\u00e1bado 25 de noviembre a las 15:00.<\/span><\/em><\/p>\n<p class=\"v1MsoNormal\" style=\"text-align: justify;\"><span lang=\"ES-MX\">El Instituto de Seguridad Laboral, ISL, parte del Ministerio de Trabajo y Previsi\u00f3n Social, es la entidad p\u00fablica encargada de administrar el Seguro Social contra Riesgos de Accidentes del Trabajo y Enfermedades Profesionales. En el caso de las trabajadoras de casa particular, su gran mayor\u00eda est\u00e1n adheridas al ISL en t\u00e9rminos de seguridad y salud laboral, al igual que las y los trabajadores independientes.<\/span><\/p>\n<p class=\"v1MsoNormal\" style=\"text-align: justify;\"><span lang=\"ES-MX\">En este sentido, el ISL est\u00e1 desarrollando diversos talleres e instancias de capacitaci\u00f3n para informar a las y los trabajadores en todas las comunas de la Regi\u00f3n de Ays\u00e9n, estando hace algunas semanas en Lago Verde, Villa Amengual, Coyhaique, Puerto Chacabuco, Villa O\u00b4Higgins, Tortel, y Cochrane, donde el autocuidado se presenta como una de las capacitaciones fundamentales para prevenir los riesgos psicosociales, m\u00e1s a\u00fan luego de la pandemia.<\/span><\/p>\n<p class=\"v1MsoNormal\" style=\"text-align: justify;\"><span lang=\"ES-MX\">El Seremi de Trabajo y Previsi\u00f3n Social, Rodrigo D\u00edaz Cordaro, mencion\u00f3 el contexto que tiene esta jornada, \u00abEste taller del Instituto de Seguridad Laboral, ISL, de autocuidado y de la ley de accidentes laborales se enmarca en el contexto del D\u00eda Nacional de Trabajadoras de Casa Particular y del D\u00eda Internacional de la Eliminaci\u00f3n de la Violencia Contra las Mujeres, que impulsamos a trav\u00e9s de la Agenda de g\u00e9nero, como Ministerio de Trabajo y Previsi\u00f3n Social y la Seremi de Mujer y Equidad de G\u00e9nero, donde nos interesa profundamente como Gobierno difundir los derechos laborales y previsionales, adem\u00e1s del trabajo decente, donde estamos trabajando en diversas iniciativas, como la implementaci\u00f3n de la ratificaci\u00f3n del Convenio 190 de la Organizaci\u00f3n Internacional del Trabajo (OIT), que aborda los compromisos de los Estados en torno a la prevenci\u00f3n y erradicaci\u00f3n de la violencia laboral. Por ello, es muy importante que se sumen todas las trabajadoras de casa particular al taller del ISL, que ser\u00e1 en la sede de ANECAP y recibir informaci\u00f3n que ser\u00e1 muy importante para su labor\u00bb.<\/span><\/p>\n<p class=\"v1MsoNormal\" style=\"text-align: justify;\"><span lang=\"ES-MX\">Con respecto a los temas que se abordar\u00e1n en este taller, la directora regional del ISL, Claudia Vald\u00e9s, detall\u00f3, \u00abQueremos hacer una invitaci\u00f3n extensiva a todas las mujeres trabajadoras de casa particular, para que puedan acercarse este d\u00eda s\u00e1bado 25 de noviembre a partir de las 15 horas, en la Sede de Anecap, a una Jornada que estaremos realizando vinculada a autocuidado en los espacios laborales y respecto a la cobertura del Seguro Contra Accidentes de Trabajo y Enfermedades Profesionales. Esta charla busca informar sobre el autocuidado y brindar herramientas te\u00f3ricas y pr\u00e1cticas de c\u00f3mo manejar nuestras emociones, c\u00f3mo identificar nuestro estado emocional y qu\u00e9 estrategia podemos utilizar para que nos ayuden a estar y sentirnos mejor. Sobre los aspectos de la ley, abordaremos elementos pr\u00e1cticos, qu\u00e9 hacer en caso de accidentes laborales, c\u00f3mo realizar una declaraci\u00f3n de accidente laboral, cosa que nos permita mejorar la gesti\u00f3n en t\u00e9rminos de los procedimientos de la ley. As\u00ed es que las esperamos a partir de las 15 horas, este es un taller dedicado especialmente para las mujeres trabajadoras de casa particular de nuestra regi\u00f3n de Ays\u00e9n\u00bb.<\/span><\/p>\n<p class=\"v1MsoNormal\" style=\"text-align: justify;\"><span lang=\"ES-MX\">A su vez, la presidenta de la Asociaci\u00f3n Nacional de Empleadas de Casa Particular, ANECAP; filial Coyhaique, Magdalena Hueitra, invit\u00f3 a todas las trabajadoras a sumarse a esta taller gratuito, \u00abHago extensiva una invitaci\u00f3n a un taller con el ISL a todas las trabajadoras de casa particular que quieran participar este s\u00e1bado 25 de noviembre de 2023, en nuestra Sede Anecap filial Coyhaique, organizaci\u00f3n de trabajadoras de casa particular, que est\u00e1 ubicada en las Quintas 454, el taller ser\u00e1 a partir de las 15 horas, est\u00e1n totalmente y cordialmente invitadas cada una de ustedes. Mis estimadas trabajadoras de casa particular, ustedes son mujeres importantes, son mujeres que luchan d\u00eda a d\u00eda y llevan el sustento a sus hogares, y \u00e9sta es una buena oportunidad de poder capacitarnos con el ISL, Instituto de Seguridad Laboral, las esperamos\u00bb.<\/span><\/p>\n<p class=\"v1MsoNormal\" style=\"text-align: justify;\"><span lang=\"ES-MX\">Cabe destacar que el Instituto de Seguridad Laboral tiene capacitaci\u00f3n el l\u00ednea a trav\u00e9s del sitio web\u00a0<\/span><span lang=\"ES\"><a href=\"http:\/\/www.campusprevencionisl.cl\/\" target=\"_blank\" rel=\"noopener noreferrer\"><span lang=\"ES-MX\">www.campusprevencionisl.cl<\/span><\/a><\/span><span lang=\"ES-MX\">\u00a0donde hay m\u00e1s de 30 cursos de diversos \u00e1mbitos laborales, totalmente gratis, a los cuales pueden acceder todos los trabajadores y trabajadoras.<\/span><\/p>\n<\/div><\/section><\/div><div  style='height:50px' class='hr hr-invisible   avia-builder-el-6  el_after_av_one_full  el_before_av_social_share '><span class='hr-inner ' ><span class='hr-inner-style'><\/span><\/span><\/div><\/p>\n<div  class='av-social-sharing-box  avia-builder-el-7  el_after_av_hr  el_before_av_hr  '><div class='av-share-box'><h5 class='av-share-link-description av-no-toc '>Compartir esta noticia<\/h5><ul class='av-share-box-list noLightbox'><li class='av-share-link av-social-link-facebook' ><a target=\"_blank\" aria-label=\"Compartir en Facebook\" href='https:\/\/www.facebook.com\/sharer.php?u=https:\/\/radiorevelacionfm.cl\/?p=37250&#038;t=Invitan%20a%20participar%20de%20Taller%20dirigido%20a%20trabajadoras%20de%20casa%20particular' aria-hidden='false' data-av_icon='\ue8f3' data-av_iconfont='entypo-fontello' title='' data-avia-related-tooltip='Compartir en Facebook' rel=\"noopener\"><span class='avia_hidden_link_text'>Compartir en Facebook<\/span><\/a><\/li><li class='av-share-link av-social-link-twitter' ><a target=\"_blank\" aria-label=\"Compartir en Twitter\" href='https:\/\/twitter.com\/share?text=Invitan%20a%20participar%20de%20Taller%20dirigido%20a%20trabajadoras%20de%20casa%20particular&#038;url=https:\/\/radiorevelacionfm.cl\/?p=37250' aria-hidden='false' data-av_icon='\ue8f1' data-av_iconfont='entypo-fontello' title='' data-avia-related-tooltip='Compartir en Twitter' rel=\"noopener\"><span class='avia_hidden_link_text'>Compartir en Twitter<\/span><\/a><\/li><li class='av-share-link av-social-link-whatsapp' ><a target=\"_blank\" aria-label=\"Compartir en Whatsapp\" href='https:\/\/api.whatsapp.com\/send?text=https:\/\/radiorevelacionfm.cl\/?p=37250' aria-hidden='false' data-av_icon='\uf232' data-av_iconfont='entypo-fontello' title='' data-avia-related-tooltip='Compartir en Whatsapp' rel=\"noopener\"><span class='avia_hidden_link_text'>Compartir en Whatsapp<\/span><\/a><\/li><li class='av-share-link av-social-link-linkedin' ><a target=\"_blank\" aria-label=\"Compartir en LinkedIn\" href='https:\/\/linkedin.com\/shareArticle?mini=true&#038;title=Invitan%20a%20participar%20de%20Taller%20dirigido%20a%20trabajadoras%20de%20casa%20particular&#038;url=https:\/\/radiorevelacionfm.cl\/?p=37250' aria-hidden='false' data-av_icon='\ue8fc' data-av_iconfont='entypo-fontello' title='' data-avia-related-tooltip='Compartir en LinkedIn' rel=\"noopener\"><span class='avia_hidden_link_text'>Compartir en LinkedIn<\/span><\/a><\/li><li class='av-share-link av-social-link-mail' ><a  aria-label=\"Compartir por correo\" href='mailto:?subject=Invitan%20a%20participar%20de%20Taller%20dirigido%20a%20trabajadoras%20de%20casa%20particular&#038;body=https:\/\/radiorevelacionfm.cl\/?p=37250' aria-hidden='false' data-av_icon='\ue805' data-av_iconfont='entypo-fontello' title='' data-avia-related-tooltip='Compartir por correo'><span class='avia_hidden_link_text'>Compartir por correo<\/span><\/a><\/li><\/ul><\/div><\/div>\n<div  style='height:50px' class='hr hr-invisible   avia-builder-el-8  el_after_av_social_share  el_before_av_comments_list '><span class='hr-inner ' ><span class='hr-inner-style'><\/span><\/span><\/div>\n<div  class='av-buildercomment  av-blog-meta-html-info-disabled av-blog-meta-tag-disabled  '><\/div>\n","protected":false},"excerpt":{"rendered":"","protected":false},"author":1,"featured_media":37251,"comment_status":"open","ping_status":"open","sticky":false,"template":"","format":"standard","meta":{"footnotes":""},"categories":[56],"tags":[],"class_list":["post-37250","post","type-post","status-publish","format-standard","has-post-thumbnail","hentry","category-trabajo"],"jetpack_featured_media_url":"https:\/\/radiorevelacionfm.cl\/wp-content\/uploads\/2023\/11\/trabajadora-casa-particular-1-1_optimized.jpg","_links":{"self":[{"href":"https:\/\/radiorevelacionfm.cl\/index.php?rest_route=\/wp\/v2\/posts\/37250","targetHints":{"allow":["GET"]}}],"collection":[{"href":"https:\/\/radiorevelacionfm.cl\/index.php?rest_route=\/wp\/v2\/posts"}],"about":[{"href":"https:\/\/radiorevelacionfm.cl\/index.php?rest_route=\/wp\/v2\/types\/post"}],"author":[{"embeddable":true,"href":"https:\/\/radiorevelacionfm.cl\/index.php?rest_route=\/wp\/v2\/users\/1"}],"replies":[{"embeddable":true,"href":"https:\/\/radiorevelacionfm.cl\/index.php?rest_route=%2Fwp%2Fv2%2Fcomments&post=37250"}],"version-history":[{"count":1,"href":"https:\/\/radiorevelacionfm.cl\/index.php?rest_route=\/wp\/v2\/posts\/37250\/revisions"}],"predecessor-version":[{"id":37252,"href":"https:\/\/radiorevelacionfm.cl\/index.php?rest_route=\/wp\/v2\/posts\/37250\/revisions\/37252"}],"wp:featuredmedia":[{"embeddable":true,"href":"https:\/\/radiorevelacionfm.cl\/index.php?rest_route=\/wp\/v2\/media\/37251"}],"wp:attachment":[{"href":"https:\/\/radiorevelacionfm.cl\/index.php?rest_route=%2Fwp%2Fv2%2Fmedia&parent=37250"}],"wp:term":[{"taxonomy":"category","embeddable":true,"href":"https:\/\/radiorevelacionfm.cl\/index.php?rest_route=%2Fwp%2Fv2%2Fcategories&post=37250"},{"taxonomy":"post_tag","embeddable":true,"href":"https:\/\/radiorevelacionfm.cl\/index.php?rest_route=%2Fwp%2Fv2%2Ftags&post=37250"}],"curies":[{"name":"wp","href":"https:\/\/api.w.org\/{rel}","templated":true}]}}