{"id":37247,"date":"2023-11-22T13:13:28","date_gmt":"2023-11-22T16:13:28","guid":{"rendered":"https:\/\/radiorevelacionfm.cl\/?p=37247"},"modified":"2023-11-22T13:16:06","modified_gmt":"2023-11-22T16:16:06","slug":"raphael-ad-portas-de-la-implementacion-de-los-servicios-locales-en-aysen-existe-preocupacion-por-parte-de-los-apoderados-debido-a-los-problemas-que-se-han-visto-en-otras-zonas-del-pais","status":"publish","type":"post","link":"https:\/\/radiorevelacionfm.cl\/?p=37247","title":{"rendered":"Raphael ad portas de la implementaci\u00f3n de los Servicios Locales en Ays\u00e9n: \u201cExiste preocupaci\u00f3n por parte de los apoderados, debido a los problemas que se han visto en otras zonas del pa\u00eds\u201d"},"content":{"rendered":"<div class=\"flex_column av_one_full  flex_column_div av-zero-column-padding first  avia-builder-el-0  el_before_av_one_full  avia-builder-el-first  \" style='border-radius:0px; '><div  class='avia-image-container  av-styling-    avia-builder-el-1  avia-builder-el-no-sibling  avia-align-center '  itemprop=\"image\" itemscope=\"itemscope\" itemtype=\"https:\/\/schema.org\/ImageObject\"  ><div class='avia-image-container-inner'><div class='avia-image-overlay-wrap'><img decoding=\"async\" class='wp-image-37248 avia-img-lazy-loading-not-37248 avia_image' src=\"https:\/\/radiorevelacionfm.cl\/wp-content\/uploads\/2023\/11\/Foto-diputada-1-1.jpeg\" alt='' title='Foto diputada (1) (1)' height=\"600\" width=\"901\"  itemprop=\"thumbnailUrl\" srcset=\"https:\/\/radiorevelacionfm.cl\/wp-content\/uploads\/2023\/11\/Foto-diputada-1-1.jpeg 901w, https:\/\/radiorevelacionfm.cl\/wp-content\/uploads\/2023\/11\/Foto-diputada-1-1-300x200.jpeg 300w, https:\/\/radiorevelacionfm.cl\/wp-content\/uploads\/2023\/11\/Foto-diputada-1-1-768x511.jpeg 768w, https:\/\/radiorevelacionfm.cl\/wp-content\/uploads\/2023\/11\/Foto-diputada-1-1-705x469.jpeg 705w, https:\/\/radiorevelacionfm.cl\/wp-content\/uploads\/2023\/11\/Foto-diputada-1-1-450x300.jpeg 450w, https:\/\/radiorevelacionfm.cl\/wp-content\/uploads\/2023\/11\/Foto-diputada-1-1-600x400.jpeg 600w\" sizes=\"(max-width: 901px) 100vw, 901px\" \/><\/div><\/div><\/div><\/div>\n<div class=\"flex_column av_one_full  flex_column_div av-zero-column-padding first  avia-builder-el-2  el_after_av_one_full  el_before_av_one_full  column-top-margin\" style='border-radius:0px; '><section class=\"av_textblock_section \"  itemscope=\"itemscope\" itemtype=\"https:\/\/schema.org\/BlogPosting\" itemprop=\"blogPost\" ><div class='avia_textblock  '   itemprop=\"text\" ><p style=\"text-align: center;\"><span style=\"font-size: 18pt;\"><strong>Raphael ad portas de la implementaci\u00f3n de los Servicios Locales en Ays\u00e9n: \u201cExiste preocupaci\u00f3n por parte de los apoderados, debido a los problemas que se han visto en otras zonas del pa\u00eds\u201d<\/strong><\/span><\/p>\n<div id=\"gtx-trans\" style=\"position: absolute; left: -50px; top: 4.31534px;\">\n<div class=\"gtx-trans-icon\"><\/div>\n<\/div>\n<\/div><\/section><\/div><div class=\"flex_column av_one_full  flex_column_div av-zero-column-padding first  avia-builder-el-4  el_after_av_one_full  el_before_av_hr  column-top-margin\" style='border-radius:0px; '><section class=\"av_textblock_section \"  itemscope=\"itemscope\" itemtype=\"https:\/\/schema.org\/BlogPosting\" itemprop=\"blogPost\" ><div class='avia_textblock  '   itemprop=\"text\" ><p style=\"text-align: justify;\">La diputada Marcia Raphael Mora, ha expresado al ministro de educaci\u00f3n Nicol\u00e1s Cataldo su preocupaci\u00f3n ante la implementaci\u00f3n desde el pr\u00f3ximo 01 de enero de 2024 de los Servicios Locales de Educaci\u00f3n, que se han caracterizado a nivel nacional por tener problemas graves que han incidido negativamente en la calidad de la educaci\u00f3n p\u00fablica, lo que se ha traducido, por ejemplo, en el paro de m\u00e1s de 50 d\u00edas en la regi\u00f3n de Atacama, que tuvo como consecuencia m\u00e1s de 30.000 alumnos sin clases.<\/p>\n<p style=\"text-align: justify;\">Para la legisladora de Renovaci\u00f3n Nacional, es importante que el Ministerio y el Gobierno cumplan su compromiso y env\u00eden cuanto antes al Congreso el proyecto de Ley que tiene como objetivo modificar la legislaci\u00f3n que rige a los Servicios Locales de Educaci\u00f3n P\u00fablica, donde se ha visto en la pr\u00e1ctica los problemas estructurales que tiene la legislaci\u00f3n actual y que es necesario hacer los cambios, con el fin de que lo ocurrido en Atacama no suceda en Ays\u00e9n ni en ninguna zona del pa\u00eds.<\/p>\n<p style=\"text-align: justify;\">\u201cLa implementaci\u00f3n de los Servicios Locales a nivel nacional ha fracasado y lamentablemente el gobierno ha actuado de manera tard\u00eda, lo que ha tenido como consecuencia el deterioro de la educaci\u00f3n p\u00fablica, donde estos servicios est\u00e1n en vigencia. Es importante que el gobierno presente un proyecto de ley que modifique la legislaci\u00f3n y permita enfrentar los problemas, en temas tan relevantes como la infraestructura de los establecimientos\u201d<\/p>\n<p style=\"text-align: justify;\">Respecto a la realidad local, Raphael valora el esfuerzo que est\u00e1n llevando los funcionarios del servicio ad porta de su entrada en vigencia en donde se tienen m\u00faltiples desaf\u00edos, tales como ser el servicio con mayor extensi\u00f3n territorial y con localidades muy aisladas, en donde el trabajo de apoyo en terreno a los alumnos y el transporte, asoman como los principales desaf\u00edos.<\/p>\n<p style=\"text-align: justify;\">\u201cLe hemos planteado al Ministro las particularidades de nuestra regi\u00f3n en donde nos preocupa enormemente el transporte de nuestros alumnos y tambi\u00e9n la poca dotaci\u00f3n de veh\u00edculos que tendr\u00e1 el Servicio Local, que claramente demuestra el desconocimiento de la legislaci\u00f3n sobre las regiones m\u00e1s extremas como la nuestra. Hemos sido enf\u00e1ticos en se\u00f1alar que no podemos improvisar y debemos adelantarnos a que desde marzo del pr\u00f3ximo a\u00f1o todo funcione de manera digna para nuestros estudiantes\u201d sentenci\u00f3 Raphael.<\/p>\n<\/div><\/section><\/div><\/p>\n<div  style='height:50px' class='hr hr-invisible   avia-builder-el-6  el_after_av_one_full  el_before_av_social_share '><span class='hr-inner ' ><span class='hr-inner-style'><\/span><\/span><\/div>\n<div  class='av-social-sharing-box  avia-builder-el-7  el_after_av_hr  el_before_av_hr  '><div class='av-share-box'><h5 class='av-share-link-description av-no-toc '>Compartir esta noticia<\/h5><ul class='av-share-box-list noLightbox'><li class='av-share-link av-social-link-facebook' ><a target=\"_blank\" aria-label=\"Compartir en Facebook\" href='https:\/\/www.facebook.com\/sharer.php?u=https:\/\/radiorevelacionfm.cl\/?p=37247&#038;t=Raphael%20ad%20portas%20de%20la%20implementaci%C3%B3n%20de%20los%20Servicios%20Locales%20en%20Ays%C3%A9n%3A%20%E2%80%9CExiste%20preocupaci%C3%B3n%20por%20parte%20de%20los%20apoderados%2C%20debido%20a%20los%20problemas%20que%20se%20han%20visto%20en%20otras%20zonas%20del%20pa%C3%ADs%E2%80%9D' aria-hidden='false' data-av_icon='\ue8f3' data-av_iconfont='entypo-fontello' title='' data-avia-related-tooltip='Compartir en Facebook' rel=\"noopener\"><span class='avia_hidden_link_text'>Compartir en Facebook<\/span><\/a><\/li><li class='av-share-link av-social-link-twitter' ><a target=\"_blank\" aria-label=\"Compartir en Twitter\" href='https:\/\/twitter.com\/share?text=Raphael%20ad%20portas%20de%20la%20implementaci%C3%B3n%20de%20los%20Servicios%20Locales%20en%20Ays%C3%A9n%3A%20%E2%80%9CExiste%20preocupaci%C3%B3n%20por%20parte%20de%20los%20apoderados%2C%20debido%20a%20los%20problemas%20que%20se%20han%20visto%20en%20otras%20zonas%20del%20pa%C3%ADs%E2%80%9D&#038;url=https:\/\/radiorevelacionfm.cl\/?p=37247' aria-hidden='false' data-av_icon='\ue8f1' data-av_iconfont='entypo-fontello' title='' data-avia-related-tooltip='Compartir en Twitter' rel=\"noopener\"><span class='avia_hidden_link_text'>Compartir en Twitter<\/span><\/a><\/li><li class='av-share-link av-social-link-whatsapp' ><a target=\"_blank\" aria-label=\"Compartir en Whatsapp\" href='https:\/\/api.whatsapp.com\/send?text=https:\/\/radiorevelacionfm.cl\/?p=37247' aria-hidden='false' data-av_icon='\uf232' data-av_iconfont='entypo-fontello' title='' data-avia-related-tooltip='Compartir en Whatsapp' rel=\"noopener\"><span class='avia_hidden_link_text'>Compartir en Whatsapp<\/span><\/a><\/li><li class='av-share-link av-social-link-linkedin' ><a target=\"_blank\" aria-label=\"Compartir en LinkedIn\" href='https:\/\/linkedin.com\/shareArticle?mini=true&#038;title=Raphael%20ad%20portas%20de%20la%20implementaci%C3%B3n%20de%20los%20Servicios%20Locales%20en%20Ays%C3%A9n%3A%20%E2%80%9CExiste%20preocupaci%C3%B3n%20por%20parte%20de%20los%20apoderados%2C%20debido%20a%20los%20problemas%20que%20se%20han%20visto%20en%20otras%20zonas%20del%20pa%C3%ADs%E2%80%9D&#038;url=https:\/\/radiorevelacionfm.cl\/?p=37247' aria-hidden='false' data-av_icon='\ue8fc' data-av_iconfont='entypo-fontello' title='' data-avia-related-tooltip='Compartir en LinkedIn' rel=\"noopener\"><span class='avia_hidden_link_text'>Compartir en LinkedIn<\/span><\/a><\/li><li class='av-share-link av-social-link-mail' ><a  aria-label=\"Compartir por correo\" href='mailto:?subject=Raphael%20ad%20portas%20de%20la%20implementaci%C3%B3n%20de%20los%20Servicios%20Locales%20en%20Ays%C3%A9n%3A%20%E2%80%9CExiste%20preocupaci%C3%B3n%20por%20parte%20de%20los%20apoderados%2C%20debido%20a%20los%20problemas%20que%20se%20han%20visto%20en%20otras%20zonas%20del%20pa%C3%ADs%E2%80%9D&#038;body=https:\/\/radiorevelacionfm.cl\/?p=37247' aria-hidden='false' data-av_icon='\ue805' data-av_iconfont='entypo-fontello' title='' data-avia-related-tooltip='Compartir por correo'><span class='avia_hidden_link_text'>Compartir por correo<\/span><\/a><\/li><\/ul><\/div><\/div>\n<div  style='height:50px' class='hr hr-invisible   avia-builder-el-8  el_after_av_social_share  el_before_av_comments_list '><span class='hr-inner ' ><span class='hr-inner-style'><\/span><\/span><\/div>\n<div  class='av-buildercomment  av-blog-meta-html-info-disabled av-blog-meta-tag-disabled  '><\/div>\n","protected":false},"excerpt":{"rendered":"","protected":false},"author":1,"featured_media":37248,"comment_status":"open","ping_status":"open","sticky":false,"template":"","format":"standard","meta":{"footnotes":""},"categories":[35],"tags":[],"class_list":["post-37247","post","type-post","status-publish","format-standard","has-post-thumbnail","hentry","category-politica"],"jetpack_featured_media_url":"https:\/\/radiorevelacionfm.cl\/wp-content\/uploads\/2023\/11\/Foto-diputada-1-1.jpeg","_links":{"self":[{"href":"https:\/\/radiorevelacionfm.cl\/index.php?rest_route=\/wp\/v2\/posts\/37247","targetHints":{"allow":["GET"]}}],"collection":[{"href":"https:\/\/radiorevelacionfm.cl\/index.php?rest_route=\/wp\/v2\/posts"}],"about":[{"href":"https:\/\/radiorevelacionfm.cl\/index.php?rest_route=\/wp\/v2\/types\/post"}],"author":[{"embeddable":true,"href":"https:\/\/radiorevelacionfm.cl\/index.php?rest_route=\/wp\/v2\/users\/1"}],"replies":[{"embeddable":true,"href":"https:\/\/radiorevelacionfm.cl\/index.php?rest_route=%2Fwp%2Fv2%2Fcomments&post=37247"}],"version-history":[{"count":3,"href":"https:\/\/radiorevelacionfm.cl\/index.php?rest_route=\/wp\/v2\/posts\/37247\/revisions"}],"predecessor-version":[{"id":37254,"href":"https:\/\/radiorevelacionfm.cl\/index.php?rest_route=\/wp\/v2\/posts\/37247\/revisions\/37254"}],"wp:featuredmedia":[{"embeddable":true,"href":"https:\/\/radiorevelacionfm.cl\/index.php?rest_route=\/wp\/v2\/media\/37248"}],"wp:attachment":[{"href":"https:\/\/radiorevelacionfm.cl\/index.php?rest_route=%2Fwp%2Fv2%2Fmedia&parent=37247"}],"wp:term":[{"taxonomy":"category","embeddable":true,"href":"https:\/\/radiorevelacionfm.cl\/index.php?rest_route=%2Fwp%2Fv2%2Fcategories&post=37247"},{"taxonomy":"post_tag","embeddable":true,"href":"https:\/\/radiorevelacionfm.cl\/index.php?rest_route=%2Fwp%2Fv2%2Ftags&post=37247"}],"curies":[{"name":"wp","href":"https:\/\/api.w.org\/{rel}","templated":true}]}}