{"id":37236,"date":"2023-11-21T20:22:09","date_gmt":"2023-11-21T23:22:09","guid":{"rendered":"https:\/\/radiorevelacionfm.cl\/?p=37236"},"modified":"2023-11-21T20:22:09","modified_gmt":"2023-11-21T23:22:09","slug":"corral-patagonia-fest-la-fiesta-del-turismo-de-bicicleta-se-toma-coyhaique","status":"publish","type":"post","link":"https:\/\/radiorevelacionfm.cl\/?p=37236","title":{"rendered":"\u00abCorral Patagonia Fest\u00bb: La fiesta del turismo de bicicleta se toma Coyhaique"},"content":{"rendered":"<div class=\"flex_column av_one_full  flex_column_div av-zero-column-padding first  avia-builder-el-0  el_before_av_one_full  avia-builder-el-first  \" style='border-radius:0px; '><div  class='avia-image-container  av-styling-    avia-builder-el-1  avia-builder-el-no-sibling  avia-align-center '  itemprop=\"image\" itemscope=\"itemscope\" itemtype=\"https:\/\/schema.org\/ImageObject\"  ><div class='avia-image-container-inner'><div class='avia-image-overlay-wrap'><img decoding=\"async\" class='wp-image-37237 avia-img-lazy-loading-not-37237 avia_image' src=\"https:\/\/radiorevelacionfm.cl\/wp-content\/uploads\/2023\/11\/IMG_0871-1-1.jpg\" alt='' title='IMG_0871 (1) (1)' height=\"600\" width=\"780\"  itemprop=\"thumbnailUrl\" srcset=\"https:\/\/radiorevelacionfm.cl\/wp-content\/uploads\/2023\/11\/IMG_0871-1-1.jpg 780w, https:\/\/radiorevelacionfm.cl\/wp-content\/uploads\/2023\/11\/IMG_0871-1-1-300x231.jpg 300w, https:\/\/radiorevelacionfm.cl\/wp-content\/uploads\/2023\/11\/IMG_0871-1-1-768x591.jpg 768w, https:\/\/radiorevelacionfm.cl\/wp-content\/uploads\/2023\/11\/IMG_0871-1-1-705x542.jpg 705w, https:\/\/radiorevelacionfm.cl\/wp-content\/uploads\/2023\/11\/IMG_0871-1-1-450x346.jpg 450w, https:\/\/radiorevelacionfm.cl\/wp-content\/uploads\/2023\/11\/IMG_0871-1-1-600x462.jpg 600w\" sizes=\"(max-width: 780px) 100vw, 780px\" \/><\/div><\/div><\/div><\/div><div class=\"flex_column av_one_full  flex_column_div av-zero-column-padding first  avia-builder-el-2  el_after_av_one_full  el_before_av_one_full  column-top-margin\" style='border-radius:0px; '><section class=\"av_textblock_section \"  itemscope=\"itemscope\" itemtype=\"https:\/\/schema.org\/BlogPosting\" itemprop=\"blogPost\" ><div class='avia_textblock  '   itemprop=\"text\" ><p style=\"text-align: center;\"><span style=\"font-size: 18pt;\"><b><span lang=\"ES\">\u00abCorral Patagonia Fest\u00bb: La fiesta del turismo de bicicleta se toma Coyhaique<\/span><\/b><\/span><\/p>\n<div id=\"gtx-trans\" style=\"position: absolute; left: -50px; top: 4.31534px;\">\n<div class=\"gtx-trans-icon\"><\/div>\n<\/div>\n<\/div><\/section><\/div><div class=\"flex_column av_one_full  flex_column_div av-zero-column-padding first  avia-builder-el-4  el_after_av_one_full  el_before_av_hr  column-top-margin\" style='border-radius:0px; '><section class=\"av_textblock_section \"  itemscope=\"itemscope\" itemtype=\"https:\/\/schema.org\/BlogPosting\" itemprop=\"blogPost\" ><div class='avia_textblock  '   itemprop=\"text\" ><p class=\"v1MsoNormal\" style=\"text-align: justify;\"><span lang=\"ES\">Con cl<\/span><span lang=\"X-NONE\">\u00ednicas gratuitas de mountain bike (MTB), capacitaciones para instructores, mec\u00e1nicos locales y cultores de esta disciplina, carreras enduro y competencias de dirt jump (saltos de exhibici\u00f3n) y pump truck (peque\u00f1os circuitos con obst\u00e1culos) se desarrollar\u00e1 durante toda la semana el<span class=\"v1gmail-Apple-converted-space\">\u00a0<\/span><\/span><span lang=\"ES\">\u00abCorral Patagonia Fest 2023\u00bb, con el cual se iniciar<\/span><span lang=\"X-NONE\">\u00e1 la temporada turismo de bicicleta 2023 en Coyhaique.<\/span><\/p>\n<p class=\"v1MsoNormal\" style=\"text-align: justify;\"><span lang=\"X-NONE\">El<span class=\"v1gmail-Apple-converted-space\">\u00a0<\/span><b>domingo 26 de noviembre<span class=\"v1gmail-Apple-converted-space\">\u00a0<\/span><\/b>ser\u00e1 la jornada clave, a partir de las 10 de la ma\u00f1ana a trav\u00e9s del evento \u00ab<b>wheel and beers<\/b>\u00bb que incluye sesiones de entrenamiento y competencias, con intermedios con barra abierta para los asistentes, adem\u00e1s de m\u00fasica en vivo.\u00a0<span class=\"v1gmail-Apple-converted-space\">\u00a0<\/span>Inscripciones en<span class=\"v1gmail-Apple-converted-space\">\u00a0<\/span><a href=\"https:\/\/welcu.com\/corralpatagonia\/wheelsbeers-patagonia-2023\" target=\"_blank\" rel=\"noopener noreferrer\">welcu<\/a>.<\/span><\/p>\n<p class=\"v1MsoNormal\" style=\"text-align: justify;\"><span lang=\"X-NONE\">Este<span class=\"v1gmail-Apple-converted-space\">\u00a0<\/span><b>mi\u00e9rcoles<\/b><span class=\"v1gmail-Apple-converted-space\">\u00a0<\/span>desde primera hora ser\u00e1 la<span class=\"v1gmail-Apple-converted-space\">\u00a0<\/span><b>formaci\u00f3n de mec\u00e1nicos locales<\/b><span class=\"v1gmail-Apple-converted-space\">\u00a0<\/span>en Villacleta Patagonia (segundo piso Horn 48, en Coyhaique), que incluye salidas guiadas durante la tarde. El<span class=\"v1gmail-Apple-converted-space\">\u00a0<\/span><b>jueves<\/b>, en tanto, ser\u00e1 la<span class=\"v1gmail-Apple-converted-space\">\u00a0<\/span><b>cl\u00ednica gratuita de MTB para iniciaci\u00f3n al ciclismo de monta\u00f1a<\/b>, con presentaci\u00f3n de dirt jump.\u00a0Todo desde las 17:00 hrs.<\/span><\/p>\n<p class=\"v1MsoNormal\" style=\"text-align: justify;\"><span lang=\"X-NONE\">El<span class=\"v1gmail-Apple-converted-space\">\u00a0<\/span><b>viernes a las 08:30<\/b><span class=\"v1gmail-Apple-converted-space\">\u00a0<\/span>hrs. iniciar\u00e1 la<span class=\"v1gmail-Apple-converted-space\">\u00a0<\/span><b>carrera enduro<\/b>, en el cord\u00f3n Cerro el Divisadero, en una jornada que concluir\u00e1 con la premiaci\u00f3n de los ganadores y asados de cordero para los asistentes. Las categor\u00edas son ni\u00f1os, infantil, juvenil, junior, elite y master, adem\u00e1s de ebike varones y damas. Inscripciones en la<span class=\"v1gmail-Apple-converted-space\">\u00a0<\/span><a href=\"https:\/\/welcu.com\/villacleta-patagonia\/corral-patagonia-mtb-fest-2023?utm_source=search\" target=\"_blank\" rel=\"noopener noreferrer\">plataforma welcu<\/a>.<\/span><\/p>\n<p class=\"v1MsoNormal\" style=\"text-align: justify;\"><span lang=\"X-NONE\">El objetivo del \u00abCorral Patagonia Fest 2023\u00bb es aportar a masificar el uso de la bicicleta en formato recreacional y profesional, por el aporte que esta pr\u00e1ctica significa para mitigar los efectos de la crisis clim\u00e1tica, la contaminaci\u00f3n local, la descongesti\u00f3n vehicular, la salud y el v\u00ednculo con la naturaleza. <span class=\"v1gmail-Apple-converted-space\">\u00a0<\/span><\/span><\/p>\n<p class=\"v1MsoNormal\" style=\"text-align: justify;\"><span lang=\"X-NONE\">Los tickets para las competencias est\u00e1n disponibles para participantes y p\u00fablico en general, mientras que las jornadas de exhibici\u00f3n ser\u00e1n totalmente gratuitas. La organizaci\u00f3n est\u00e1 a cargo de Corral Patagonia y Villacleta, empresas locales especializadas en la formaci\u00f3n, venta y mantenci\u00f3n de bicicletas.<\/span><\/p>\n<p class=\"v1MsoNormal\" style=\"text-align: justify;\"><span lang=\"X-NONE\">\u00abEl evento es impulsado mayoritariamente por empresas locales. Llevamos m\u00e1s o menos desde el 2018 habilitando senderos en Coyhaique, para crear una red que est\u00e9 disponible para la comunidad de Coyhaique y obviamente tambi\u00e9n para los visitantes en el verano\u00bb inform\u00f3 el representante legal de Villacleta, Mart\u00edn R\u00edos Chible. Es por ello que consideran capacitaci\u00f3n de instructores, mec\u00e1nicos, y la sinergia entre \u00e9stos y los pilotos de la escuela local de ciclismo. \u00abEstamos tratando de profesionalizar el mountain bike en la regi\u00f3n, pero a trav\u00e9s de la comunidad local. En el fondo, sentirnos propietarios de nuestro patio que es el cord\u00f3n El Divisadero, donde est\u00e1 proyectado todo el desarrollo tur\u00edstico de la regi\u00f3n de los pr\u00f3ximos a\u00f1os\u00bb puntualiz\u00f3 R\u00edos.<\/span><\/p>\n<p class=\"v1MsoNormal\" style=\"text-align: justify;\"><span lang=\"X-NONE\">Adem\u00e1s, buscan que \u00ablas autoridades puedan darse cuenta que tambi\u00e9n las empresas locales son capaces de llevar el proyecto adelante, de sacar adelante grandes eventos, de profesionalizar tambi\u00e9n la industria desde abajo\u00bb.<\/span><\/p>\n<\/div><\/section><\/div><div  style='height:50px' class='hr hr-invisible   avia-builder-el-6  el_after_av_one_full  el_before_av_social_share '><span class='hr-inner ' ><span class='hr-inner-style'><\/span><\/span><\/div><\/p>\n<div  class='av-social-sharing-box  avia-builder-el-7  el_after_av_hr  el_before_av_hr  '><div class='av-share-box'><h5 class='av-share-link-description av-no-toc '>Compartir esta noticia<\/h5><ul class='av-share-box-list noLightbox'><li class='av-share-link av-social-link-facebook' ><a target=\"_blank\" aria-label=\"Compartir en Facebook\" href='https:\/\/www.facebook.com\/sharer.php?u=https:\/\/radiorevelacionfm.cl\/?p=37236&#038;t=%C2%ABCorral%20Patagonia%20Fest%C2%BB%3A%20La%20fiesta%20del%20turismo%20de%20bicicleta%20se%20toma%20Coyhaique' aria-hidden='false' data-av_icon='\ue8f3' data-av_iconfont='entypo-fontello' title='' data-avia-related-tooltip='Compartir en Facebook' rel=\"noopener\"><span class='avia_hidden_link_text'>Compartir en Facebook<\/span><\/a><\/li><li class='av-share-link av-social-link-twitter' ><a target=\"_blank\" aria-label=\"Compartir en Twitter\" href='https:\/\/twitter.com\/share?text=%C2%ABCorral%20Patagonia%20Fest%C2%BB%3A%20La%20fiesta%20del%20turismo%20de%20bicicleta%20se%20toma%20Coyhaique&#038;url=https:\/\/radiorevelacionfm.cl\/?p=37236' aria-hidden='false' data-av_icon='\ue8f1' data-av_iconfont='entypo-fontello' title='' data-avia-related-tooltip='Compartir en Twitter' rel=\"noopener\"><span class='avia_hidden_link_text'>Compartir en Twitter<\/span><\/a><\/li><li class='av-share-link av-social-link-whatsapp' ><a target=\"_blank\" aria-label=\"Compartir en Whatsapp\" href='https:\/\/api.whatsapp.com\/send?text=https:\/\/radiorevelacionfm.cl\/?p=37236' aria-hidden='false' data-av_icon='\uf232' data-av_iconfont='entypo-fontello' title='' data-avia-related-tooltip='Compartir en Whatsapp' rel=\"noopener\"><span class='avia_hidden_link_text'>Compartir en Whatsapp<\/span><\/a><\/li><li class='av-share-link av-social-link-linkedin' ><a target=\"_blank\" aria-label=\"Compartir en LinkedIn\" href='https:\/\/linkedin.com\/shareArticle?mini=true&#038;title=%C2%ABCorral%20Patagonia%20Fest%C2%BB%3A%20La%20fiesta%20del%20turismo%20de%20bicicleta%20se%20toma%20Coyhaique&#038;url=https:\/\/radiorevelacionfm.cl\/?p=37236' aria-hidden='false' data-av_icon='\ue8fc' data-av_iconfont='entypo-fontello' title='' data-avia-related-tooltip='Compartir en LinkedIn' rel=\"noopener\"><span class='avia_hidden_link_text'>Compartir en LinkedIn<\/span><\/a><\/li><li class='av-share-link av-social-link-mail' ><a  aria-label=\"Compartir por correo\" href='mailto:?subject=%C2%ABCorral%20Patagonia%20Fest%C2%BB%3A%20La%20fiesta%20del%20turismo%20de%20bicicleta%20se%20toma%20Coyhaique&#038;body=https:\/\/radiorevelacionfm.cl\/?p=37236' aria-hidden='false' data-av_icon='\ue805' data-av_iconfont='entypo-fontello' title='' data-avia-related-tooltip='Compartir por correo'><span class='avia_hidden_link_text'>Compartir por correo<\/span><\/a><\/li><\/ul><\/div><\/div>\n<div  style='height:50px' class='hr hr-invisible   avia-builder-el-8  el_after_av_social_share  el_before_av_comments_list '><span class='hr-inner ' ><span class='hr-inner-style'><\/span><\/span><\/div>\n<div  class='av-buildercomment  av-blog-meta-html-info-disabled av-blog-meta-tag-disabled  '><\/div>\n","protected":false},"excerpt":{"rendered":"","protected":false},"author":1,"featured_media":37237,"comment_status":"open","ping_status":"open","sticky":false,"template":"","format":"standard","meta":{"footnotes":""},"categories":[54],"tags":[],"class_list":["post-37236","post","type-post","status-publish","format-standard","has-post-thumbnail","hentry","category-turismo"],"jetpack_featured_media_url":"https:\/\/radiorevelacionfm.cl\/wp-content\/uploads\/2023\/11\/IMG_0871-1-1.jpg","_links":{"self":[{"href":"https:\/\/radiorevelacionfm.cl\/index.php?rest_route=\/wp\/v2\/posts\/37236","targetHints":{"allow":["GET"]}}],"collection":[{"href":"https:\/\/radiorevelacionfm.cl\/index.php?rest_route=\/wp\/v2\/posts"}],"about":[{"href":"https:\/\/radiorevelacionfm.cl\/index.php?rest_route=\/wp\/v2\/types\/post"}],"author":[{"embeddable":true,"href":"https:\/\/radiorevelacionfm.cl\/index.php?rest_route=\/wp\/v2\/users\/1"}],"replies":[{"embeddable":true,"href":"https:\/\/radiorevelacionfm.cl\/index.php?rest_route=%2Fwp%2Fv2%2Fcomments&post=37236"}],"version-history":[{"count":1,"href":"https:\/\/radiorevelacionfm.cl\/index.php?rest_route=\/wp\/v2\/posts\/37236\/revisions"}],"predecessor-version":[{"id":37238,"href":"https:\/\/radiorevelacionfm.cl\/index.php?rest_route=\/wp\/v2\/posts\/37236\/revisions\/37238"}],"wp:featuredmedia":[{"embeddable":true,"href":"https:\/\/radiorevelacionfm.cl\/index.php?rest_route=\/wp\/v2\/media\/37237"}],"wp:attachment":[{"href":"https:\/\/radiorevelacionfm.cl\/index.php?rest_route=%2Fwp%2Fv2%2Fmedia&parent=37236"}],"wp:term":[{"taxonomy":"category","embeddable":true,"href":"https:\/\/radiorevelacionfm.cl\/index.php?rest_route=%2Fwp%2Fv2%2Fcategories&post=37236"},{"taxonomy":"post_tag","embeddable":true,"href":"https:\/\/radiorevelacionfm.cl\/index.php?rest_route=%2Fwp%2Fv2%2Ftags&post=37236"}],"curies":[{"name":"wp","href":"https:\/\/api.w.org\/{rel}","templated":true}]}}