{"id":37233,"date":"2023-11-22T10:34:03","date_gmt":"2023-11-22T13:34:03","guid":{"rendered":"https:\/\/radiorevelacionfm.cl\/?p=37233"},"modified":"2023-11-22T10:34:03","modified_gmt":"2023-11-22T13:34:03","slug":"crisis-uaysen-senador-sandoval-se-reunio-con-rector-y-asociacion-de-funcionarios","status":"publish","type":"post","link":"https:\/\/radiorevelacionfm.cl\/?p=37233","title":{"rendered":"Crisis UAys\u00e9n: Senador Sandoval se reuni\u00f3 con rector y asociaci\u00f3n de funcionarios"},"content":{"rendered":"<div class=\"flex_column av_one_full  flex_column_div av-zero-column-padding first  avia-builder-el-0  el_before_av_one_full  avia-builder-el-first  \" style='border-radius:0px; '><div  class='avia-image-container  av-styling-    avia-builder-el-1  avia-builder-el-no-sibling  avia-align-center '  itemprop=\"image\" itemscope=\"itemscope\" itemtype=\"https:\/\/schema.org\/ImageObject\"  ><div class='avia-image-container-inner'><div class='avia-image-overlay-wrap'><img decoding=\"async\" class='wp-image-37234 avia-img-lazy-loading-not-37234 avia_image' src=\"https:\/\/radiorevelacionfm.cl\/wp-content\/uploads\/2023\/11\/reuniOn-con-rector-1_optimized.jpg\" alt='' title='reuni\u00d3n-con-rector-(1)_optimized' height=\"600\" width=\"1067\"  itemprop=\"thumbnailUrl\" srcset=\"https:\/\/radiorevelacionfm.cl\/wp-content\/uploads\/2023\/11\/reuniOn-con-rector-1_optimized.jpg 1067w, https:\/\/radiorevelacionfm.cl\/wp-content\/uploads\/2023\/11\/reuniOn-con-rector-1_optimized-300x169.jpg 300w, https:\/\/radiorevelacionfm.cl\/wp-content\/uploads\/2023\/11\/reuniOn-con-rector-1_optimized-1030x579.jpg 1030w, https:\/\/radiorevelacionfm.cl\/wp-content\/uploads\/2023\/11\/reuniOn-con-rector-1_optimized-768x432.jpg 768w, https:\/\/radiorevelacionfm.cl\/wp-content\/uploads\/2023\/11\/reuniOn-con-rector-1_optimized-705x396.jpg 705w, https:\/\/radiorevelacionfm.cl\/wp-content\/uploads\/2023\/11\/reuniOn-con-rector-1_optimized-450x253.jpg 450w, https:\/\/radiorevelacionfm.cl\/wp-content\/uploads\/2023\/11\/reuniOn-con-rector-1_optimized-600x337.jpg 600w\" sizes=\"(max-width: 1067px) 100vw, 1067px\" \/><\/div><\/div><\/div><\/div><div class=\"flex_column av_one_full  flex_column_div av-zero-column-padding first  avia-builder-el-2  el_after_av_one_full  el_before_av_one_full  column-top-margin\" style='border-radius:0px; '><section class=\"av_textblock_section \"  itemscope=\"itemscope\" itemtype=\"https:\/\/schema.org\/BlogPosting\" itemprop=\"blogPost\" ><div class='avia_textblock  '   itemprop=\"text\" ><p style=\"text-align: center;\"><span style=\"font-size: 18pt;\"><strong>Crisis UAys\u00e9n: Senador Sandoval se reuni\u00f3 con rector y asociaci\u00f3n de funcionarios<\/strong><\/span><\/p>\n<div id=\"gtx-trans\" style=\"position: absolute; left: -50px; top: 4.31534px;\">\n<div class=\"gtx-trans-icon\"><\/div>\n<\/div>\n<\/div><\/section><\/div><div class=\"flex_column av_one_full  flex_column_div av-zero-column-padding first  avia-builder-el-4  el_after_av_one_full  el_before_av_hr  column-top-margin\" style='border-radius:0px; '><section class=\"av_textblock_section \"  itemscope=\"itemscope\" itemtype=\"https:\/\/schema.org\/BlogPosting\" itemprop=\"blogPost\" ><div class='avia_textblock  '   itemprop=\"text\" ><p style=\"text-align: justify;\"><em>La universidad tiene que recuperarse, porque en ello est\u00e1 radicado el futuro de mucha gente\u201d, se\u00f1al\u00f3 el parlamentario.<\/em><\/p>\n<p style=\"text-align: justify;\">\u201cLa universidad tiene que recuperarse porque en ello est\u00e1 radicado el futuro de mucha gente\u201d. As\u00ed lo afirm\u00f3 el senador David Sandoval, luego de reunirse en los \u00faltimos d\u00edas con el rector de la Universidad de Ays\u00e9n, Enrique Urra, y la presidenta de la asociaci\u00f3n de acad\u00e9micos y funcionarios, Jeannette Soto, con quienes analizaron la crisis que afecta a la casa de estudios superiores.<\/p>\n<p style=\"text-align: justify;\">Para Sandoval \u201ctenemos una tarea no menor\u201d, dado el actual escenario, hacienda la diferencia con lo que pasa con otra de las iniciativas educativas que se instalaron en la regi\u00f3n, en este caso el CFT Austral, ubicado en Puerto Ays\u00e9n, del cual destac\u00f3 su gesti\u00f3n. \u201cTienen una l\u00ednea, una din\u00e1mica, con buenas matr\u00edculas, felicitamos a todo el equipo directivo y acad\u00e9mico del CFT, que tambi\u00e9n fue otro sue\u00f1o en la regi\u00f3n\u201d, se\u00f1al\u00f3.<\/p>\n<p style=\"text-align: justify;\">El parlamentario fue enf\u00e1tico en se\u00f1alar que en el caso de la universidad \u201chemos tenido tres gestiones administrativas desastrosas, donde se ha privilegiado fundamentalmente los compromisos, las componendas pol\u00edticas\u201d, lamentando por ello la crisis que se vive hoy.<\/p>\n<p style=\"text-align: justify;\">Sandoval record\u00f3 que el proyecto naci\u00f3 tras a\u00f1os de espera, siendo un sue\u00f1o para mucha gente, considerando que, en su momento, muchos j\u00f3venes no pod\u00edan salir de la regi\u00f3n para seguir estudios superiores. \u201cCon cu\u00e1nta desesperaci\u00f3n ve\u00edamos a pap\u00e1s y apoderados que no pod\u00edan mandar a sus hijos fuera de la regi\u00f3n a estudiar, por los costos asociados\u201d, afirmando que es precisamente all\u00ed donde radicaba uno de los objetivos de la universidad. \u201cPero resulta que, en vez de dedicarse a trabajar por cumplir ese sue\u00f1o, tienen a la universidad en una condici\u00f3n de crisis muy compleja\u201d, cuestion\u00f3.<\/p>\n<p style=\"text-align: justify;\">El legislador dijo finalmente que el proyecto \u201ces de la regi\u00f3n, no de quienes la est\u00e1n dirigiendo ni de quienes lo hicieron desastrosamente para atr\u00e1s\u201d, recordando el esfuerzo que se ha hecho, por lo que la iniciativa \u201ctiene que funcionar\u201d.<\/p>\n<\/div><\/section><\/div><div  style='height:50px' class='hr hr-invisible   avia-builder-el-6  el_after_av_one_full  el_before_av_social_share '><span class='hr-inner ' ><span class='hr-inner-style'><\/span><\/span><\/div><\/p>\n<div  class='av-social-sharing-box  avia-builder-el-7  el_after_av_hr  el_before_av_hr  '><div class='av-share-box'><h5 class='av-share-link-description av-no-toc '>Compartir esta noticia<\/h5><ul class='av-share-box-list noLightbox'><li class='av-share-link av-social-link-facebook' ><a target=\"_blank\" aria-label=\"Compartir en Facebook\" href='https:\/\/www.facebook.com\/sharer.php?u=https:\/\/radiorevelacionfm.cl\/?p=37233&#038;t=Crisis%20UAys%C3%A9n%3A%20Senador%20Sandoval%20se%20reuni%C3%B3%20con%20rector%20y%20asociaci%C3%B3n%20de%20funcionarios' aria-hidden='false' data-av_icon='\ue8f3' data-av_iconfont='entypo-fontello' title='' data-avia-related-tooltip='Compartir en Facebook' rel=\"noopener\"><span class='avia_hidden_link_text'>Compartir en Facebook<\/span><\/a><\/li><li class='av-share-link av-social-link-twitter' ><a target=\"_blank\" aria-label=\"Compartir en Twitter\" href='https:\/\/twitter.com\/share?text=Crisis%20UAys%C3%A9n%3A%20Senador%20Sandoval%20se%20reuni%C3%B3%20con%20rector%20y%20asociaci%C3%B3n%20de%20funcionarios&#038;url=https:\/\/radiorevelacionfm.cl\/?p=37233' aria-hidden='false' data-av_icon='\ue8f1' data-av_iconfont='entypo-fontello' title='' data-avia-related-tooltip='Compartir en Twitter' rel=\"noopener\"><span class='avia_hidden_link_text'>Compartir en Twitter<\/span><\/a><\/li><li class='av-share-link av-social-link-whatsapp' ><a target=\"_blank\" aria-label=\"Compartir en Whatsapp\" href='https:\/\/api.whatsapp.com\/send?text=https:\/\/radiorevelacionfm.cl\/?p=37233' aria-hidden='false' data-av_icon='\uf232' data-av_iconfont='entypo-fontello' title='' data-avia-related-tooltip='Compartir en Whatsapp' rel=\"noopener\"><span class='avia_hidden_link_text'>Compartir en Whatsapp<\/span><\/a><\/li><li class='av-share-link av-social-link-linkedin' ><a target=\"_blank\" aria-label=\"Compartir en LinkedIn\" href='https:\/\/linkedin.com\/shareArticle?mini=true&#038;title=Crisis%20UAys%C3%A9n%3A%20Senador%20Sandoval%20se%20reuni%C3%B3%20con%20rector%20y%20asociaci%C3%B3n%20de%20funcionarios&#038;url=https:\/\/radiorevelacionfm.cl\/?p=37233' aria-hidden='false' data-av_icon='\ue8fc' data-av_iconfont='entypo-fontello' title='' data-avia-related-tooltip='Compartir en LinkedIn' rel=\"noopener\"><span class='avia_hidden_link_text'>Compartir en LinkedIn<\/span><\/a><\/li><li class='av-share-link av-social-link-mail' ><a  aria-label=\"Compartir por correo\" href='mailto:?subject=Crisis%20UAys%C3%A9n%3A%20Senador%20Sandoval%20se%20reuni%C3%B3%20con%20rector%20y%20asociaci%C3%B3n%20de%20funcionarios&#038;body=https:\/\/radiorevelacionfm.cl\/?p=37233' aria-hidden='false' data-av_icon='\ue805' data-av_iconfont='entypo-fontello' title='' data-avia-related-tooltip='Compartir por correo'><span class='avia_hidden_link_text'>Compartir por correo<\/span><\/a><\/li><\/ul><\/div><\/div>\n<div  style='height:50px' class='hr hr-invisible   avia-builder-el-8  el_after_av_social_share  el_before_av_comments_list '><span class='hr-inner ' ><span class='hr-inner-style'><\/span><\/span><\/div>\n<div  class='av-buildercomment  av-blog-meta-html-info-disabled av-blog-meta-tag-disabled  '><\/div>\n","protected":false},"excerpt":{"rendered":"","protected":false},"author":1,"featured_media":37234,"comment_status":"open","ping_status":"open","sticky":false,"template":"","format":"standard","meta":{"footnotes":""},"categories":[35],"tags":[],"class_list":["post-37233","post","type-post","status-publish","format-standard","has-post-thumbnail","hentry","category-politica"],"jetpack_featured_media_url":"https:\/\/radiorevelacionfm.cl\/wp-content\/uploads\/2023\/11\/reuniOn-con-rector-1_optimized.jpg","_links":{"self":[{"href":"https:\/\/radiorevelacionfm.cl\/index.php?rest_route=\/wp\/v2\/posts\/37233","targetHints":{"allow":["GET"]}}],"collection":[{"href":"https:\/\/radiorevelacionfm.cl\/index.php?rest_route=\/wp\/v2\/posts"}],"about":[{"href":"https:\/\/radiorevelacionfm.cl\/index.php?rest_route=\/wp\/v2\/types\/post"}],"author":[{"embeddable":true,"href":"https:\/\/radiorevelacionfm.cl\/index.php?rest_route=\/wp\/v2\/users\/1"}],"replies":[{"embeddable":true,"href":"https:\/\/radiorevelacionfm.cl\/index.php?rest_route=%2Fwp%2Fv2%2Fcomments&post=37233"}],"version-history":[{"count":1,"href":"https:\/\/radiorevelacionfm.cl\/index.php?rest_route=\/wp\/v2\/posts\/37233\/revisions"}],"predecessor-version":[{"id":37235,"href":"https:\/\/radiorevelacionfm.cl\/index.php?rest_route=\/wp\/v2\/posts\/37233\/revisions\/37235"}],"wp:featuredmedia":[{"embeddable":true,"href":"https:\/\/radiorevelacionfm.cl\/index.php?rest_route=\/wp\/v2\/media\/37234"}],"wp:attachment":[{"href":"https:\/\/radiorevelacionfm.cl\/index.php?rest_route=%2Fwp%2Fv2%2Fmedia&parent=37233"}],"wp:term":[{"taxonomy":"category","embeddable":true,"href":"https:\/\/radiorevelacionfm.cl\/index.php?rest_route=%2Fwp%2Fv2%2Fcategories&post=37233"},{"taxonomy":"post_tag","embeddable":true,"href":"https:\/\/radiorevelacionfm.cl\/index.php?rest_route=%2Fwp%2Fv2%2Ftags&post=37233"}],"curies":[{"name":"wp","href":"https:\/\/api.w.org\/{rel}","templated":true}]}}