{"id":37231,"date":"2023-11-23T10:33:35","date_gmt":"2023-11-23T13:33:35","guid":{"rendered":"https:\/\/radiorevelacionfm.cl\/?p=37231"},"modified":"2023-11-23T10:33:35","modified_gmt":"2023-11-23T13:33:35","slug":"ministerio-publico-y-ceja-lanzan-consulta-ciudadana-sobre-percepcion-de-criminalidad-en-el-pais","status":"publish","type":"post","link":"https:\/\/radiorevelacionfm.cl\/?p=37231","title":{"rendered":"Ministerio P\u00fablico y CEJA lanzan Consulta Ciudadana sobre percepci\u00f3n de criminalidad en el pa\u00eds"},"content":{"rendered":"<div class=\"flex_column av_one_full  flex_column_div av-zero-column-padding first  avia-builder-el-0  el_before_av_one_full  avia-builder-el-first  \" style='border-radius:0px; '><div  class='avia-image-container  av-styling-    avia-builder-el-1  avia-builder-el-no-sibling  avia-align-center '  itemprop=\"image\" itemscope=\"itemscope\" itemtype=\"https:\/\/schema.org\/ImageObject\"  ><div class='avia-image-container-inner'><div class='avia-image-overlay-wrap'><img decoding=\"async\" class='wp-image-34424 avia-img-lazy-loading-not-34424 avia_image' src=\"https:\/\/radiorevelacionfm.cl\/wp-content\/uploads\/2023\/08\/fiscalia_2023-copia-1_optimized.jpeg\" alt='' title='fiscalia_2023 - -copia-(1)_optimized' height=\"600\" width=\"867\"  itemprop=\"thumbnailUrl\" srcset=\"https:\/\/radiorevelacionfm.cl\/wp-content\/uploads\/2023\/08\/fiscalia_2023-copia-1_optimized.jpeg 867w, https:\/\/radiorevelacionfm.cl\/wp-content\/uploads\/2023\/08\/fiscalia_2023-copia-1_optimized-300x208.jpeg 300w, https:\/\/radiorevelacionfm.cl\/wp-content\/uploads\/2023\/08\/fiscalia_2023-copia-1_optimized-768x531.jpeg 768w, https:\/\/radiorevelacionfm.cl\/wp-content\/uploads\/2023\/08\/fiscalia_2023-copia-1_optimized-705x488.jpeg 705w, https:\/\/radiorevelacionfm.cl\/wp-content\/uploads\/2023\/08\/fiscalia_2023-copia-1_optimized-450x311.jpeg 450w, https:\/\/radiorevelacionfm.cl\/wp-content\/uploads\/2023\/08\/fiscalia_2023-copia-1_optimized-600x415.jpeg 600w\" sizes=\"(max-width: 867px) 100vw, 867px\" \/><\/div><\/div><\/div><\/div><div class=\"flex_column av_one_full  flex_column_div av-zero-column-padding first  avia-builder-el-2  el_after_av_one_full  el_before_av_one_full  column-top-margin\" style='border-radius:0px; '><section class=\"av_textblock_section \"  itemscope=\"itemscope\" itemtype=\"https:\/\/schema.org\/BlogPosting\" itemprop=\"blogPost\" ><div class='avia_textblock  '   itemprop=\"text\" ><p style=\"text-align: center;\"><span style=\"font-size: 18pt;\"><b><span lang=\"ES\">Ministerio P\u00fablico y CEJA lanzan Consulta Ciudadana sobre percepci\u00f3n de criminalidad en el pa\u00eds<\/span><\/b><\/span><\/p>\n<div id=\"gtx-trans\" style=\"position: absolute; left: -50px; top: 4.31534px;\">\n<div class=\"gtx-trans-icon\"><\/div>\n<\/div>\n<\/div><\/section><\/div><\/p>\n<div class=\"flex_column av_one_full  flex_column_div av-zero-column-padding first  avia-builder-el-4  el_after_av_one_full  el_before_av_hr  column-top-margin\" style='border-radius:0px; '><section class=\"av_textblock_section \"  itemscope=\"itemscope\" itemtype=\"https:\/\/schema.org\/BlogPosting\" itemprop=\"blogPost\" ><div class='avia_textblock  '   itemprop=\"text\" ><p style=\"font-weight: 400; text-align: justify;\">Ya est\u00e1 disponible, en l\u00ednea, la Consulta Ciudadana elaborada por Centro de Estudios de Justicia de las Am\u00e9ricas (CEJA) con la que el Ministerio P\u00fablico busca recoger antecedentes e informaci\u00f3n sobre percepci\u00f3n de criminalidad en el pa\u00eds. La encuesta es parte del dise\u00f1o de la Pol\u00edtica de Persecuci\u00f3n Penal 2023 &#8211; 2031 que implementar\u00e1 la Fiscal\u00eda, y que permitir\u00e1 la priorizaci\u00f3n en la persecuci\u00f3n de delitos.<\/p>\n<p style=\"font-weight: 400; text-align: justify;\">Como parte del proceso de recopilaci\u00f3n de informaci\u00f3n, CEJA ha realizado m\u00e1s de 20 talleres participativos en todas las regiones del pa\u00eds, con la finalidad de saber qu\u00e9 opinan las y los vecinos sobre seguridad y delincuencia en sus barrios y comunas, qu\u00e9 delitos creen que son los que generan m\u00e1s inseguridad y cu\u00e1les debiera perseguir con m\u00e1s fuerza el Ministerio P\u00fablico.<\/p>\n<p style=\"font-weight: 400; text-align: justify;\">A la fecha, ninguna Pol\u00edtica de Persecuci\u00f3n Penal en Chile ha sido dise\u00f1ada tomando en cuenta informaci\u00f3n entregada por la ciudadan\u00eda, por lo que esta iniciativa es in\u00e9dita en el pa\u00eds, y con muy pocas experiencias comparables en Latinoam\u00e9rica.<\/p>\n<p style=\"font-weight: 400; text-align: justify;\">Gherman Welsch, Director de Estudios de CEJA, afirma que \u201cla consulta busca que las pol\u00edticas p\u00fablicas tengan como insumo la opini\u00f3n de la ciudadan\u00eda sobre un determinado tema. Es la primera vez en Chile que se hace una consulta p\u00fablica vinculada a la Pol\u00edtica de Persecuci\u00f3n Penal, que quiere implementar la Fiscal\u00eda Nacional. Es una preocupaci\u00f3n del organismo lograr cercan\u00eda con la comunidad en cuanto al servicio que prestan a las v\u00edctimas de los delitos\u201d.<\/p>\n<p style=\"font-weight: 400; text-align: justify;\">Puedes contestar la consulta pinchando el siguiente link:\u00a0<a href=\"https:\/\/forms.office.com\/r\/EWQpyTwdYQ\" data-saferedirecturl=\"https:\/\/www.google.com\/url?q=https:\/\/forms.office.com\/r\/EWQpyTwdYQ&amp;source=gmail&amp;ust=1700685763746000&amp;usg=AOvVaw3Gq9THVO1Pei1JvdynnJOz\">https:\/\/forms.office.com\/r\/EWQpyTwdYQ<\/a><\/p>\n<\/div><\/section><\/div>\n<div  style='height:50px' class='hr hr-invisible   avia-builder-el-6  el_after_av_one_full  el_before_av_social_share '><span class='hr-inner ' ><span class='hr-inner-style'><\/span><\/span><\/div>\n<div  class='av-social-sharing-box  avia-builder-el-7  el_after_av_hr  el_before_av_hr  '><div class='av-share-box'><h5 class='av-share-link-description av-no-toc '>Compartir esta noticia<\/h5><ul class='av-share-box-list noLightbox'><li class='av-share-link av-social-link-facebook' ><a target=\"_blank\" aria-label=\"Compartir en Facebook\" href='https:\/\/www.facebook.com\/sharer.php?u=https:\/\/radiorevelacionfm.cl\/?p=37231&#038;t=Ministerio%20P%C3%BAblico%20y%20CEJA%20lanzan%20Consulta%20Ciudadana%20sobre%20percepci%C3%B3n%20de%20criminalidad%20en%20el%20pa%C3%ADs' aria-hidden='false' data-av_icon='\ue8f3' data-av_iconfont='entypo-fontello' title='' data-avia-related-tooltip='Compartir en Facebook' rel=\"noopener\"><span class='avia_hidden_link_text'>Compartir en Facebook<\/span><\/a><\/li><li class='av-share-link av-social-link-twitter' ><a target=\"_blank\" aria-label=\"Compartir en Twitter\" href='https:\/\/twitter.com\/share?text=Ministerio%20P%C3%BAblico%20y%20CEJA%20lanzan%20Consulta%20Ciudadana%20sobre%20percepci%C3%B3n%20de%20criminalidad%20en%20el%20pa%C3%ADs&#038;url=https:\/\/radiorevelacionfm.cl\/?p=37231' aria-hidden='false' data-av_icon='\ue8f1' data-av_iconfont='entypo-fontello' title='' data-avia-related-tooltip='Compartir en Twitter' rel=\"noopener\"><span class='avia_hidden_link_text'>Compartir en Twitter<\/span><\/a><\/li><li class='av-share-link av-social-link-whatsapp' ><a target=\"_blank\" aria-label=\"Compartir en Whatsapp\" href='https:\/\/api.whatsapp.com\/send?text=https:\/\/radiorevelacionfm.cl\/?p=37231' aria-hidden='false' data-av_icon='\uf232' data-av_iconfont='entypo-fontello' title='' data-avia-related-tooltip='Compartir en Whatsapp' rel=\"noopener\"><span class='avia_hidden_link_text'>Compartir en Whatsapp<\/span><\/a><\/li><li class='av-share-link av-social-link-linkedin' ><a target=\"_blank\" aria-label=\"Compartir en LinkedIn\" href='https:\/\/linkedin.com\/shareArticle?mini=true&#038;title=Ministerio%20P%C3%BAblico%20y%20CEJA%20lanzan%20Consulta%20Ciudadana%20sobre%20percepci%C3%B3n%20de%20criminalidad%20en%20el%20pa%C3%ADs&#038;url=https:\/\/radiorevelacionfm.cl\/?p=37231' aria-hidden='false' data-av_icon='\ue8fc' data-av_iconfont='entypo-fontello' title='' data-avia-related-tooltip='Compartir en LinkedIn' rel=\"noopener\"><span class='avia_hidden_link_text'>Compartir en LinkedIn<\/span><\/a><\/li><li class='av-share-link av-social-link-mail' ><a  aria-label=\"Compartir por correo\" href='mailto:?subject=Ministerio%20P%C3%BAblico%20y%20CEJA%20lanzan%20Consulta%20Ciudadana%20sobre%20percepci%C3%B3n%20de%20criminalidad%20en%20el%20pa%C3%ADs&#038;body=https:\/\/radiorevelacionfm.cl\/?p=37231' aria-hidden='false' data-av_icon='\ue805' data-av_iconfont='entypo-fontello' title='' data-avia-related-tooltip='Compartir por correo'><span class='avia_hidden_link_text'>Compartir por correo<\/span><\/a><\/li><\/ul><\/div><\/div>\n<div  style='height:50px' class='hr hr-invisible   avia-builder-el-8  el_after_av_social_share  el_before_av_comments_list '><span class='hr-inner ' ><span class='hr-inner-style'><\/span><\/span><\/div>\n<div  class='av-buildercomment  av-blog-meta-html-info-disabled av-blog-meta-tag-disabled  '><\/div>\n","protected":false},"excerpt":{"rendered":"","protected":false},"author":1,"featured_media":34424,"comment_status":"open","ping_status":"open","sticky":false,"template":"","format":"standard","meta":{"footnotes":""},"categories":[55],"tags":[],"class_list":["post-37231","post","type-post","status-publish","format-standard","has-post-thumbnail","hentry","category-justicia"],"jetpack_featured_media_url":"https:\/\/radiorevelacionfm.cl\/wp-content\/uploads\/2023\/08\/fiscalia_2023-copia-1_optimized.jpeg","_links":{"self":[{"href":"https:\/\/radiorevelacionfm.cl\/index.php?rest_route=\/wp\/v2\/posts\/37231","targetHints":{"allow":["GET"]}}],"collection":[{"href":"https:\/\/radiorevelacionfm.cl\/index.php?rest_route=\/wp\/v2\/posts"}],"about":[{"href":"https:\/\/radiorevelacionfm.cl\/index.php?rest_route=\/wp\/v2\/types\/post"}],"author":[{"embeddable":true,"href":"https:\/\/radiorevelacionfm.cl\/index.php?rest_route=\/wp\/v2\/users\/1"}],"replies":[{"embeddable":true,"href":"https:\/\/radiorevelacionfm.cl\/index.php?rest_route=%2Fwp%2Fv2%2Fcomments&post=37231"}],"version-history":[{"count":2,"href":"https:\/\/radiorevelacionfm.cl\/index.php?rest_route=\/wp\/v2\/posts\/37231\/revisions"}],"predecessor-version":[{"id":37277,"href":"https:\/\/radiorevelacionfm.cl\/index.php?rest_route=\/wp\/v2\/posts\/37231\/revisions\/37277"}],"wp:featuredmedia":[{"embeddable":true,"href":"https:\/\/radiorevelacionfm.cl\/index.php?rest_route=\/wp\/v2\/media\/34424"}],"wp:attachment":[{"href":"https:\/\/radiorevelacionfm.cl\/index.php?rest_route=%2Fwp%2Fv2%2Fmedia&parent=37231"}],"wp:term":[{"taxonomy":"category","embeddable":true,"href":"https:\/\/radiorevelacionfm.cl\/index.php?rest_route=%2Fwp%2Fv2%2Fcategories&post=37231"},{"taxonomy":"post_tag","embeddable":true,"href":"https:\/\/radiorevelacionfm.cl\/index.php?rest_route=%2Fwp%2Fv2%2Ftags&post=37231"}],"curies":[{"name":"wp","href":"https:\/\/api.w.org\/{rel}","templated":true}]}}