{"id":37228,"date":"2023-11-21T18:43:26","date_gmt":"2023-11-21T21:43:26","guid":{"rendered":"https:\/\/radiorevelacionfm.cl\/?p=37228"},"modified":"2023-11-21T18:43:26","modified_gmt":"2023-11-21T21:43:26","slug":"subsecretario-de-obras-publicas-destaco-los-avances-en-obras-de-vialidad-agua-potable-y-edificacion-publica-en-aysen","status":"publish","type":"post","link":"https:\/\/radiorevelacionfm.cl\/?p=37228","title":{"rendered":"Subsecretario de Obras P\u00fablicas destac\u00f3 los avances en obras de vialidad, agua potable y edificaci\u00f3n p\u00fablica en Ays\u00e9n"},"content":{"rendered":"<div class=\"flex_column av_one_full  flex_column_div av-zero-column-padding first  avia-builder-el-0  el_before_av_one_full  avia-builder-el-first  \" style='border-radius:0px; '><div  class='avia-image-container  av-styling-    avia-builder-el-1  avia-builder-el-no-sibling  avia-align-center '  itemprop=\"image\" itemscope=\"itemscope\" itemtype=\"https:\/\/schema.org\/ImageObject\"  ><div class='avia-image-container-inner'><div class='avia-image-overlay-wrap'><img decoding=\"async\" class='wp-image-37229 avia-img-lazy-loading-not-37229 avia_image' src=\"https:\/\/radiorevelacionfm.cl\/wp-content\/uploads\/2023\/11\/foto-2-5-1-1.jpg\" alt='' title='foto-2 (5) (1) (1)' height=\"600\" width=\"1059\"  itemprop=\"thumbnailUrl\" srcset=\"https:\/\/radiorevelacionfm.cl\/wp-content\/uploads\/2023\/11\/foto-2-5-1-1.jpg 1059w, https:\/\/radiorevelacionfm.cl\/wp-content\/uploads\/2023\/11\/foto-2-5-1-1-300x170.jpg 300w, https:\/\/radiorevelacionfm.cl\/wp-content\/uploads\/2023\/11\/foto-2-5-1-1-1030x584.jpg 1030w, https:\/\/radiorevelacionfm.cl\/wp-content\/uploads\/2023\/11\/foto-2-5-1-1-768x435.jpg 768w, https:\/\/radiorevelacionfm.cl\/wp-content\/uploads\/2023\/11\/foto-2-5-1-1-705x399.jpg 705w, https:\/\/radiorevelacionfm.cl\/wp-content\/uploads\/2023\/11\/foto-2-5-1-1-450x255.jpg 450w, https:\/\/radiorevelacionfm.cl\/wp-content\/uploads\/2023\/11\/foto-2-5-1-1-600x340.jpg 600w\" sizes=\"(max-width: 1059px) 100vw, 1059px\" \/><\/div><\/div><\/div><\/div><div class=\"flex_column av_one_full  flex_column_div av-zero-column-padding first  avia-builder-el-2  el_after_av_one_full  el_before_av_one_full  column-top-margin\" style='border-radius:0px; '><section class=\"av_textblock_section \"  itemscope=\"itemscope\" itemtype=\"https:\/\/schema.org\/BlogPosting\" itemprop=\"blogPost\" ><div class='avia_textblock  '   itemprop=\"text\" ><p style=\"text-align: center;\"><span style=\"font-size: 18pt;\"><strong>Subsecretario de Obras P\u00fablicas destac\u00f3 los avances en obras de vialidad, agua potable y edificaci\u00f3n p\u00fablica en Ays\u00e9n<\/strong><\/span><\/p>\n<div id=\"gtx-trans\" style=\"position: absolute; left: -50px; top: 4.31534px;\">\n<div class=\"gtx-trans-icon\"><\/div>\n<\/div>\n<\/div><\/section><\/div><div class=\"flex_column av_one_full  flex_column_div av-zero-column-padding first  avia-builder-el-4  el_after_av_one_full  el_before_av_hr  column-top-margin\" style='border-radius:0px; '><section class=\"av_textblock_section \"  itemscope=\"itemscope\" itemtype=\"https:\/\/schema.org\/BlogPosting\" itemprop=\"blogPost\" ><div class='avia_textblock  '   itemprop=\"text\" ><p style=\"text-align: justify;\"><em>La autoridad realiz\u00f3 una visita a la regi\u00f3n de Ays\u00e9n donde inspeccion\u00f3 la ejecuci\u00f3n de proyectos que benefician su conectividad y desarrollo.<\/em><\/p>\n<p style=\"text-align: justify;\">En la segunda jornada de visita a la regi\u00f3n de Ays\u00e9n, el subsecretario de Obras P\u00fablicas, Jos\u00e9 Andr\u00e9s Herrera, inspeccion\u00f3 en terreno los progresos que registran diversas obras que el Ministerio de Obras P\u00fablicas realiza tanto en Coyhaique como en Puerto Chacabuco, consistentes en pavimentaci\u00f3n de caminos, la construcci\u00f3n de infraestructura de agua potable que se ubica cercana a la capital regional y la edificaci\u00f3n de la Aduana en Puerto Chacabuco.<\/p>\n<p style=\"text-align: justify;\">Durante la ma\u00f1ana de este martes 21 el subsecretario visit\u00f3 las obras de pavimentaci\u00f3n que se est\u00e1n realizando en un tramo del camino que conecta El Blanco, Villa Frei y los sectores aleda\u00f1os a los lagos Paloma, Monreal y otros puntos tur\u00edsticos cercanos, en la provincia de Coyhaique.<\/p>\n<p style=\"text-align: justify;\">\u201cEstamos realizando esta visita para inspeccionar el estado de las obras, pero tambi\u00e9n conocer de primera fuente cu\u00e1les son las principales dificultades que tienen los funcionarios y funcionarias al realizar su trabajo. \u00c9sta en particular lo est\u00e1 haciendo la Administraci\u00f3n Directa: m\u00e1quinas, conductores y funcionarios del Ministerio de Obras P\u00fablicas. Junto con conocer el estado de la obra, aprovechamos de darles las gracias por este trabajo, que se realiza, a veces, en condiciones adversas como en el d\u00eda de hoy, que tenemos mucho viento en la regi\u00f3n\u00bb, sostuvo el subsecretario, quien inspeccion\u00f3 el sector de El Blanco junto con el delegado presidencial de la regi\u00f3n, Rodrigo Araya Morales, el alcalde de Coyhaique, Carlos Gatica y el director de Vialidad de la zona, Renzo Sanders.<\/p>\n<p style=\"text-align: justify;\">Adem\u00e1s, el subsecretario destac\u00f3 que para este Gobierno son fundamentales los trabajos que los equipos de Vialidad realizan para conectar todos los rincones del pa\u00eds, incluyendo los m\u00e1s aislados, lo que en esta zona contribuye al fomento del turismo y la ganader\u00eda.<\/p>\n<p style=\"text-align: justify;\">Posteriormente, Jos\u00e9 Andr\u00e9s Herrera se traslad\u00f3 a inspeccionar la construcci\u00f3n del Servicio Sanitario Rural de Villa Jara, que beneficia a 304 habitantes e involucra una inversi\u00f3n de 1.020 millones de pesos. \u00abVisitamos este servicio de agua potable rural, que tiene un 75% de avance, con una inversi\u00f3n superior a los mil millones de pesos, el que contempla al menos 76 arranques. Esperamos inaugurarlo en el mes de diciembre de este a\u00f1o. Acudimos ac\u00e1 a revisar el estado de las obras, donde vamos a tener 76 familias con agua potable rural a partir de 2024\u00bb, a\u00f1adi\u00f3.<\/p>\n<p style=\"text-align: justify;\">Posteriormente, se trasladaron para visitar en terreno los trabajos de cortafuego y limpieza de faja fiscal enmarcados en el plan de prevenci\u00f3n de incendios forestales 2023-2024 que lidera el Ministerio de Obras P\u00fablicas\u00a0 junto con Conaf y el Ministerio del Interior a trav\u00e9s de Senapred, con el fin de estar preparados para enfrentar posibles emergencias.<\/p>\n<p style=\"text-align: justify;\">M\u00e1s tarde en Puerto Chacabuco, supervisaron las obras de reposici\u00f3n del edificio de administraci\u00f3n del Servicio Nacional de Aduanas, enmarcadas en el Plan de Infraestructura para la Seguridad P\u00fablica impulsada por el Gobierno, las que adem\u00e1s mejorar\u00e1n las condiciones para la atenci\u00f3n de las personas usuarias y usuarios, as\u00ed como las de trabajo para sus funcionarias y funcionarios. \u201cCon m\u00e1s de 1.000 metros cuadrados el contrato involucr\u00f3 empleo permanente y de calidad para 42 personas, entre ellas tres mujeres\u201d, destac\u00f3 Herrera.<\/p>\n<p style=\"text-align: justify;\">Cabe se\u00f1alar que durante la jornada de ayer, el subsecretario se reuni\u00f3 con funcionarias y funcionarios, as\u00ed como con diversos Gremios del MOP,\u00a0 sostuvo tambi\u00e9n un encuentro con dirigentes de Servicios Sanitarios Rurales y particip\u00f3 en la inauguraci\u00f3n de la XXV versi\u00f3n del Congreso agua, saneamiento y medio ambiente: Una mirada de futuro de AIDIS Chile.<\/p>\n<p style=\"text-align: justify;\">Ma\u00f1ana, antes de dejar la regi\u00f3n, el subsecretario de Obras P\u00fablicas tiene programada una visita a las obras de ampliaci\u00f3n del aer\u00f3dromo de Balmaceda, principal instalaci\u00f3n regional para el despegue y aterrizaje de aeronaves, fundamental para la conectividad y desarrollo de la regi\u00f3n.<\/p>\n<\/div><\/section><\/div><div  style='height:50px' class='hr hr-invisible   avia-builder-el-6  el_after_av_one_full  el_before_av_social_share '><span class='hr-inner ' ><span class='hr-inner-style'><\/span><\/span><\/div><\/p>\n<div  class='av-social-sharing-box  avia-builder-el-7  el_after_av_hr  el_before_av_hr  '><div class='av-share-box'><h5 class='av-share-link-description av-no-toc '>Compartir esta noticia<\/h5><ul class='av-share-box-list noLightbox'><li class='av-share-link av-social-link-facebook' ><a target=\"_blank\" aria-label=\"Compartir en Facebook\" href='https:\/\/www.facebook.com\/sharer.php?u=https:\/\/radiorevelacionfm.cl\/?p=37228&#038;t=Subsecretario%20de%20Obras%20P%C3%BAblicas%20destac%C3%B3%20los%20avances%20en%20obras%20de%20vialidad%2C%20agua%20potable%20y%20edificaci%C3%B3n%20p%C3%BAblica%20en%20Ays%C3%A9n' aria-hidden='false' data-av_icon='\ue8f3' data-av_iconfont='entypo-fontello' title='' data-avia-related-tooltip='Compartir en Facebook' rel=\"noopener\"><span class='avia_hidden_link_text'>Compartir en Facebook<\/span><\/a><\/li><li class='av-share-link av-social-link-twitter' ><a target=\"_blank\" aria-label=\"Compartir en Twitter\" href='https:\/\/twitter.com\/share?text=Subsecretario%20de%20Obras%20P%C3%BAblicas%20destac%C3%B3%20los%20avances%20en%20obras%20de%20vialidad%2C%20agua%20potable%20y%20edificaci%C3%B3n%20p%C3%BAblica%20en%20Ays%C3%A9n&#038;url=https:\/\/radiorevelacionfm.cl\/?p=37228' aria-hidden='false' data-av_icon='\ue8f1' data-av_iconfont='entypo-fontello' title='' data-avia-related-tooltip='Compartir en Twitter' rel=\"noopener\"><span class='avia_hidden_link_text'>Compartir en Twitter<\/span><\/a><\/li><li class='av-share-link av-social-link-whatsapp' ><a target=\"_blank\" aria-label=\"Compartir en Whatsapp\" href='https:\/\/api.whatsapp.com\/send?text=https:\/\/radiorevelacionfm.cl\/?p=37228' aria-hidden='false' data-av_icon='\uf232' data-av_iconfont='entypo-fontello' title='' data-avia-related-tooltip='Compartir en Whatsapp' rel=\"noopener\"><span class='avia_hidden_link_text'>Compartir en Whatsapp<\/span><\/a><\/li><li class='av-share-link av-social-link-linkedin' ><a target=\"_blank\" aria-label=\"Compartir en LinkedIn\" href='https:\/\/linkedin.com\/shareArticle?mini=true&#038;title=Subsecretario%20de%20Obras%20P%C3%BAblicas%20destac%C3%B3%20los%20avances%20en%20obras%20de%20vialidad%2C%20agua%20potable%20y%20edificaci%C3%B3n%20p%C3%BAblica%20en%20Ays%C3%A9n&#038;url=https:\/\/radiorevelacionfm.cl\/?p=37228' aria-hidden='false' data-av_icon='\ue8fc' data-av_iconfont='entypo-fontello' title='' data-avia-related-tooltip='Compartir en LinkedIn' rel=\"noopener\"><span class='avia_hidden_link_text'>Compartir en LinkedIn<\/span><\/a><\/li><li class='av-share-link av-social-link-mail' ><a  aria-label=\"Compartir por correo\" href='mailto:?subject=Subsecretario%20de%20Obras%20P%C3%BAblicas%20destac%C3%B3%20los%20avances%20en%20obras%20de%20vialidad%2C%20agua%20potable%20y%20edificaci%C3%B3n%20p%C3%BAblica%20en%20Ays%C3%A9n&#038;body=https:\/\/radiorevelacionfm.cl\/?p=37228' aria-hidden='false' data-av_icon='\ue805' data-av_iconfont='entypo-fontello' title='' data-avia-related-tooltip='Compartir por correo'><span class='avia_hidden_link_text'>Compartir por correo<\/span><\/a><\/li><\/ul><\/div><\/div>\n<div  style='height:50px' class='hr hr-invisible   avia-builder-el-8  el_after_av_social_share  el_before_av_comments_list '><span class='hr-inner ' ><span class='hr-inner-style'><\/span><\/span><\/div>\n<div  class='av-buildercomment  av-blog-meta-html-info-disabled av-blog-meta-tag-disabled  '><\/div>\n","protected":false},"excerpt":{"rendered":"","protected":false},"author":1,"featured_media":37229,"comment_status":"open","ping_status":"open","sticky":false,"template":"","format":"standard","meta":{"footnotes":""},"categories":[38],"tags":[],"class_list":["post-37228","post","type-post","status-publish","format-standard","has-post-thumbnail","hentry","category-regional"],"jetpack_featured_media_url":"https:\/\/radiorevelacionfm.cl\/wp-content\/uploads\/2023\/11\/foto-2-5-1-1.jpg","_links":{"self":[{"href":"https:\/\/radiorevelacionfm.cl\/index.php?rest_route=\/wp\/v2\/posts\/37228","targetHints":{"allow":["GET"]}}],"collection":[{"href":"https:\/\/radiorevelacionfm.cl\/index.php?rest_route=\/wp\/v2\/posts"}],"about":[{"href":"https:\/\/radiorevelacionfm.cl\/index.php?rest_route=\/wp\/v2\/types\/post"}],"author":[{"embeddable":true,"href":"https:\/\/radiorevelacionfm.cl\/index.php?rest_route=\/wp\/v2\/users\/1"}],"replies":[{"embeddable":true,"href":"https:\/\/radiorevelacionfm.cl\/index.php?rest_route=%2Fwp%2Fv2%2Fcomments&post=37228"}],"version-history":[{"count":1,"href":"https:\/\/radiorevelacionfm.cl\/index.php?rest_route=\/wp\/v2\/posts\/37228\/revisions"}],"predecessor-version":[{"id":37230,"href":"https:\/\/radiorevelacionfm.cl\/index.php?rest_route=\/wp\/v2\/posts\/37228\/revisions\/37230"}],"wp:featuredmedia":[{"embeddable":true,"href":"https:\/\/radiorevelacionfm.cl\/index.php?rest_route=\/wp\/v2\/media\/37229"}],"wp:attachment":[{"href":"https:\/\/radiorevelacionfm.cl\/index.php?rest_route=%2Fwp%2Fv2%2Fmedia&parent=37228"}],"wp:term":[{"taxonomy":"category","embeddable":true,"href":"https:\/\/radiorevelacionfm.cl\/index.php?rest_route=%2Fwp%2Fv2%2Fcategories&post=37228"},{"taxonomy":"post_tag","embeddable":true,"href":"https:\/\/radiorevelacionfm.cl\/index.php?rest_route=%2Fwp%2Fv2%2Ftags&post=37228"}],"curies":[{"name":"wp","href":"https:\/\/api.w.org\/{rel}","templated":true}]}}