{"id":37222,"date":"2023-11-21T18:24:36","date_gmt":"2023-11-21T21:24:36","guid":{"rendered":"https:\/\/radiorevelacionfm.cl\/?p=37222"},"modified":"2023-11-21T18:24:36","modified_gmt":"2023-11-21T21:24:36","slug":"comienza-la-semana-de-las-mipymes-y-cooperativas-en-la-region-de-aysen","status":"publish","type":"post","link":"https:\/\/radiorevelacionfm.cl\/?p=37222","title":{"rendered":"Comienza la \u201cSemana de las MiPymes y Cooperativas\u201d en la Regi\u00f3n de Ays\u00e9n"},"content":{"rendered":"<div class=\"flex_column av_one_full  flex_column_div av-zero-column-padding first  avia-builder-el-0  el_before_av_one_full  avia-builder-el-first  \" style='border-radius:0px; '><div  class='avia-image-container  av-styling-    avia-builder-el-1  avia-builder-el-no-sibling  avia-align-center '  itemprop=\"image\" itemscope=\"itemscope\" itemtype=\"https:\/\/schema.org\/ImageObject\"  ><div class='avia-image-container-inner'><div class='avia-image-overlay-wrap'><img decoding=\"async\" class='wp-image-37223 avia-img-lazy-loading-not-37223 avia_image' src=\"https:\/\/radiorevelacionfm.cl\/wp-content\/uploads\/2023\/11\/mipymes-aysen-1_optimized-1_optimized-1.jpg\" alt='' title='mipymes-aysen-(1)_optimized-(1)_optimized (1)' height=\"600\" width=\"1067\"  itemprop=\"thumbnailUrl\" srcset=\"https:\/\/radiorevelacionfm.cl\/wp-content\/uploads\/2023\/11\/mipymes-aysen-1_optimized-1_optimized-1.jpg 1067w, https:\/\/radiorevelacionfm.cl\/wp-content\/uploads\/2023\/11\/mipymes-aysen-1_optimized-1_optimized-1-300x169.jpg 300w, https:\/\/radiorevelacionfm.cl\/wp-content\/uploads\/2023\/11\/mipymes-aysen-1_optimized-1_optimized-1-1030x579.jpg 1030w, https:\/\/radiorevelacionfm.cl\/wp-content\/uploads\/2023\/11\/mipymes-aysen-1_optimized-1_optimized-1-768x432.jpg 768w, https:\/\/radiorevelacionfm.cl\/wp-content\/uploads\/2023\/11\/mipymes-aysen-1_optimized-1_optimized-1-705x396.jpg 705w, https:\/\/radiorevelacionfm.cl\/wp-content\/uploads\/2023\/11\/mipymes-aysen-1_optimized-1_optimized-1-450x253.jpg 450w, https:\/\/radiorevelacionfm.cl\/wp-content\/uploads\/2023\/11\/mipymes-aysen-1_optimized-1_optimized-1-600x337.jpg 600w\" sizes=\"(max-width: 1067px) 100vw, 1067px\" \/><\/div><\/div><\/div><\/div><div class=\"flex_column av_one_full  flex_column_div av-zero-column-padding first  avia-builder-el-2  el_after_av_one_full  el_before_av_one_full  column-top-margin\" style='border-radius:0px; '><section class=\"av_textblock_section \"  itemscope=\"itemscope\" itemtype=\"https:\/\/schema.org\/BlogPosting\" itemprop=\"blogPost\" ><div class='avia_textblock  '   itemprop=\"text\" ><p style=\"text-align: center;\"><strong><span style=\"font-size: 18pt;\">Comienza la \u201cSemana de las MiPymes y Cooperativas\u201d en la Regi\u00f3n de Ays\u00e9n<\/span><\/strong><\/p>\n<div id=\"gtx-trans\" style=\"position: absolute; left: -50px; top: 4.31534px;\">\n<div class=\"gtx-trans-icon\"><\/div>\n<\/div>\n<\/div><\/section><\/div><div class=\"flex_column av_one_full  flex_column_div av-zero-column-padding first  avia-builder-el-4  el_after_av_one_full  el_before_av_hr  column-top-margin\" style='border-radius:0px; '><section class=\"av_textblock_section \"  itemscope=\"itemscope\" itemtype=\"https:\/\/schema.org\/BlogPosting\" itemprop=\"blogPost\" ><div class='avia_textblock  '   itemprop=\"text\" ><p style=\"text-align: justify;\"><em>Desde el Lunes 27 de Noviembre y hasta el Viernes 1 de Diciembre, se realizar\u00e1 a nivel nacional \u201cLa Semana de las MiPymes y Cooperativas\u201d, iniciativa del Ministerio de Econom\u00eda, Fomento y Turismo que se realiza desde el a\u00f1o 2012. Cuyo principal objetivo es destacar la labor de las micro, peque\u00f1as y medianas empresas, como as\u00ed tambi\u00e9n de las cooperativas, adem\u00e1s de visibilizar los instrumentos de fomento, herramientas, proyectos de ley y otras iniciativas desarrolladas en apoyo al ecosistema emprendedor. A nivel regional se realizar\u00e1n m\u00e1s de 20 actividades para relevar la importancia que tanto Mipymes, como Cooperativas representan para la econom\u00eda local.<\/em><\/p>\n<p style=\"text-align: justify;\">Desde un Seminario dedicado a contadores para Cooperativas, pasando por un \u201cEncuentro de Emprendedores y Emprendedoras en Ays\u00e9n, charlas, capacitaciones, di\u00e1logos entre actores p\u00fabicos y privados, visitas a MiPymes inspiradoras y hasta la creaci\u00f3n y puesta al aire de un VideoPodcast de entrevistas emitido en vivo por Radio Santa Mar\u00eda, destacan como algunas de las actividades que durante 5 d\u00edas, relevar\u00e1n la importancia tanto de las Cooperativas, como de las MiPymes regionales.<\/p>\n<p style=\"text-align: justify;\">El Seremi de Econom\u00eda, Fomento y Turismo; Felipe Rojas Pizarro se refiri\u00f3 a este hito mencionando que: \u201cEste a\u00f1o hemos puesto un especial \u00e9nfasis en las diversas actividades donde se genere la articulaci\u00f3n p\u00fablico-privada en relaci\u00f3n al co-dise\u00f1o de pol\u00edticas p\u00fablicas. La Semana de las MiPymes y Cooperativas, abre un abanico de posibilidades para continuar robusteciendo a los gremios y cooperativas del territorio en un a\u00f1o que no ha sido f\u00e1cil, pero que con hitos como este se logra visibilizar de mejor manera el trabajo de mujeres y hombres de nuestra regi\u00f3n quienes son un motor fundamental de la econom\u00eda local.\u201d<\/p>\n<p style=\"text-align: justify;\">Una de las actividades programadas es el Seminario gestionado por los Centros de Negocios de Sercotec, quienes han asumido la tarea de impulsar desde la econom\u00eda social el desarrollo del cooperativismo, a trav\u00e9s de la creaci\u00f3n de nuevas empresas sociales y a la vez, fortalecerlas desde un nuevo acercamiento y acompa\u00f1amiento. En ese contexto se realizar\u00e1 un seminario dedicado exclusivamente a contadores y contadoras de cooperativas, impartido por el especialista Ra\u00fal Lillo.<\/p>\n<p style=\"text-align: justify;\">Y sobre Cooperativismo y asociatividad, la Seremi de Gobierno Regi\u00f3n de Ays\u00e9n; Tatiana Pl\u00e1 coment\u00f3: \u201cComo en su momento dijo el Presidente Gabriel Boric, este es el gobierno de las cooperativas, y es por eso que estamos haciendo todos los esfuerzos para tener un proceso de di\u00e1logo fluido y constructivo con las organizaciones cooperativas, a lo largo y ancho de nuestro pa\u00eds. Para nuestro gobierno las cooperativas poseen un rol fundamental en el nuevo modelo de desarrollo, debido a que, principalmente, son resilientes a las crisis, protegen el trabajo, tienen una mejor conexi\u00f3n con las comunidades y entienden las necesidades de desarrollo del pa\u00eds\u201d Asever\u00f3 la seremi de Gobierno.<\/p>\n<p style=\"text-align: justify;\">Pero sin duda, una de las actividades m\u00e1s llamativas, es la creaci\u00f3n y puesta al aire de un Videopodcast de entrevistas, el que estar\u00e1 al aire en vivo en Radio Santa Mar\u00eda, desde el Lunes 27 hasta el Viernes 1 de Diciembre a las 12:45 PM, espacio que ser\u00e1 conducido por Gonzalo Marf\u00e1n y que presentar\u00e1 diariamente a Pymes y Cooperativas regionales, altamente inspiradoras, quienes relatar\u00e1n las diversas aventuras y desventuras del emprendimiento local. Este VideoPodcast nace como una alianza asociativa entre FIC UACH, financiado por el Gobierno Regional de Ays\u00e9n y la Seremi de Econom\u00eda, Fomento y Turismo de nuestra regi\u00f3n.<\/p>\n<p style=\"text-align: justify;\">En tanto, Puerto Ays\u00e9n tambi\u00e9n se transformar\u00e1 en el epicentro de \u201cLa Semana de las Mipymes y Cooperativas\u201d, gracias a un evento gestionado por el Municipio de la comuna, a trav\u00e9s de DIDECO quienes apoyados por la Seremi de Econom\u00eda de la Regi\u00f3n de Ays\u00e9n, desarrollar\u00e1n el \u201cEncuentro de Emprendedores y Emprendedoras\u201d el d\u00eda Martes 28 de Noviembre en Ecoterr\u00e1neo Cowork, desde las 10:00 AM y hasta las 18:00 horas, lugar donde habr\u00e1 exposici\u00f3n de productos y un constante di\u00e1logo con las Mipymes de la comuna de Ays\u00e9n.<\/p>\n<p style=\"text-align: justify;\">Desde Corfo, su Director Regional Humberto Mar\u00edn puso sobre relieve la importancia de este hito; \u201cLa Semana de las MiPymes y Cooperativas es una oportunidad para reflexionar sobre el papel fundamental de estas entidades en la econom\u00eda de Chile, y para reconocer su contribuci\u00f3n al desarrollo econ\u00f3mico y social del pa\u00eds. Es un momento para celebrar su labor, visibilizar sus logros y desaf\u00edos, y adem\u00e1s, desde Corfo reafirmar el compromiso de apoyar su crecimiento y fortalecimiento. Seguiremos trabajando en conjunto, sector p\u00fablico y privado, para promover su desarrollo, fortalecer su capacidad competitiva y contribuir a la construcci\u00f3n de un entorno emprendedor m\u00e1s din\u00e1mico y sostenible.\u201d<\/p>\n<p style=\"text-align: justify;\">Por su parte Nelly Vargas, Directora Regional de Sercotec, realiz\u00f3 una\u00a0 invitaci\u00f3n para sumarse a este hito de la asociatividad y emprendimiento; \u201cInvitamos a todas y todos a participar de las diferentes instancias y actividades tanto de formaci\u00f3n como de exposici\u00f3n que se desarrollar\u00e1n los d\u00edas 27,28,29,30 y 01 de diciembre . Como Sercotec estamos honrados ser parte de esta celebraci\u00f3n y nuestro compromiso con las micro y peque\u00f1as empresas, as\u00ed como de las Cooperativas, emprendedores y emprendedoras es constante, estamos para apoyarlas a trav\u00e9s de diferentes instancias ya sea en la entrega de capacitaci\u00f3n, asesor\u00eda o de subsidios para\u00a0 la implementaci\u00f3n y el desarrollo de sus empresas. Para nosotros y nosotras es fundamental poder proporcionar de las herramientas necesarias que permitan enfrentar de una manera m\u00e1s competitiva los mercados en los cuales se desenvuelven y\u00a0 que cada emprendimiento sea parte del crecimiento y desarrollo econ\u00f3mico local.\u201d<\/p>\n<p style=\"text-align: justify;\">Es importante mencionar que en Chile, contamos con m\u00e1s de un mill\u00f3n de MiPymes y Cooperativas y por eso el llamado es a que todos los y las emprendedoras, cooperadas\/os, servicios p\u00fablicos y entidades privadas se unan y participen de esta semana, ya que juntos, podemos visibilizar la importancia que tienen las MiPymes y cooperativas en la econom\u00eda de nuestro pa\u00eds y nuestra regi\u00f3n. El programa completo estar\u00e1 disponible en <a href=\"http:\/\/www.semanadelapyme.cl\">www.semanadelapyme.cl<\/a> en la pesta\u00f1a \u201cAys\u00e9n.\u201d<\/p>\n<\/div><\/section><\/div><div  style='height:50px' class='hr hr-invisible   avia-builder-el-6  el_after_av_one_full  el_before_av_social_share '><span class='hr-inner ' ><span class='hr-inner-style'><\/span><\/span><\/div><\/p>\n<div  class='av-social-sharing-box  avia-builder-el-7  el_after_av_hr  el_before_av_hr  '><div class='av-share-box'><h5 class='av-share-link-description av-no-toc '>Compartir esta noticia<\/h5><ul class='av-share-box-list noLightbox'><li class='av-share-link av-social-link-facebook' ><a target=\"_blank\" aria-label=\"Compartir en Facebook\" href='https:\/\/www.facebook.com\/sharer.php?u=https:\/\/radiorevelacionfm.cl\/?p=37222&#038;t=Comienza%20la%20%E2%80%9CSemana%20de%20las%20MiPymes%20y%20Cooperativas%E2%80%9D%20en%20la%20Regi%C3%B3n%20de%20Ays%C3%A9n' aria-hidden='false' data-av_icon='\ue8f3' data-av_iconfont='entypo-fontello' title='' data-avia-related-tooltip='Compartir en Facebook' rel=\"noopener\"><span class='avia_hidden_link_text'>Compartir en Facebook<\/span><\/a><\/li><li class='av-share-link av-social-link-twitter' ><a target=\"_blank\" aria-label=\"Compartir en Twitter\" href='https:\/\/twitter.com\/share?text=Comienza%20la%20%E2%80%9CSemana%20de%20las%20MiPymes%20y%20Cooperativas%E2%80%9D%20en%20la%20Regi%C3%B3n%20de%20Ays%C3%A9n&#038;url=https:\/\/radiorevelacionfm.cl\/?p=37222' aria-hidden='false' data-av_icon='\ue8f1' data-av_iconfont='entypo-fontello' title='' data-avia-related-tooltip='Compartir en Twitter' rel=\"noopener\"><span class='avia_hidden_link_text'>Compartir en Twitter<\/span><\/a><\/li><li class='av-share-link av-social-link-whatsapp' ><a target=\"_blank\" aria-label=\"Compartir en Whatsapp\" href='https:\/\/api.whatsapp.com\/send?text=https:\/\/radiorevelacionfm.cl\/?p=37222' aria-hidden='false' data-av_icon='\uf232' data-av_iconfont='entypo-fontello' title='' data-avia-related-tooltip='Compartir en Whatsapp' rel=\"noopener\"><span class='avia_hidden_link_text'>Compartir en Whatsapp<\/span><\/a><\/li><li class='av-share-link av-social-link-linkedin' ><a target=\"_blank\" aria-label=\"Compartir en LinkedIn\" href='https:\/\/linkedin.com\/shareArticle?mini=true&#038;title=Comienza%20la%20%E2%80%9CSemana%20de%20las%20MiPymes%20y%20Cooperativas%E2%80%9D%20en%20la%20Regi%C3%B3n%20de%20Ays%C3%A9n&#038;url=https:\/\/radiorevelacionfm.cl\/?p=37222' aria-hidden='false' data-av_icon='\ue8fc' data-av_iconfont='entypo-fontello' title='' data-avia-related-tooltip='Compartir en LinkedIn' rel=\"noopener\"><span class='avia_hidden_link_text'>Compartir en LinkedIn<\/span><\/a><\/li><li class='av-share-link av-social-link-mail' ><a  aria-label=\"Compartir por correo\" href='mailto:?subject=Comienza%20la%20%E2%80%9CSemana%20de%20las%20MiPymes%20y%20Cooperativas%E2%80%9D%20en%20la%20Regi%C3%B3n%20de%20Ays%C3%A9n&#038;body=https:\/\/radiorevelacionfm.cl\/?p=37222' aria-hidden='false' data-av_icon='\ue805' data-av_iconfont='entypo-fontello' title='' data-avia-related-tooltip='Compartir por correo'><span class='avia_hidden_link_text'>Compartir por correo<\/span><\/a><\/li><\/ul><\/div><\/div>\n<div  style='height:50px' class='hr hr-invisible   avia-builder-el-8  el_after_av_social_share  el_before_av_comments_list '><span class='hr-inner ' ><span class='hr-inner-style'><\/span><\/span><\/div>\n<div  class='av-buildercomment  av-blog-meta-html-info-disabled av-blog-meta-tag-disabled  '><\/div>\n","protected":false},"excerpt":{"rendered":"","protected":false},"author":1,"featured_media":37223,"comment_status":"open","ping_status":"open","sticky":false,"template":"","format":"standard","meta":{"footnotes":""},"categories":[38],"tags":[],"class_list":["post-37222","post","type-post","status-publish","format-standard","has-post-thumbnail","hentry","category-regional"],"jetpack_featured_media_url":"https:\/\/radiorevelacionfm.cl\/wp-content\/uploads\/2023\/11\/mipymes-aysen-1_optimized-1_optimized-1.jpg","_links":{"self":[{"href":"https:\/\/radiorevelacionfm.cl\/index.php?rest_route=\/wp\/v2\/posts\/37222","targetHints":{"allow":["GET"]}}],"collection":[{"href":"https:\/\/radiorevelacionfm.cl\/index.php?rest_route=\/wp\/v2\/posts"}],"about":[{"href":"https:\/\/radiorevelacionfm.cl\/index.php?rest_route=\/wp\/v2\/types\/post"}],"author":[{"embeddable":true,"href":"https:\/\/radiorevelacionfm.cl\/index.php?rest_route=\/wp\/v2\/users\/1"}],"replies":[{"embeddable":true,"href":"https:\/\/radiorevelacionfm.cl\/index.php?rest_route=%2Fwp%2Fv2%2Fcomments&post=37222"}],"version-history":[{"count":1,"href":"https:\/\/radiorevelacionfm.cl\/index.php?rest_route=\/wp\/v2\/posts\/37222\/revisions"}],"predecessor-version":[{"id":37224,"href":"https:\/\/radiorevelacionfm.cl\/index.php?rest_route=\/wp\/v2\/posts\/37222\/revisions\/37224"}],"wp:featuredmedia":[{"embeddable":true,"href":"https:\/\/radiorevelacionfm.cl\/index.php?rest_route=\/wp\/v2\/media\/37223"}],"wp:attachment":[{"href":"https:\/\/radiorevelacionfm.cl\/index.php?rest_route=%2Fwp%2Fv2%2Fmedia&parent=37222"}],"wp:term":[{"taxonomy":"category","embeddable":true,"href":"https:\/\/radiorevelacionfm.cl\/index.php?rest_route=%2Fwp%2Fv2%2Fcategories&post=37222"},{"taxonomy":"post_tag","embeddable":true,"href":"https:\/\/radiorevelacionfm.cl\/index.php?rest_route=%2Fwp%2Fv2%2Ftags&post=37222"}],"curies":[{"name":"wp","href":"https:\/\/api.w.org\/{rel}","templated":true}]}}