{"id":37219,"date":"2023-11-22T09:59:49","date_gmt":"2023-11-22T12:59:49","guid":{"rendered":"https:\/\/radiorevelacionfm.cl\/?p=37219"},"modified":"2023-11-22T09:59:49","modified_gmt":"2023-11-22T12:59:49","slug":"programa-quiero-mi-barrio-minvu-abrio-nuevo-concurso-para-incorporar-otros-25-territorios-en-todo-el-pais","status":"publish","type":"post","link":"https:\/\/radiorevelacionfm.cl\/?p=37219","title":{"rendered":"Programa Quiero Mi Barrio: Minvu abri\u00f3 nuevo concurso para incorporar otros 25 territorios en todo el pa\u00eds"},"content":{"rendered":"<div class=\"flex_column av_one_full  flex_column_div av-zero-column-padding first  avia-builder-el-0  el_before_av_one_full  avia-builder-el-first  \" style='border-radius:0px; '><div  class='avia-image-container  av-styling-    avia-builder-el-1  avia-builder-el-no-sibling  avia-align-center '  itemprop=\"image\" itemscope=\"itemscope\" itemtype=\"https:\/\/schema.org\/ImageObject\"  ><div class='avia-image-container-inner'><div class='avia-image-overlay-wrap'><img decoding=\"async\" class='wp-image-37220 avia-img-lazy-loading-not-37220 avia_image' src=\"https:\/\/radiorevelacionfm.cl\/wp-content\/uploads\/2023\/11\/archivo-foto-inauguracion-cancha-y-plaza-Relampago-1-1.jpg\" alt='' title='archivo foto inauguraci\u00f3n cancha y plaza Rel\u00e1mpago (1) (1)' height=\"600\" width=\"900\"  itemprop=\"thumbnailUrl\" srcset=\"https:\/\/radiorevelacionfm.cl\/wp-content\/uploads\/2023\/11\/archivo-foto-inauguracion-cancha-y-plaza-Relampago-1-1.jpg 900w, https:\/\/radiorevelacionfm.cl\/wp-content\/uploads\/2023\/11\/archivo-foto-inauguracion-cancha-y-plaza-Relampago-1-1-300x200.jpg 300w, https:\/\/radiorevelacionfm.cl\/wp-content\/uploads\/2023\/11\/archivo-foto-inauguracion-cancha-y-plaza-Relampago-1-1-768x512.jpg 768w, https:\/\/radiorevelacionfm.cl\/wp-content\/uploads\/2023\/11\/archivo-foto-inauguracion-cancha-y-plaza-Relampago-1-1-705x470.jpg 705w, https:\/\/radiorevelacionfm.cl\/wp-content\/uploads\/2023\/11\/archivo-foto-inauguracion-cancha-y-plaza-Relampago-1-1-450x300.jpg 450w, https:\/\/radiorevelacionfm.cl\/wp-content\/uploads\/2023\/11\/archivo-foto-inauguracion-cancha-y-plaza-Relampago-1-1-600x400.jpg 600w\" sizes=\"(max-width: 900px) 100vw, 900px\" \/><\/div><\/div><\/div><\/div><div class=\"flex_column av_one_full  flex_column_div av-zero-column-padding first  avia-builder-el-2  el_after_av_one_full  el_before_av_one_full  column-top-margin\" style='border-radius:0px; '><section class=\"av_textblock_section \"  itemscope=\"itemscope\" itemtype=\"https:\/\/schema.org\/BlogPosting\" itemprop=\"blogPost\" ><div class='avia_textblock  '   itemprop=\"text\" ><p style=\"text-align: center;\"><span style=\"font-size: 18pt;\"><strong>Programa Quiero Mi Barrio: Minvu abri\u00f3 nuevo concurso para incorporar otros 25 territorios en todo el pa\u00eds<\/strong><\/span><\/p>\n<div id=\"gtx-trans\" style=\"position: absolute; left: -50px; top: 4.31534px;\">\n<div class=\"gtx-trans-icon\"><\/div>\n<\/div>\n<\/div><\/section><\/div><div class=\"flex_column av_one_full  flex_column_div av-zero-column-padding first  avia-builder-el-4  el_after_av_one_full  el_before_av_hr  column-top-margin\" style='border-radius:0px; '><section class=\"av_textblock_section \"  itemscope=\"itemscope\" itemtype=\"https:\/\/schema.org\/BlogPosting\" itemprop=\"blogPost\" ><div class='avia_textblock  '   itemprop=\"text\" ><p style=\"text-align: justify;\">La Secretaria Regional Ministerial de Vivienda y Urbanismo de la regi\u00f3n de Ays\u00e9n, Paulina Ruz Delf\u00edn, inform\u00f3 que esta semana se dio inicio al concurso 2023 del Programa de Recuperaci\u00f3n de Barrios \u201cQuiero Mi Barrio\u201d, a trav\u00e9s del cual se seleccionar\u00e1n 25 nuevos sectores para intervenir en todo el pa\u00eds.<\/p>\n<p style=\"text-align: justify;\">Seg\u00fan explic\u00f3 la autoridad, los municipios podr\u00e1n presentar sus propuestas hasta el mi\u00e9rcoles 20 de diciembre, considerando que cada barrio que resulte seleccionado recibir\u00e1 cerca de mil millones de pesos para la ejecuci\u00f3n de obras que mejoren su calidad de vida. Para eso, deber\u00e1n formalizar sus postulaciones en dependencias de la Seremi de Vivienda, Freire N\u00b0 3 de Coyhaique, quedando a la espera del proceso de selecci\u00f3n que se realizar\u00e1 durante el primer trimestre del pr\u00f3ximo a\u00f1o.<\/p>\n<p style=\"text-align: justify;\">\u201cTal como ha dicho nuestro Ministro Carlos Montes, la construcci\u00f3n de ciudades justas comienza en cada uno de los barrios de nuestro pa\u00eds, ya que es all\u00ed donde se fortalece la confianza, la identidad, la participaci\u00f3n y los v\u00ednculos entre las personas. Sin duda es una tarea que est\u00e1 en el centro de los desaf\u00edos del Programa de Recuperaci\u00f3n de Barrios del Minvu, por eso, con esta nueva convocatoria, desde el Gobierno y desde el Minvu renovamos nuestro compromiso con las comunidades y los municipios, para desarrollar y definir participativamente las obras urbanas que permitir\u00e1n mejorar la calidad de vida de nuestra gente en sus respectivos territorios\u201d, precis\u00f3.<\/p>\n<p style=\"text-align: justify;\">El objetivo del programa \u201cQuiero mi barrio\u201d, creado en 2006, es mejorar la calidad de vida en que zonas que presentan problemas de deterioro urbano, segregaci\u00f3n y vulnerabilidad social; mediante un proceso participativo de activaci\u00f3n comunitaria y recuperaci\u00f3n de los espacios p\u00fablicos y de los entornos urbanos de las familias.<\/p>\n<p style=\"text-align: justify;\">En 2024, el alcance nacional del programa llegar\u00e1 a los 320 barrios, con los 58 que se incorporaron este a\u00f1o, m\u00e1s los 25 que se sumar\u00e1n a trav\u00e9s de la convocatoria actual. En m\u00e1s de 17 a\u00f1os, el programa ha mejorado la calidad de vida de m\u00e1s 1 mill\u00f3n y medio de personas, llegando a 821 barrios a lo largo del pa\u00eds.<\/p>\n<p style=\"text-align: justify;\">\u201cA nivel regional en este momento estamos interviniendo siete barrios: Quebrada La Cruz y El Bosque-Patagonia en Coyhaique; Villa Espa\u00f1a, Ribera Sur Costanera y La Balsa, en Puerto Ays\u00e9n; m\u00e1s los Barrios de Inter\u00e9s Regional que se ejecutan en Villa Ma\u00f1ihuales y en Cochrane, los primeros que llevan esta experiencia hasta comunidades que est\u00e1n fuera de Coyhaique y Puerto Ays\u00e9n, que son las principales ciudades de la regi\u00f3n.\u00a0 A estos siete barrios en ejecuci\u00f3n se suman dos barrios que est\u00e1n seleccionados y que inician su intervenci\u00f3n en este 2023 y otros dos que comienzan el pr\u00f3ximo a\u00f1o, abriendo grandes expectativas para miles de familias que quieren mejorar su entorno, potenciar sus organizaciones y hacer realidad nuevos proyectos que beneficien a cientos de ni\u00f1os, j\u00f3venes, adultos y adultos mayores\u201d, puntualiz\u00f3.<\/p>\n<p style=\"text-align: justify;\">En cuanto a los barrios que ya finalizaron y dejaron su huella en cada comunidad, est\u00e1n el Bernardo O\u2019Higgins y el Quinta Burgos, de Coyhaique, los primeros que se ejecutaron en 2007; a los que se suman otros de gran impacto como el Pedro Aguirre Cerda, V\u00edctor Domingo Silva o Gabriela Mistral, por nombrar solo algunos de la capital regional. Tambi\u00e9n est\u00e1 finalizada la intervenci\u00f3n en los barrios Pedro Aguirre Cerda y Ribera Sur Oriente de Puerto Ays\u00e9n, con numerosos proyectos que fueron presentados y decididos por los mismos vecinos.<\/p>\n<p style=\"text-align: justify;\">Con respecto al nuevo concurso del Programa de Recuperaci\u00f3n de Barrios, que se abri\u00f3 esta semana, la Seremi de Vivienda, Paulina Ruz adelant\u00f3 que se incorporaron nuevas dimensiones asociadas al d\u00e9ficit y deterioro urbano, y aspectos de vulnerabilidad territorial, trabajados con el Ministerio de Desarrollo Social y Familia. Asimismo, se prioriz\u00f3 la declaraci\u00f3n de compromisos vecinales y multisectoriales para acompa\u00f1ar la intervenci\u00f3n de los barrios de manera sostenible.<\/p>\n<p style=\"text-align: justify;\">Cabe mencionar que el programa hoy est\u00e1 presente con obras f\u00edsicas y proyectos sociales en 237 barrios en todo el pa\u00eds, y llegar\u00e1 a los 320 en 2024, con los barrios que se sumaron este a\u00f1o y los de la convocatoria en curso.<\/p>\n<p style=\"text-align: justify;\">Finalmente Paulina Ruz destac\u00f3 que el anuncio del concurso actual se realiza en el contexto del \u201cMes de las Ciudades Justas\u201d del Minvu, que consiste en una serie de actividades a trav\u00e9s de las cuales se promueve la reflexi\u00f3n y di\u00e1logo junto a la comunidad, academia, gremios, gobiernos locales y regionales, instituciones p\u00fablicas y privadas, sobre el desaf\u00edo com\u00fan que significa construir ciudades m\u00e1s justas para Chile.<\/p>\n<\/div><\/section><\/div><div  style='height:50px' class='hr hr-invisible   avia-builder-el-6  el_after_av_one_full  el_before_av_social_share '><span class='hr-inner ' ><span class='hr-inner-style'><\/span><\/span><\/div><\/p>\n<div  class='av-social-sharing-box  avia-builder-el-7  el_after_av_hr  el_before_av_hr  '><div class='av-share-box'><h5 class='av-share-link-description av-no-toc '>Compartir esta noticia<\/h5><ul class='av-share-box-list noLightbox'><li class='av-share-link av-social-link-facebook' ><a target=\"_blank\" aria-label=\"Compartir en Facebook\" href='https:\/\/www.facebook.com\/sharer.php?u=https:\/\/radiorevelacionfm.cl\/?p=37219&#038;t=Programa%20Quiero%20Mi%20Barrio%3A%20Minvu%20abri%C3%B3%20nuevo%20concurso%20para%20incorporar%20otros%2025%20territorios%20en%20todo%20el%20pa%C3%ADs' aria-hidden='false' data-av_icon='\ue8f3' data-av_iconfont='entypo-fontello' title='' data-avia-related-tooltip='Compartir en Facebook' rel=\"noopener\"><span class='avia_hidden_link_text'>Compartir en Facebook<\/span><\/a><\/li><li class='av-share-link av-social-link-twitter' ><a target=\"_blank\" aria-label=\"Compartir en Twitter\" href='https:\/\/twitter.com\/share?text=Programa%20Quiero%20Mi%20Barrio%3A%20Minvu%20abri%C3%B3%20nuevo%20concurso%20para%20incorporar%20otros%2025%20territorios%20en%20todo%20el%20pa%C3%ADs&#038;url=https:\/\/radiorevelacionfm.cl\/?p=37219' aria-hidden='false' data-av_icon='\ue8f1' data-av_iconfont='entypo-fontello' title='' data-avia-related-tooltip='Compartir en Twitter' rel=\"noopener\"><span class='avia_hidden_link_text'>Compartir en Twitter<\/span><\/a><\/li><li class='av-share-link av-social-link-whatsapp' ><a target=\"_blank\" aria-label=\"Compartir en Whatsapp\" href='https:\/\/api.whatsapp.com\/send?text=https:\/\/radiorevelacionfm.cl\/?p=37219' aria-hidden='false' data-av_icon='\uf232' data-av_iconfont='entypo-fontello' title='' data-avia-related-tooltip='Compartir en Whatsapp' rel=\"noopener\"><span class='avia_hidden_link_text'>Compartir en Whatsapp<\/span><\/a><\/li><li class='av-share-link av-social-link-linkedin' ><a target=\"_blank\" aria-label=\"Compartir en LinkedIn\" href='https:\/\/linkedin.com\/shareArticle?mini=true&#038;title=Programa%20Quiero%20Mi%20Barrio%3A%20Minvu%20abri%C3%B3%20nuevo%20concurso%20para%20incorporar%20otros%2025%20territorios%20en%20todo%20el%20pa%C3%ADs&#038;url=https:\/\/radiorevelacionfm.cl\/?p=37219' aria-hidden='false' data-av_icon='\ue8fc' data-av_iconfont='entypo-fontello' title='' data-avia-related-tooltip='Compartir en LinkedIn' rel=\"noopener\"><span class='avia_hidden_link_text'>Compartir en LinkedIn<\/span><\/a><\/li><li class='av-share-link av-social-link-mail' ><a  aria-label=\"Compartir por correo\" href='mailto:?subject=Programa%20Quiero%20Mi%20Barrio%3A%20Minvu%20abri%C3%B3%20nuevo%20concurso%20para%20incorporar%20otros%2025%20territorios%20en%20todo%20el%20pa%C3%ADs&#038;body=https:\/\/radiorevelacionfm.cl\/?p=37219' aria-hidden='false' data-av_icon='\ue805' data-av_iconfont='entypo-fontello' title='' data-avia-related-tooltip='Compartir por correo'><span class='avia_hidden_link_text'>Compartir por correo<\/span><\/a><\/li><\/ul><\/div><\/div>\n<div  style='height:50px' class='hr hr-invisible   avia-builder-el-8  el_after_av_social_share  el_before_av_comments_list '><span class='hr-inner ' ><span class='hr-inner-style'><\/span><\/span><\/div>\n<div  class='av-buildercomment  av-blog-meta-html-info-disabled av-blog-meta-tag-disabled  '><\/div>\n","protected":false},"excerpt":{"rendered":"","protected":false},"author":1,"featured_media":37220,"comment_status":"open","ping_status":"open","sticky":false,"template":"","format":"standard","meta":{"footnotes":""},"categories":[57],"tags":[],"class_list":["post-37219","post","type-post","status-publish","format-standard","has-post-thumbnail","hentry","category-vivienda"],"jetpack_featured_media_url":"https:\/\/radiorevelacionfm.cl\/wp-content\/uploads\/2023\/11\/archivo-foto-inauguracion-cancha-y-plaza-Relampago-1-1.jpg","_links":{"self":[{"href":"https:\/\/radiorevelacionfm.cl\/index.php?rest_route=\/wp\/v2\/posts\/37219","targetHints":{"allow":["GET"]}}],"collection":[{"href":"https:\/\/radiorevelacionfm.cl\/index.php?rest_route=\/wp\/v2\/posts"}],"about":[{"href":"https:\/\/radiorevelacionfm.cl\/index.php?rest_route=\/wp\/v2\/types\/post"}],"author":[{"embeddable":true,"href":"https:\/\/radiorevelacionfm.cl\/index.php?rest_route=\/wp\/v2\/users\/1"}],"replies":[{"embeddable":true,"href":"https:\/\/radiorevelacionfm.cl\/index.php?rest_route=%2Fwp%2Fv2%2Fcomments&post=37219"}],"version-history":[{"count":1,"href":"https:\/\/radiorevelacionfm.cl\/index.php?rest_route=\/wp\/v2\/posts\/37219\/revisions"}],"predecessor-version":[{"id":37221,"href":"https:\/\/radiorevelacionfm.cl\/index.php?rest_route=\/wp\/v2\/posts\/37219\/revisions\/37221"}],"wp:featuredmedia":[{"embeddable":true,"href":"https:\/\/radiorevelacionfm.cl\/index.php?rest_route=\/wp\/v2\/media\/37220"}],"wp:attachment":[{"href":"https:\/\/radiorevelacionfm.cl\/index.php?rest_route=%2Fwp%2Fv2%2Fmedia&parent=37219"}],"wp:term":[{"taxonomy":"category","embeddable":true,"href":"https:\/\/radiorevelacionfm.cl\/index.php?rest_route=%2Fwp%2Fv2%2Fcategories&post=37219"},{"taxonomy":"post_tag","embeddable":true,"href":"https:\/\/radiorevelacionfm.cl\/index.php?rest_route=%2Fwp%2Fv2%2Ftags&post=37219"}],"curies":[{"name":"wp","href":"https:\/\/api.w.org\/{rel}","templated":true}]}}