{"id":37216,"date":"2023-11-21T17:40:47","date_gmt":"2023-11-21T20:40:47","guid":{"rendered":"https:\/\/radiorevelacionfm.cl\/?p=37216"},"modified":"2023-11-21T17:40:47","modified_gmt":"2023-11-21T20:40:47","slug":"alcalde-de-aysen-y-seremitt-se-reunen-por-proyecto-de-transporte-publico-para-conectar-chacabuco-y-puerto-aysen","status":"publish","type":"post","link":"https:\/\/radiorevelacionfm.cl\/?p=37216","title":{"rendered":"Alcalde de Ays\u00e9n y Seremitt se re\u00fanen por proyecto de transporte p\u00fablico para conectar Chacabuco y Puerto Ays\u00e9n"},"content":{"rendered":"<div class=\"flex_column av_one_full  flex_column_div av-zero-column-padding first  avia-builder-el-0  el_before_av_one_full  avia-builder-el-first  \" style='border-radius:0px; '><div  class='avia-image-container  av-styling-    avia-builder-el-1  avia-builder-el-no-sibling  avia-align-center '  itemprop=\"image\" itemscope=\"itemscope\" itemtype=\"https:\/\/schema.org\/ImageObject\"  ><div class='avia-image-container-inner'><div class='avia-image-overlay-wrap'><img decoding=\"async\" class='wp-image-37217 avia-img-lazy-loading-not-37217 avia_image' src=\"https:\/\/radiorevelacionfm.cl\/wp-content\/uploads\/2023\/11\/Alcalde-y-Seremitt-1-1.jpg\" alt='' title='Alcalde y Seremitt (1) (1)' height=\"600\" width=\"913\"  itemprop=\"thumbnailUrl\" srcset=\"https:\/\/radiorevelacionfm.cl\/wp-content\/uploads\/2023\/11\/Alcalde-y-Seremitt-1-1.jpg 913w, https:\/\/radiorevelacionfm.cl\/wp-content\/uploads\/2023\/11\/Alcalde-y-Seremitt-1-1-300x197.jpg 300w, https:\/\/radiorevelacionfm.cl\/wp-content\/uploads\/2023\/11\/Alcalde-y-Seremitt-1-1-768x505.jpg 768w, https:\/\/radiorevelacionfm.cl\/wp-content\/uploads\/2023\/11\/Alcalde-y-Seremitt-1-1-705x463.jpg 705w, https:\/\/radiorevelacionfm.cl\/wp-content\/uploads\/2023\/11\/Alcalde-y-Seremitt-1-1-450x296.jpg 450w, https:\/\/radiorevelacionfm.cl\/wp-content\/uploads\/2023\/11\/Alcalde-y-Seremitt-1-1-600x394.jpg 600w\" sizes=\"(max-width: 913px) 100vw, 913px\" \/><\/div><\/div><\/div><\/div><div class=\"flex_column av_one_full  flex_column_div av-zero-column-padding first  avia-builder-el-2  el_after_av_one_full  el_before_av_one_full  column-top-margin\" style='border-radius:0px; '><section class=\"av_textblock_section \"  itemscope=\"itemscope\" itemtype=\"https:\/\/schema.org\/BlogPosting\" itemprop=\"blogPost\" ><div class='avia_textblock  '   itemprop=\"text\" ><p style=\"text-align: center;\"><strong><span style=\"font-size: 18pt;\">Alcalde de Ays\u00e9n y Seremitt se re\u00fanen por proyecto de transporte p\u00fablico para conectar Chacabuco y Puerto Ays\u00e9n<\/span><\/strong><\/p>\n<div id=\"gtx-trans\" style=\"position: absolute; left: -50px; top: 4.31534px;\">\n<div class=\"gtx-trans-icon\"><\/div>\n<\/div>\n<\/div><\/section><\/div><div class=\"flex_column av_one_full  flex_column_div av-zero-column-padding first  avia-builder-el-4  el_after_av_one_full  el_before_av_hr  column-top-margin\" style='border-radius:0px; '><section class=\"av_textblock_section \"  itemscope=\"itemscope\" itemtype=\"https:\/\/schema.org\/BlogPosting\" itemprop=\"blogPost\" ><div class='avia_textblock  '   itemprop=\"text\" ><p style=\"text-align: justify;\">Se pone a ruedo la idea por parte del Seremi de Transporte, con el aporte municipal, de solucionar un problema latente para una buena parte de ciudadanos de los puertos de Chacabuco y Ays\u00e9n, con una pronta reuni\u00f3n de las autoridades con los vecinos.<\/p>\n<p style=\"text-align: justify;\">Julio Uribe Alvarado, alcalde de Ays\u00e9n, explic\u00f3 la raz\u00f3n de la reuni\u00f3n con el Seremi de Transporte, \u201cdebido a las diferentes demandas que nuestra comunidad ha planteado, sobre todo de Puerto Chacabuco y las problem\u00e1ticas que hay en el transporte p\u00fablico y conversando soluciones de para este servicio y eso es lo que queremos con el Seremitt, poder llegar a instancias para generar proyectos para mejorar esta situaci\u00f3n\u201d.<\/p>\n<p style=\"text-align: justify;\">De la ocasi\u00f3n se pudieron rescatar ideas para conectar de manera f\u00edsica y mejorar el alcance a redes de internet en las zonas rurales. Con proyectos que est\u00e1n por concretarse y otros que est\u00e1n a empezar, como el caso de una ruta de buses que puedan conectar constantemente a Puerto Ays\u00e9n y Chacabuco, pasando por el centro de cada uno y por un precio accesible.<\/p>\n<p style=\"text-align: justify;\">El Seremitt Hans Zimmermann, coment\u00f3 la motivaci\u00f3n de hacer este tipo de proyectos para los vecinos, \u201cnuestro compromiso como ministerio y nuestra misi\u00f3n institucional es poder llevar conectividad all\u00ed, a los lugares en donde hoy d\u00eda esto no est\u00e1 operando de buena forma. Nosotros hemos desplegado operativos de fiscalizaci\u00f3n en la ruta, pero adem\u00e1s hemos tenido conversaciones con los operadores que cubren este servicio, identificando oportunidades de mejora, teniendo una conversaci\u00f3n bastante franca e inst\u00e1ndolos a dar una mejor cobertura a estas necesidades de conectividad que tienen los vecinos de Puerto Chacabuco\u201d.<\/p>\n<p style=\"text-align: justify;\">El edil tambi\u00e9n hace un llamado a los vecinos interesados a que puedan asistir el pr\u00f3ximo d\u00eda jueves 23, en las dependencias del Colegio de Puerto Chacabuco, a las 19:00 horas para una instancia para compartir ideas y dudas con el Seremi de Transporte y su persona sobre el pr\u00f3ximo proyecto y dem\u00e1s problem\u00e1ticas.<\/p>\n<\/div><\/section><\/div><div  style='height:50px' class='hr hr-invisible   avia-builder-el-6  el_after_av_one_full  el_before_av_social_share '><span class='hr-inner ' ><span class='hr-inner-style'><\/span><\/span><\/div><\/p>\n<div  class='av-social-sharing-box  avia-builder-el-7  el_after_av_hr  el_before_av_hr  '><div class='av-share-box'><h5 class='av-share-link-description av-no-toc '>Compartir esta noticia<\/h5><ul class='av-share-box-list noLightbox'><li class='av-share-link av-social-link-facebook' ><a target=\"_blank\" aria-label=\"Compartir en Facebook\" href='https:\/\/www.facebook.com\/sharer.php?u=https:\/\/radiorevelacionfm.cl\/?p=37216&#038;t=Alcalde%20de%20Ays%C3%A9n%20y%20Seremitt%20se%20re%C3%BAnen%20por%20proyecto%20de%20transporte%20p%C3%BAblico%20para%20conectar%20Chacabuco%20y%20Puerto%20Ays%C3%A9n' aria-hidden='false' data-av_icon='\ue8f3' data-av_iconfont='entypo-fontello' title='' data-avia-related-tooltip='Compartir en Facebook' rel=\"noopener\"><span class='avia_hidden_link_text'>Compartir en Facebook<\/span><\/a><\/li><li class='av-share-link av-social-link-twitter' ><a target=\"_blank\" aria-label=\"Compartir en Twitter\" href='https:\/\/twitter.com\/share?text=Alcalde%20de%20Ays%C3%A9n%20y%20Seremitt%20se%20re%C3%BAnen%20por%20proyecto%20de%20transporte%20p%C3%BAblico%20para%20conectar%20Chacabuco%20y%20Puerto%20Ays%C3%A9n&#038;url=https:\/\/radiorevelacionfm.cl\/?p=37216' aria-hidden='false' data-av_icon='\ue8f1' data-av_iconfont='entypo-fontello' title='' data-avia-related-tooltip='Compartir en Twitter' rel=\"noopener\"><span class='avia_hidden_link_text'>Compartir en Twitter<\/span><\/a><\/li><li class='av-share-link av-social-link-whatsapp' ><a target=\"_blank\" aria-label=\"Compartir en Whatsapp\" href='https:\/\/api.whatsapp.com\/send?text=https:\/\/radiorevelacionfm.cl\/?p=37216' aria-hidden='false' data-av_icon='\uf232' data-av_iconfont='entypo-fontello' title='' data-avia-related-tooltip='Compartir en Whatsapp' rel=\"noopener\"><span class='avia_hidden_link_text'>Compartir en Whatsapp<\/span><\/a><\/li><li class='av-share-link av-social-link-linkedin' ><a target=\"_blank\" aria-label=\"Compartir en LinkedIn\" href='https:\/\/linkedin.com\/shareArticle?mini=true&#038;title=Alcalde%20de%20Ays%C3%A9n%20y%20Seremitt%20se%20re%C3%BAnen%20por%20proyecto%20de%20transporte%20p%C3%BAblico%20para%20conectar%20Chacabuco%20y%20Puerto%20Ays%C3%A9n&#038;url=https:\/\/radiorevelacionfm.cl\/?p=37216' aria-hidden='false' data-av_icon='\ue8fc' data-av_iconfont='entypo-fontello' title='' data-avia-related-tooltip='Compartir en LinkedIn' rel=\"noopener\"><span class='avia_hidden_link_text'>Compartir en LinkedIn<\/span><\/a><\/li><li class='av-share-link av-social-link-mail' ><a  aria-label=\"Compartir por correo\" href='mailto:?subject=Alcalde%20de%20Ays%C3%A9n%20y%20Seremitt%20se%20re%C3%BAnen%20por%20proyecto%20de%20transporte%20p%C3%BAblico%20para%20conectar%20Chacabuco%20y%20Puerto%20Ays%C3%A9n&#038;body=https:\/\/radiorevelacionfm.cl\/?p=37216' aria-hidden='false' data-av_icon='\ue805' data-av_iconfont='entypo-fontello' title='' data-avia-related-tooltip='Compartir por correo'><span class='avia_hidden_link_text'>Compartir por correo<\/span><\/a><\/li><\/ul><\/div><\/div>\n<div  style='height:50px' class='hr hr-invisible   avia-builder-el-8  el_after_av_social_share  el_before_av_comments_list '><span class='hr-inner ' ><span class='hr-inner-style'><\/span><\/span><\/div>\n<div  class='av-buildercomment  av-blog-meta-html-info-disabled av-blog-meta-tag-disabled  '><\/div>\n","protected":false},"excerpt":{"rendered":"","protected":false},"author":1,"featured_media":37217,"comment_status":"open","ping_status":"open","sticky":false,"template":"","format":"standard","meta":{"footnotes":""},"categories":[38],"tags":[],"class_list":["post-37216","post","type-post","status-publish","format-standard","has-post-thumbnail","hentry","category-regional"],"jetpack_featured_media_url":"https:\/\/radiorevelacionfm.cl\/wp-content\/uploads\/2023\/11\/Alcalde-y-Seremitt-1-1.jpg","_links":{"self":[{"href":"https:\/\/radiorevelacionfm.cl\/index.php?rest_route=\/wp\/v2\/posts\/37216","targetHints":{"allow":["GET"]}}],"collection":[{"href":"https:\/\/radiorevelacionfm.cl\/index.php?rest_route=\/wp\/v2\/posts"}],"about":[{"href":"https:\/\/radiorevelacionfm.cl\/index.php?rest_route=\/wp\/v2\/types\/post"}],"author":[{"embeddable":true,"href":"https:\/\/radiorevelacionfm.cl\/index.php?rest_route=\/wp\/v2\/users\/1"}],"replies":[{"embeddable":true,"href":"https:\/\/radiorevelacionfm.cl\/index.php?rest_route=%2Fwp%2Fv2%2Fcomments&post=37216"}],"version-history":[{"count":1,"href":"https:\/\/radiorevelacionfm.cl\/index.php?rest_route=\/wp\/v2\/posts\/37216\/revisions"}],"predecessor-version":[{"id":37218,"href":"https:\/\/radiorevelacionfm.cl\/index.php?rest_route=\/wp\/v2\/posts\/37216\/revisions\/37218"}],"wp:featuredmedia":[{"embeddable":true,"href":"https:\/\/radiorevelacionfm.cl\/index.php?rest_route=\/wp\/v2\/media\/37217"}],"wp:attachment":[{"href":"https:\/\/radiorevelacionfm.cl\/index.php?rest_route=%2Fwp%2Fv2%2Fmedia&parent=37216"}],"wp:term":[{"taxonomy":"category","embeddable":true,"href":"https:\/\/radiorevelacionfm.cl\/index.php?rest_route=%2Fwp%2Fv2%2Fcategories&post=37216"},{"taxonomy":"post_tag","embeddable":true,"href":"https:\/\/radiorevelacionfm.cl\/index.php?rest_route=%2Fwp%2Fv2%2Ftags&post=37216"}],"curies":[{"name":"wp","href":"https:\/\/api.w.org\/{rel}","templated":true}]}}