{"id":37212,"date":"2023-11-21T15:51:39","date_gmt":"2023-11-21T18:51:39","guid":{"rendered":"https:\/\/radiorevelacionfm.cl\/?p=37212"},"modified":"2023-11-21T15:51:39","modified_gmt":"2023-11-21T18:51:39","slug":"organizaciones-de-personas-mayores-de-la-provincia-general-carrera-reciben-fondo-nacional-de-adulto-mayor","status":"publish","type":"post","link":"https:\/\/radiorevelacionfm.cl\/?p=37212","title":{"rendered":"Organizaciones de personas mayores de la Provincia General Carrera reciben Fondo Nacional de Adulto Mayor"},"content":{"rendered":"<div class=\"flex_column av_one_full  flex_column_div av-zero-column-padding first  avia-builder-el-0  el_before_av_one_full  avia-builder-el-first  \" style='border-radius:0px; '><div  class='avia-image-container  av-styling-    avia-builder-el-1  avia-builder-el-no-sibling  avia-align-center '  itemprop=\"image\" itemscope=\"itemscope\" itemtype=\"https:\/\/schema.org\/ImageObject\"  ><div class='avia-image-container-inner'><div class='avia-image-overlay-wrap'><img decoding=\"async\" class='wp-image-37213 avia-img-lazy-loading-not-37213 avia_image' src=\"https:\/\/radiorevelacionfm.cl\/wp-content\/uploads\/2023\/11\/fondos2-1_optimized.jpeg\" alt='' title='fondos2-(1)_optimized' height=\"600\" width=\"1067\"  itemprop=\"thumbnailUrl\" srcset=\"https:\/\/radiorevelacionfm.cl\/wp-content\/uploads\/2023\/11\/fondos2-1_optimized.jpeg 1067w, https:\/\/radiorevelacionfm.cl\/wp-content\/uploads\/2023\/11\/fondos2-1_optimized-300x169.jpeg 300w, https:\/\/radiorevelacionfm.cl\/wp-content\/uploads\/2023\/11\/fondos2-1_optimized-1030x579.jpeg 1030w, https:\/\/radiorevelacionfm.cl\/wp-content\/uploads\/2023\/11\/fondos2-1_optimized-768x432.jpeg 768w, https:\/\/radiorevelacionfm.cl\/wp-content\/uploads\/2023\/11\/fondos2-1_optimized-705x396.jpeg 705w, https:\/\/radiorevelacionfm.cl\/wp-content\/uploads\/2023\/11\/fondos2-1_optimized-450x253.jpeg 450w, https:\/\/radiorevelacionfm.cl\/wp-content\/uploads\/2023\/11\/fondos2-1_optimized-600x337.jpeg 600w\" sizes=\"(max-width: 1067px) 100vw, 1067px\" \/><\/div><\/div><\/div><\/div><div class=\"flex_column av_one_full  flex_column_div av-zero-column-padding first  avia-builder-el-2  el_after_av_one_full  el_before_av_one_full  column-top-margin\" style='border-radius:0px; '><section class=\"av_textblock_section \"  itemscope=\"itemscope\" itemtype=\"https:\/\/schema.org\/BlogPosting\" itemprop=\"blogPost\" ><div class='avia_textblock  '   itemprop=\"text\" ><p style=\"text-align: center;\"><strong><span style=\"font-size: 18pt;\">Organizaciones de personas mayores de la Provincia General Carrera reciben Fondo Nacional de Adulto Mayor <\/span><\/strong><\/p>\n<div id=\"gtx-trans\" style=\"position: absolute; left: -50px; top: 4.31534px;\">\n<div class=\"gtx-trans-icon\"><\/div>\n<\/div>\n<\/div><\/section><\/div><div class=\"flex_column av_one_full  flex_column_div av-zero-column-padding first  avia-builder-el-4  el_after_av_one_full  el_before_av_hr  column-top-margin\" style='border-radius:0px; '><section class=\"av_textblock_section \"  itemscope=\"itemscope\" itemtype=\"https:\/\/schema.org\/BlogPosting\" itemprop=\"blogPost\" ><div class='avia_textblock  '   itemprop=\"text\" ><p style=\"text-align: justify;\">Hasta la Pen\u00ednsula Levic\u00e1n se trasladaron 3 organizaciones de personas mayores para recibir el Fondo Nacional de Adulto Mayor que entrega el Ministerio de Desarrollo Social a trav\u00e9s de Senama, financiamiento que les permitir\u00e1 fortalecer a la organizaci\u00f3n.<\/p>\n<p style=\"text-align: justify;\">A la ceremonia de entrega asistieron la Uni\u00f3n Comunal de Clubes de Adultos Mayores de la comuna de R\u00edo Ib\u00e1\u00f1ez, el Club de Adultos Mayores La Amistad de Bah\u00eda Murta y la Asociaci\u00f3n de Pensionados y Jubilados Humberto Orellana Mella de Chile Chico, en donde la Seremi de Desarrollo Social Karina Acevedo destac\u00f3 que \u00abEste\u00a0Fondo\u00a0que les permite a las agrupaciones autogestionarse, son proyectos donde presentan los requerimientos que ellos han definido como prioritarios, por ejemplo desde un baile a un encuentro comunal. Entonces para nosotros, como Gobierno es tremendamente importante ver que nuestras personas mayores se organizan, as\u00ed que los invitamos a que se motiven, se activen, hagan su club de personas mayores, una uni\u00f3n comunal y participen de estas postulaciones\u00bb.<\/p>\n<p style=\"text-align: justify;\">Entre los adjudicados est\u00e1 Elena S\u00e1ez, representante de la Asociaci\u00f3n de Pensionados y Jubilados Humberto Orellana Mella de Chile Chico quien detall\u00f3 el uso de los recursos \u00abEs un est\u00edmulo para la agrupaci\u00f3n, porque eso permite que nosotros nos reunamos m\u00e1s, que participemos, que hagamos convivencia. De hecho, nosotros decidimos hacer una comida. es importante que exista este beneficio porque nos permite que los adultos mayores nos incentivemos m\u00e1s, hagamos vida social, que tengamos otras instancias en la etapa de vida que estamos\u00bb, mientras que Deyanira Mu\u00f1oz Aguilar del Club adulto mayor La amistad de Bah\u00eda Murta coment\u00f3 que \u00abes un anhelado proyecto, recibimos un mill\u00f3n de pesos, donde pudimos comprar todo lo que es la implementaci\u00f3n de la cocina de nuestra sede comunitaria que tenemos en Bah\u00eda Murta y tambi\u00e9n menaje de casa. Nos vamos muy felices de habernos adjudicado este proyecto porque viene en beneficio de toda la comunidad. As\u00ed que totalmente agradecida de Senama y de todas las autoridades que siempre nos est\u00e1n apoyando, de la oficina del adulto mayor, que siempre est\u00e1n junto a nosotros y nos incentivan\u00bb.<\/p>\n<p class=\"v1elementToProof\" style=\"text-align: justify;\">Por su lado Crist\u00f3bal Barcel\u00f3, Delegado Presidencial Provincial de General Carrera valor\u00f3 el convenio de trabajo que tienen con Senama agregando que \u00abes muy importante en el Plan de acompa\u00f1amiento el eje de seguridad social que\u00a0significa un trabajo directo con las comunidades. Nuestras personas mayores son prioritarias de acuerdo al mandato de nuestro presidente Gabriel\u00a0Boric\u00a0y eso significa tambi\u00e9n trabajar con ellos, escuchar sus necesidades, estar finalmente trabajando directamente con cada uno de los desaf\u00edos que tienen. Se entregaron 3 fondos en nuestra provincia que viene\u00a0a ayudar y apoyar a todas las\u00a0personas mayores\u00bb.<\/p>\n<p style=\"text-align: justify;\">En la ceremonia de entrega particip\u00f3 el alcalde de la comuna de R\u00edo Ib\u00e1\u00f1ez Juan Saldivia Cea, quien felicit\u00f3 las iniciativas de las organizaciones de personas mayores \u00abqueremos agradecer el apoyo de parte de la delegaci\u00f3n provincial, como as\u00ed tambi\u00e9n de la seremi de Desarrollo Social y Familia a trav\u00e9s de Senama para entregar estos \u00a0recursos y la verdad es que para nuestros adultos mayores tambi\u00e9n es muy gratificante poder tener este apoyo que les permiten realizar diversas actividades, como as\u00ed tambi\u00e9n poder mejorar su sede, por lo tanto estamos sumamente agradecidos, esperando tambi\u00e9n que esto se pueda replicar el pr\u00f3ximo a\u00f1o\u00bb.<\/p>\n<p class=\"v1elementToProof\" style=\"text-align: justify;\">Hay que destacar que el Fondo Nacional de Adulto Mayor beneficia a las cuatro provincias de la regi\u00f3n de Ays\u00e9n, siendo en total 35 organizaciones con un total de 38 millones de pesos quienes estar\u00e1 ejecutando sus proyectos hasta el mes de diciembre de este a\u00f1o y que podr\u00e1n volver a postular en marzo del 2024.<\/p>\n<\/div><\/section><\/div><div  style='height:50px' class='hr hr-invisible   avia-builder-el-6  el_after_av_one_full  el_before_av_social_share '><span class='hr-inner ' ><span class='hr-inner-style'><\/span><\/span><\/div><\/p>\n<div  class='av-social-sharing-box  avia-builder-el-7  el_after_av_hr  el_before_av_hr  '><div class='av-share-box'><h5 class='av-share-link-description av-no-toc '>Compartir esta noticia<\/h5><ul class='av-share-box-list noLightbox'><li class='av-share-link av-social-link-facebook' ><a target=\"_blank\" aria-label=\"Compartir en Facebook\" href='https:\/\/www.facebook.com\/sharer.php?u=https:\/\/radiorevelacionfm.cl\/?p=37212&#038;t=Organizaciones%20de%20personas%20mayores%20de%20la%20Provincia%20General%20Carrera%20reciben%20Fondo%20Nacional%20de%20Adulto%20Mayor' aria-hidden='false' data-av_icon='\ue8f3' data-av_iconfont='entypo-fontello' title='' data-avia-related-tooltip='Compartir en Facebook' rel=\"noopener\"><span class='avia_hidden_link_text'>Compartir en Facebook<\/span><\/a><\/li><li class='av-share-link av-social-link-twitter' ><a target=\"_blank\" aria-label=\"Compartir en Twitter\" href='https:\/\/twitter.com\/share?text=Organizaciones%20de%20personas%20mayores%20de%20la%20Provincia%20General%20Carrera%20reciben%20Fondo%20Nacional%20de%20Adulto%20Mayor&#038;url=https:\/\/radiorevelacionfm.cl\/?p=37212' aria-hidden='false' data-av_icon='\ue8f1' data-av_iconfont='entypo-fontello' title='' data-avia-related-tooltip='Compartir en Twitter' rel=\"noopener\"><span class='avia_hidden_link_text'>Compartir en Twitter<\/span><\/a><\/li><li class='av-share-link av-social-link-whatsapp' ><a target=\"_blank\" aria-label=\"Compartir en Whatsapp\" href='https:\/\/api.whatsapp.com\/send?text=https:\/\/radiorevelacionfm.cl\/?p=37212' aria-hidden='false' data-av_icon='\uf232' data-av_iconfont='entypo-fontello' title='' data-avia-related-tooltip='Compartir en Whatsapp' rel=\"noopener\"><span class='avia_hidden_link_text'>Compartir en Whatsapp<\/span><\/a><\/li><li class='av-share-link av-social-link-linkedin' ><a target=\"_blank\" aria-label=\"Compartir en LinkedIn\" href='https:\/\/linkedin.com\/shareArticle?mini=true&#038;title=Organizaciones%20de%20personas%20mayores%20de%20la%20Provincia%20General%20Carrera%20reciben%20Fondo%20Nacional%20de%20Adulto%20Mayor&#038;url=https:\/\/radiorevelacionfm.cl\/?p=37212' aria-hidden='false' data-av_icon='\ue8fc' data-av_iconfont='entypo-fontello' title='' data-avia-related-tooltip='Compartir en LinkedIn' rel=\"noopener\"><span class='avia_hidden_link_text'>Compartir en LinkedIn<\/span><\/a><\/li><li class='av-share-link av-social-link-mail' ><a  aria-label=\"Compartir por correo\" href='mailto:?subject=Organizaciones%20de%20personas%20mayores%20de%20la%20Provincia%20General%20Carrera%20reciben%20Fondo%20Nacional%20de%20Adulto%20Mayor&#038;body=https:\/\/radiorevelacionfm.cl\/?p=37212' aria-hidden='false' data-av_icon='\ue805' data-av_iconfont='entypo-fontello' title='' data-avia-related-tooltip='Compartir por correo'><span class='avia_hidden_link_text'>Compartir por correo<\/span><\/a><\/li><\/ul><\/div><\/div>\n<div  style='height:50px' class='hr hr-invisible   avia-builder-el-8  el_after_av_social_share  el_before_av_comments_list '><span class='hr-inner ' ><span class='hr-inner-style'><\/span><\/span><\/div>\n<div  class='av-buildercomment  av-blog-meta-html-info-disabled av-blog-meta-tag-disabled  '><\/div>\n","protected":false},"excerpt":{"rendered":"","protected":false},"author":1,"featured_media":37213,"comment_status":"open","ping_status":"open","sticky":false,"template":"","format":"standard","meta":{"footnotes":""},"categories":[38],"tags":[],"class_list":["post-37212","post","type-post","status-publish","format-standard","has-post-thumbnail","hentry","category-regional"],"jetpack_featured_media_url":"https:\/\/radiorevelacionfm.cl\/wp-content\/uploads\/2023\/11\/fondos2-1_optimized.jpeg","_links":{"self":[{"href":"https:\/\/radiorevelacionfm.cl\/index.php?rest_route=\/wp\/v2\/posts\/37212","targetHints":{"allow":["GET"]}}],"collection":[{"href":"https:\/\/radiorevelacionfm.cl\/index.php?rest_route=\/wp\/v2\/posts"}],"about":[{"href":"https:\/\/radiorevelacionfm.cl\/index.php?rest_route=\/wp\/v2\/types\/post"}],"author":[{"embeddable":true,"href":"https:\/\/radiorevelacionfm.cl\/index.php?rest_route=\/wp\/v2\/users\/1"}],"replies":[{"embeddable":true,"href":"https:\/\/radiorevelacionfm.cl\/index.php?rest_route=%2Fwp%2Fv2%2Fcomments&post=37212"}],"version-history":[{"count":1,"href":"https:\/\/radiorevelacionfm.cl\/index.php?rest_route=\/wp\/v2\/posts\/37212\/revisions"}],"predecessor-version":[{"id":37214,"href":"https:\/\/radiorevelacionfm.cl\/index.php?rest_route=\/wp\/v2\/posts\/37212\/revisions\/37214"}],"wp:featuredmedia":[{"embeddable":true,"href":"https:\/\/radiorevelacionfm.cl\/index.php?rest_route=\/wp\/v2\/media\/37213"}],"wp:attachment":[{"href":"https:\/\/radiorevelacionfm.cl\/index.php?rest_route=%2Fwp%2Fv2%2Fmedia&parent=37212"}],"wp:term":[{"taxonomy":"category","embeddable":true,"href":"https:\/\/radiorevelacionfm.cl\/index.php?rest_route=%2Fwp%2Fv2%2Fcategories&post=37212"},{"taxonomy":"post_tag","embeddable":true,"href":"https:\/\/radiorevelacionfm.cl\/index.php?rest_route=%2Fwp%2Fv2%2Ftags&post=37212"}],"curies":[{"name":"wp","href":"https:\/\/api.w.org\/{rel}","templated":true}]}}