{"id":3721,"date":"2021-05-02T17:19:06","date_gmt":"2021-05-02T20:19:06","guid":{"rendered":"https:\/\/radiorevelacionfm.cl\/?p=3721"},"modified":"2021-05-02T17:19:06","modified_gmt":"2021-05-02T20:19:06","slug":"segun-encuesta-el-78-de-establecimientos-en-cuarentena-se-siente-preparado-para-abrir-cuando-las-condiciones-lo-permitan","status":"publish","type":"post","link":"https:\/\/radiorevelacionfm.cl\/?p=3721","title":{"rendered":"Seg\u00fan encuesta el 78% de establecimientos en cuarentena se siente preparado para abrir cuando las condiciones lo permitan"},"content":{"rendered":"<div class=\"flex_column av_one_full  flex_column_div av-zero-column-padding first  avia-builder-el-0  el_before_av_one_full  avia-builder-el-first  \" style='border-radius:0px; '><div  class='avia-image-container  av-styling-    avia-builder-el-1  avia-builder-el-no-sibling  avia-align-center '  itemprop=\"image\" itemscope=\"itemscope\" itemtype=\"https:\/\/schema.org\/ImageObject\"  ><div class='avia-image-container-inner'><div class='avia-image-overlay-wrap'><img decoding=\"async\" class='wp-image-3722 avia-img-lazy-loading-not-3722 avia_image' src=\"https:\/\/radiorevelacionfm.cl\/wp-content\/uploads\/2021\/05\/Sala-Clases4.jpg\" alt='' title='Sala Clases4' height=\"746\" width=\"1200\"  itemprop=\"thumbnailUrl\" srcset=\"https:\/\/radiorevelacionfm.cl\/wp-content\/uploads\/2021\/05\/Sala-Clases4.jpg 1200w, https:\/\/radiorevelacionfm.cl\/wp-content\/uploads\/2021\/05\/Sala-Clases4-300x187.jpg 300w, https:\/\/radiorevelacionfm.cl\/wp-content\/uploads\/2021\/05\/Sala-Clases4-1030x640.jpg 1030w, https:\/\/radiorevelacionfm.cl\/wp-content\/uploads\/2021\/05\/Sala-Clases4-768x477.jpg 768w, https:\/\/radiorevelacionfm.cl\/wp-content\/uploads\/2021\/05\/Sala-Clases4-705x438.jpg 705w, https:\/\/radiorevelacionfm.cl\/wp-content\/uploads\/2021\/05\/Sala-Clases4-600x373.jpg 600w\" sizes=\"(max-width: 1200px) 100vw, 1200px\" \/><\/div><\/div><\/div><\/div><div class=\"flex_column av_one_full  flex_column_div av-zero-column-padding first  avia-builder-el-2  el_after_av_one_full  el_before_av_one_full  column-top-margin\" style='border-radius:0px; '><section class=\"av_textblock_section \"  itemscope=\"itemscope\" itemtype=\"https:\/\/schema.org\/BlogPosting\" itemprop=\"blogPost\" ><div class='avia_textblock  '   itemprop=\"text\" ><p style=\"text-align: center;\"><strong><span style=\"font-size: 18pt;\">Seg\u00fan encuesta el 78% de establecimientos en cuarentena se siente preparado para abrir cuando las condiciones lo permitan<\/span><\/strong><\/p>\n<div id=\"gtx-trans\" style=\"position: absolute; left: -50px; top: 4.31534px;\">\n<div class=\"gtx-trans-icon\"><\/div>\n<\/div>\n<\/div><\/section><\/div><div class=\"flex_column av_one_full  flex_column_div av-zero-column-padding first  avia-builder-el-4  el_after_av_one_full  el_before_av_hr  column-top-margin\" style='border-radius:0px; '><section class=\"av_textblock_section \"  itemscope=\"itemscope\" itemtype=\"https:\/\/schema.org\/BlogPosting\" itemprop=\"blogPost\" ><div class='avia_textblock  '   itemprop=\"text\" ><p style=\"text-align: justify;\">La Encuesta Nacional de Monitoreo Escolar en Pandemia es el primer instrumento que medir\u00e1 el funcionamiento de los establecimientos educacionales durante la emergencia sanitaria. Se trata de un esfuerzo interinstitucional entre las universidades de Chile y Cat\u00f3lica, junto con el Ministerio de Educaci\u00f3n, que mostrar\u00e1 resultados cada tres semanas. El objetivo: apoyar la toma de decisiones para los sostenedores, comunidades educacionales y para las pol\u00edticas p\u00fablicas.<\/p>\n<p style=\"text-align: justify;\">El 78% de los establecimientos en fase 1 se declara preparado para abrir cuando las condiciones sanitarias lo permitan. Mientras que, de los establecimientos con clases presenciales, la mitad reporta recibir a sus estudiantes todos los d\u00edas, en su mayor\u00eda en jornada reducida.<\/p>\n<p style=\"text-align: justify;\">Estos son algunos de los resultados de la primera Encuesta Nacional de Monitoreo Escolar en Pandemia, elaborada entre el Ministerio de Educaci\u00f3n, la Escuela de Gobierno y el Instituto de Sociolog\u00eda de la Universidad Cat\u00f3lica y el Centro de Investigaci\u00f3n Avanzada en Educaci\u00f3n (CIAE) de la Universidad de Chile, y con el apoyo del Centro de Pol\u00edticas P\u00fablicas UC, la cual respondieron 3.241 establecimientos educativos entre el 19 y 26 de abril.<\/p>\n<p style=\"text-align: justify;\">Este trabajo consiste en un seguimiento tri-semanal que se realizar\u00e1 entre establecimientos educacionales durante la duraci\u00f3n de la pandemia para ver qu\u00e9 factores contribuyen al desarrollo de las clases. La encuesta se env\u00eda a un universo de 9.450 colegios. El objetivo: saber c\u00f3mo se est\u00e1 llevando a cabo el a\u00f1o escolar en vista de la incertidumbre por la cual navegan las comunidades escolares producto de la situaci\u00f3n sanitaria, y as\u00ed apoyar la toma de decisiones y guiar las pol\u00edticas p\u00fablicas.<\/p>\n<p style=\"text-align: justify;\">\u00abEsta encuesta nos permite escuchar la voz de los establecimientos educacionales y conocer con claridad c\u00f3mo se est\u00e1n preparando, para volver a las actividades presenciales en forma gradual y segura. Hemos podido apreciar que\u00a0 est\u00e1n en condiciones y expectantes de volver a las actividades presenciales una vez que terminen las cuarentenas. Adem\u00e1s, en el caso de los establecimientos municipales vemos c\u00f3mo existe una disparidad de criterio entre el sostenedor y los directores, que se\u00f1alan estar en condiciones, pero que no pueden abrir porque el sostenedor no ha tomado a\u00fan la decisi\u00f3n\u00bb, se\u00f1al\u00f3 el ministro de Educaci\u00f3n, Ra\u00fal Figueroa.<\/p>\n<p style=\"text-align: justify;\">\u00abEste esfuerzo interinstitucional entrega informaci\u00f3n relativamente real sobre qu\u00e9 est\u00e1 sucediendo, cuando las escuelas est\u00e1n cerradas y est\u00e1n abriendo, qu\u00e9 problem\u00e1ticas han visto los directores, c\u00f3mo es el v\u00ednculo a distancia y en t\u00e9rminos presenciales. Nos entrega informaci\u00f3n valiosa para conocer esa situaci\u00f3n, para definir pol\u00edticas y estrategias, prioridades, para poner foco y tambi\u00e9n nos permite identificar buenas pr\u00e1cticas\u00bb, explica Juan Pablo Valenzuela, acad\u00e9mico del IE e investigador del CIAE de la U. de Chile.<\/p>\n<p style=\"text-align: justify;\"><b>Primeros resultados<\/b><\/p>\n<p style=\"text-align: justify;\">Hasta el momento, se han enviado dos encuestas. En su primer reporte, 2.808 establecimientos educativos contestaron el cuestionario bas\u00e1ndose en la actividad de la semana del 22 al 26 de marzo e incluyendo clases presenciales y remotas. En ese momento, el 45% de los establecimientos localizados en una comuna en Fase 2 o superior tuvo clases presenciales y no se observaron diferencias sustantivas entre establecimientos urbanos y rurales.<\/p>\n<p style=\"text-align: justify;\">Un segundo reporte refleja el funcionamiento de los establecimientos educacionales entre el lunes 12 y viernes 16\u00a0de abril, incluyendo clases presenciales y remotas. El 86,2% estaba en fase 1. De los establecimientos en Fase 2 (o superior), el 47% declar\u00f3 haber tenido clases presenciales.<\/p>\n<p style=\"text-align: justify;\">\u00abCasi todos los establecimientos educacionales, tanto los que ofrecen clases presenciales como los que no ofrecen, mantienen actividades remotas las cuales principalmente se basan en clases sincr\u00f3nicas -en tiempo real entre profesor y sus estudiantes- y con materiales en papel, como libros y textos escolares. La \u00fanica excepci\u00f3n son los colegios particulares que usan plataformas para entregar el contenido de las salas de clases\u00bb, explica respecto a la informaci\u00f3n recabada la profesora de la escuela de Gobierno UC, Susana Claro.<\/p>\n<p style=\"text-align: justify;\">En la segunda encuesta, frente a la decisi\u00f3n de no abrir los colegios, a\u00fan estando desde fase 2 en adelante, un 74% de los recintos municipales y el 22% de los subvencionados se\u00f1ala que esto se debe a una decisi\u00f3n del sostenedor, mientras que en el caso en los particulares esta cifra llega a 33% y a 6% en caso de los establecimientos administrador por los Servicios Locales de Educaci\u00f3n.<\/p>\n<p style=\"text-align: justify;\">Respecto a los colegios que recibieron estudiantes diariamente, la cifra aument\u00f3 de un 35% a un 50% durante ambos periodos en observaci\u00f3n, mientras que los establecimientos que alternaron d\u00edas durante la semana pasaron de 65% a un 50%.<\/p>\n<p style=\"text-align: justify;\">\u00abEsa educaci\u00f3n h\u00edbrida al mismo tiempo va a seguir complementariamente para algunos y para muchos otros solo ser\u00e1 la parte fundamental y en ella se juega gran parte del cierre de las brechas de aprendizaje\u00bb, agrega Juan Pablo Valenzuela.<\/p>\n<p style=\"text-align: justify;\"><b>V\u00ednculo con los estudiantes<\/b><\/p>\n<p style=\"text-align: justify;\">La encuesta dio cuenta tambi\u00e9n que en el periodo del 12 al 16 de abril, el 96% de los establecimientos encuestados tuvo clases remotas y el 71% de las actividades remotas fueron clases sincr\u00f3nicas. Asimismo, la mayor\u00eda de los establecimientos mantiene contacto con sus estudiantes sin conexi\u00f3n a trav\u00e9s de llamados telef\u00f3nicos (89%) o entrega de materiales (80%), siendo los textos escolares y aplicaciones para videoconferencias las herramientas m\u00e1s utilizadas para conectarse entre profesor y sus estudiantes.<\/p>\n<p style=\"text-align: justify;\">\u00abMuy importante es el esfuerzo que est\u00e1n haciendo los establecimientos educacionales en vincularse con los estudiantes que no se pueden conectar a las actividades remotas. Por ejemplo, son los establecimientos que se dirigen a la casa de los estudiantes para retomar la vinculaci\u00f3n\u00bb, explica la acad\u00e9mica, agregando que en el tercer reporte esperan adem\u00e1s profundizar en las causas por las cuales algunos sostenedores no han podido abrir colegios.<\/p>\n<\/div><\/section><\/div><div  style='height:50px' class='hr hr-invisible   avia-builder-el-6  el_after_av_one_full  el_before_av_social_share '><span class='hr-inner ' ><span class='hr-inner-style'><\/span><\/span><\/div><\/p>\n<div  class='av-social-sharing-box  avia-builder-el-7  el_after_av_hr  el_before_av_hr  '><div class='av-share-box'><h5 class='av-share-link-description av-no-toc '>Compartir esta noticia<\/h5><ul class='av-share-box-list noLightbox'><li class='av-share-link av-social-link-facebook' ><a target=\"_blank\" aria-label=\"Compartir en Facebook\" href='https:\/\/www.facebook.com\/sharer.php?u=https:\/\/radiorevelacionfm.cl\/?p=3721&#038;t=Seg%C3%BAn%20encuesta%20el%2078%25%20de%20establecimientos%20en%20cuarentena%20se%20siente%20preparado%20para%20abrir%20cuando%20las%20condiciones%20lo%20permitan' aria-hidden='false' data-av_icon='\ue8f3' data-av_iconfont='entypo-fontello' title='' data-avia-related-tooltip='Compartir en Facebook' rel=\"noopener\"><span class='avia_hidden_link_text'>Compartir en Facebook<\/span><\/a><\/li><li class='av-share-link av-social-link-twitter' ><a target=\"_blank\" aria-label=\"Compartir en Twitter\" href='https:\/\/twitter.com\/share?text=Seg%C3%BAn%20encuesta%20el%2078%25%20de%20establecimientos%20en%20cuarentena%20se%20siente%20preparado%20para%20abrir%20cuando%20las%20condiciones%20lo%20permitan&#038;url=https:\/\/radiorevelacionfm.cl\/?p=3721' aria-hidden='false' data-av_icon='\ue8f1' data-av_iconfont='entypo-fontello' title='' data-avia-related-tooltip='Compartir en Twitter' rel=\"noopener\"><span class='avia_hidden_link_text'>Compartir en Twitter<\/span><\/a><\/li><li class='av-share-link av-social-link-whatsapp' ><a target=\"_blank\" aria-label=\"Compartir en Whatsapp\" href='https:\/\/api.whatsapp.com\/send?text=https:\/\/radiorevelacionfm.cl\/?p=3721' aria-hidden='false' data-av_icon='\uf232' data-av_iconfont='entypo-fontello' title='' data-avia-related-tooltip='Compartir en Whatsapp' rel=\"noopener\"><span class='avia_hidden_link_text'>Compartir en Whatsapp<\/span><\/a><\/li><li class='av-share-link av-social-link-linkedin' ><a target=\"_blank\" aria-label=\"Compartir en LinkedIn\" href='https:\/\/linkedin.com\/shareArticle?mini=true&#038;title=Seg%C3%BAn%20encuesta%20el%2078%25%20de%20establecimientos%20en%20cuarentena%20se%20siente%20preparado%20para%20abrir%20cuando%20las%20condiciones%20lo%20permitan&#038;url=https:\/\/radiorevelacionfm.cl\/?p=3721' aria-hidden='false' data-av_icon='\ue8fc' data-av_iconfont='entypo-fontello' title='' data-avia-related-tooltip='Compartir en LinkedIn' rel=\"noopener\"><span class='avia_hidden_link_text'>Compartir en LinkedIn<\/span><\/a><\/li><li class='av-share-link av-social-link-mail' ><a  aria-label=\"Compartir por correo\" href='mailto:?subject=Seg%C3%BAn%20encuesta%20el%2078%25%20de%20establecimientos%20en%20cuarentena%20se%20siente%20preparado%20para%20abrir%20cuando%20las%20condiciones%20lo%20permitan&#038;body=https:\/\/radiorevelacionfm.cl\/?p=3721' aria-hidden='false' data-av_icon='\ue805' data-av_iconfont='entypo-fontello' title='' data-avia-related-tooltip='Compartir por correo'><span class='avia_hidden_link_text'>Compartir por correo<\/span><\/a><\/li><\/ul><\/div><\/div>\n<div  style='height:50px' class='hr hr-invisible   avia-builder-el-8  el_after_av_social_share  el_before_av_comments_list '><span class='hr-inner ' ><span class='hr-inner-style'><\/span><\/span><\/div>\n<div  class='av-buildercomment  av-blog-meta-html-info-disabled av-blog-meta-tag-disabled  '><\/div>\n","protected":false},"excerpt":{"rendered":"","protected":false},"author":1,"featured_media":3722,"comment_status":"open","ping_status":"open","sticky":false,"template":"","format":"standard","meta":{"footnotes":""},"categories":[49],"tags":[],"class_list":["post-3721","post","type-post","status-publish","format-standard","has-post-thumbnail","hentry","category-educacion"],"jetpack_featured_media_url":"https:\/\/radiorevelacionfm.cl\/wp-content\/uploads\/2021\/05\/Sala-Clases4.jpg","_links":{"self":[{"href":"https:\/\/radiorevelacionfm.cl\/index.php?rest_route=\/wp\/v2\/posts\/3721","targetHints":{"allow":["GET"]}}],"collection":[{"href":"https:\/\/radiorevelacionfm.cl\/index.php?rest_route=\/wp\/v2\/posts"}],"about":[{"href":"https:\/\/radiorevelacionfm.cl\/index.php?rest_route=\/wp\/v2\/types\/post"}],"author":[{"embeddable":true,"href":"https:\/\/radiorevelacionfm.cl\/index.php?rest_route=\/wp\/v2\/users\/1"}],"replies":[{"embeddable":true,"href":"https:\/\/radiorevelacionfm.cl\/index.php?rest_route=%2Fwp%2Fv2%2Fcomments&post=3721"}],"version-history":[{"count":1,"href":"https:\/\/radiorevelacionfm.cl\/index.php?rest_route=\/wp\/v2\/posts\/3721\/revisions"}],"predecessor-version":[{"id":3723,"href":"https:\/\/radiorevelacionfm.cl\/index.php?rest_route=\/wp\/v2\/posts\/3721\/revisions\/3723"}],"wp:featuredmedia":[{"embeddable":true,"href":"https:\/\/radiorevelacionfm.cl\/index.php?rest_route=\/wp\/v2\/media\/3722"}],"wp:attachment":[{"href":"https:\/\/radiorevelacionfm.cl\/index.php?rest_route=%2Fwp%2Fv2%2Fmedia&parent=3721"}],"wp:term":[{"taxonomy":"category","embeddable":true,"href":"https:\/\/radiorevelacionfm.cl\/index.php?rest_route=%2Fwp%2Fv2%2Fcategories&post=3721"},{"taxonomy":"post_tag","embeddable":true,"href":"https:\/\/radiorevelacionfm.cl\/index.php?rest_route=%2Fwp%2Fv2%2Ftags&post=3721"}],"curies":[{"name":"wp","href":"https:\/\/api.w.org\/{rel}","templated":true}]}}