{"id":37209,"date":"2023-11-21T15:02:23","date_gmt":"2023-11-21T18:02:23","guid":{"rendered":"https:\/\/radiorevelacionfm.cl\/?p=37209"},"modified":"2023-11-21T15:02:23","modified_gmt":"2023-11-21T18:02:23","slug":"familias-de-rio-ibanez-concretan-mejoras-en-sus-viviendas-gracias-a-programa-de-habitabilidad","status":"publish","type":"post","link":"https:\/\/radiorevelacionfm.cl\/?p=37209","title":{"rendered":"Familias de R\u00edo Ib\u00e1\u00f1ez concretan mejoras en sus viviendas gracias a programa de Habitabilidad"},"content":{"rendered":"<div class=\"flex_column av_one_full  flex_column_div av-zero-column-padding first  avia-builder-el-0  el_before_av_one_full  avia-builder-el-first  \" style='border-radius:0px; '><div  class='avia-image-container  av-styling-    avia-builder-el-1  avia-builder-el-no-sibling  avia-align-center '  itemprop=\"image\" itemscope=\"itemscope\" itemtype=\"https:\/\/schema.org\/ImageObject\"  ><div class='avia-image-container-inner'><div class='avia-image-overlay-wrap'><img decoding=\"async\" class='wp-image-37210 avia-img-lazy-loading-not-37210 avia_image' src=\"https:\/\/radiorevelacionfm.cl\/wp-content\/uploads\/2023\/11\/Habitabilidad-Rio-Ibanez-1.jpeg\" alt='' title='Habitabilidad R\u00edo Ib\u00e1\u00f1ez (1)' height=\"607\" width=\"1080\"  itemprop=\"thumbnailUrl\" srcset=\"https:\/\/radiorevelacionfm.cl\/wp-content\/uploads\/2023\/11\/Habitabilidad-Rio-Ibanez-1.jpeg 1080w, https:\/\/radiorevelacionfm.cl\/wp-content\/uploads\/2023\/11\/Habitabilidad-Rio-Ibanez-1-300x169.jpeg 300w, https:\/\/radiorevelacionfm.cl\/wp-content\/uploads\/2023\/11\/Habitabilidad-Rio-Ibanez-1-1030x579.jpeg 1030w, https:\/\/radiorevelacionfm.cl\/wp-content\/uploads\/2023\/11\/Habitabilidad-Rio-Ibanez-1-768x432.jpeg 768w, https:\/\/radiorevelacionfm.cl\/wp-content\/uploads\/2023\/11\/Habitabilidad-Rio-Ibanez-1-705x396.jpeg 705w, https:\/\/radiorevelacionfm.cl\/wp-content\/uploads\/2023\/11\/Habitabilidad-Rio-Ibanez-1-450x253.jpeg 450w, https:\/\/radiorevelacionfm.cl\/wp-content\/uploads\/2023\/11\/Habitabilidad-Rio-Ibanez-1-600x337.jpeg 600w\" sizes=\"(max-width: 1080px) 100vw, 1080px\" \/><\/div><\/div><\/div><\/div><div class=\"flex_column av_one_full  flex_column_div av-zero-column-padding first  avia-builder-el-2  el_after_av_one_full  el_before_av_one_full  column-top-margin\" style='border-radius:0px; '><section class=\"av_textblock_section \"  itemscope=\"itemscope\" itemtype=\"https:\/\/schema.org\/BlogPosting\" itemprop=\"blogPost\" ><div class='avia_textblock  '   itemprop=\"text\" ><p style=\"text-align: center;\"><span style=\"font-size: 18pt;\"><strong>Familias de R\u00edo Ib\u00e1\u00f1ez concretan mejoras en sus viviendas gracias a programa de Habitabilidad<\/strong><\/span><\/p>\n<div id=\"gtx-trans\" style=\"position: absolute; left: -50px; top: 4.31534px;\">\n<div class=\"gtx-trans-icon\"><\/div>\n<\/div>\n<\/div><\/section><\/div><div class=\"flex_column av_one_full  flex_column_div av-zero-column-padding first  avia-builder-el-4  el_after_av_one_full  el_before_av_hr  column-top-margin\" style='border-radius:0px; '><section class=\"av_textblock_section \"  itemscope=\"itemscope\" itemtype=\"https:\/\/schema.org\/BlogPosting\" itemprop=\"blogPost\" ><div class='avia_textblock  '   itemprop=\"text\" ><p style=\"text-align: justify;\">Hasta Puerto Ib\u00e1\u00f1ez lleg\u00f3 la Seremi de Desarrollo Social y Familia, Karina Acevedo, acompa\u00f1ada de la Directora Regional del FOSIS, Fernanda Leiva, para compartir con las seis familias de la comuna de R\u00edo Ib\u00e1\u00f1ez que recibieron soluciones constructivas, equipamiento y talleres, gracias al programa de Habitabilidad.<\/p>\n<p style=\"text-align: justify;\">Daniela Vera, usuarias del programa de Habitabilidad en R\u00edo Ib\u00e1\u00f1ez, destac\u00f3 que \u201cme contactaron para entrar a este programa, acept\u00e9 y luego me dieron que pod\u00edan arreglar algo de mi casa que yo quisiera. Me arreglaron el ba\u00f1o que estaba inutilizable, as\u00ed que lo dejaron funcional, con cer\u00e1mica, agua caliente y todo lo que necesitaba. Me entregaron camas, una para mi y otra para mi hijo. Eran cosas que necesit\u00e1bamos y que se utilizan de primera mano y a veces uno no tiene el medio para adquirirlas, as\u00ed que s\u00faper bien, estoy s\u00faper agradecida del programa\u201d.<\/p>\n<p style=\"text-align: justify;\">La Directora Regional del FOSIS, Fernanda Leiva, asegur\u00f3 que \u201cvinimos para conocer los resultados del proceso de intervenci\u00f3n que se realiz\u00f3 con las seis familias. Estamos contentos porque escuchamos, desde los propios testimonios de las familias, c\u00f3mo este trabajo facilita y mejora exponencialmente su calidad de vida. Estamos contentos del trabajo que hacemos como FOSIS en la asistencia t\u00e9cnica de este programa, con la colaboraci\u00f3n muy importante del Municipio y con los recursos que vienen desde el Ministerio de Desarrollo Social y Familias para mejorar la vida de estas personas. Seguiremos trabajando para poder llegar con este programa y otros a m\u00e1s familias de nuestro territorio\u201d.<\/p>\n<p style=\"text-align: justify;\">Juan Saldivia, Alcalde de R\u00edo Ib\u00e1\u00f1ez, agreg\u00f3 que \u201cestamos muy contentos por las familias de R\u00edo Ib\u00e1\u00f1ez que han sido beneficiadas con este programa. Agradecer la visita de la Seremi de Desarrollo Social y Familia y la Directora Regional del FOSIS, porque en definitiva vienen a dar t\u00e9rmino a lo que ha significado este programa de ayuda para familias de nuestra comuna, de las localidades de Puerto Ib\u00e1\u00f1ez y Villa Cerro Castillo particularmente, en el sentido de mejorar su calidad de vida a trav\u00e9s de sus viviendas. Estamos felices por las familias que, sin duda, logran avanzar en esta etapa para mejorar su bienestar\u201d.<\/p>\n<p style=\"text-align: justify;\">La Seremi de Desarrollo Social y Familia, Karina Acevedo, recalc\u00f3 que \u201ceste programa de Habitabilidad, para nosotros, cada vez que vamos a una localidad nos produce una tremenda alegr\u00eda y constatamos en el territorio como una pol\u00edtica p\u00fablica es tan beneficiosa para el hogar y n\u00facleo familiar. Este es un programa que lo ejecuta la Municipalidad con la asistencia t\u00e9cnica del FOSIS, pero adem\u00e1s cada familia recibe una soluci\u00f3n consensuada con el equipo t\u00e9cnico, entonces cuando conversamos con ellos y nos cuentan la respuesta real, ha sido acorde con lo que necesitan. Como Gobierno estamos contentos de c\u00f3mo hemos ido mejorando los programas de Habitabilidad y todo lo que es el bienestar social de las familias, al cual nuestro Ministerio est\u00e1 abocado\u201d.<\/p>\n<p style=\"text-align: justify;\">El programa de Habitabilidad est\u00e1 dirigido para familias y personas del Subsistema de Seguridades y Oportunidades y permite mejorar servicios b\u00e1sicos, infraestructura de la vivienda, entorno residencial y equipamiento dom\u00e9stico; junto con sesiones de asesor\u00edas familiares en h\u00e1bitos de vida saludable y de uso y autocuidado de la vivienda.<\/p>\n<\/div><\/section><\/div><div  style='height:50px' class='hr hr-invisible   avia-builder-el-6  el_after_av_one_full  el_before_av_social_share '><span class='hr-inner ' ><span class='hr-inner-style'><\/span><\/span><\/div><\/p>\n<div  class='av-social-sharing-box  avia-builder-el-7  el_after_av_hr  el_before_av_hr  '><div class='av-share-box'><h5 class='av-share-link-description av-no-toc '>Compartir esta noticia<\/h5><ul class='av-share-box-list noLightbox'><li class='av-share-link av-social-link-facebook' ><a target=\"_blank\" aria-label=\"Compartir en Facebook\" href='https:\/\/www.facebook.com\/sharer.php?u=https:\/\/radiorevelacionfm.cl\/?p=37209&#038;t=Familias%20de%20R%C3%ADo%20Ib%C3%A1%C3%B1ez%20concretan%20mejoras%20en%20sus%20viviendas%20gracias%20a%20programa%20de%20Habitabilidad' aria-hidden='false' data-av_icon='\ue8f3' data-av_iconfont='entypo-fontello' title='' data-avia-related-tooltip='Compartir en Facebook' rel=\"noopener\"><span class='avia_hidden_link_text'>Compartir en Facebook<\/span><\/a><\/li><li class='av-share-link av-social-link-twitter' ><a target=\"_blank\" aria-label=\"Compartir en Twitter\" href='https:\/\/twitter.com\/share?text=Familias%20de%20R%C3%ADo%20Ib%C3%A1%C3%B1ez%20concretan%20mejoras%20en%20sus%20viviendas%20gracias%20a%20programa%20de%20Habitabilidad&#038;url=https:\/\/radiorevelacionfm.cl\/?p=37209' aria-hidden='false' data-av_icon='\ue8f1' data-av_iconfont='entypo-fontello' title='' data-avia-related-tooltip='Compartir en Twitter' rel=\"noopener\"><span class='avia_hidden_link_text'>Compartir en Twitter<\/span><\/a><\/li><li class='av-share-link av-social-link-whatsapp' ><a target=\"_blank\" aria-label=\"Compartir en Whatsapp\" href='https:\/\/api.whatsapp.com\/send?text=https:\/\/radiorevelacionfm.cl\/?p=37209' aria-hidden='false' data-av_icon='\uf232' data-av_iconfont='entypo-fontello' title='' data-avia-related-tooltip='Compartir en Whatsapp' rel=\"noopener\"><span class='avia_hidden_link_text'>Compartir en Whatsapp<\/span><\/a><\/li><li class='av-share-link av-social-link-linkedin' ><a target=\"_blank\" aria-label=\"Compartir en LinkedIn\" href='https:\/\/linkedin.com\/shareArticle?mini=true&#038;title=Familias%20de%20R%C3%ADo%20Ib%C3%A1%C3%B1ez%20concretan%20mejoras%20en%20sus%20viviendas%20gracias%20a%20programa%20de%20Habitabilidad&#038;url=https:\/\/radiorevelacionfm.cl\/?p=37209' aria-hidden='false' data-av_icon='\ue8fc' data-av_iconfont='entypo-fontello' title='' data-avia-related-tooltip='Compartir en LinkedIn' rel=\"noopener\"><span class='avia_hidden_link_text'>Compartir en LinkedIn<\/span><\/a><\/li><li class='av-share-link av-social-link-mail' ><a  aria-label=\"Compartir por correo\" href='mailto:?subject=Familias%20de%20R%C3%ADo%20Ib%C3%A1%C3%B1ez%20concretan%20mejoras%20en%20sus%20viviendas%20gracias%20a%20programa%20de%20Habitabilidad&#038;body=https:\/\/radiorevelacionfm.cl\/?p=37209' aria-hidden='false' data-av_icon='\ue805' data-av_iconfont='entypo-fontello' title='' data-avia-related-tooltip='Compartir por correo'><span class='avia_hidden_link_text'>Compartir por correo<\/span><\/a><\/li><\/ul><\/div><\/div>\n<div  style='height:50px' class='hr hr-invisible   avia-builder-el-8  el_after_av_social_share  el_before_av_comments_list '><span class='hr-inner ' ><span class='hr-inner-style'><\/span><\/span><\/div>\n<div  class='av-buildercomment  av-blog-meta-html-info-disabled av-blog-meta-tag-disabled  '><\/div>\n","protected":false},"excerpt":{"rendered":"","protected":false},"author":1,"featured_media":37210,"comment_status":"open","ping_status":"open","sticky":false,"template":"","format":"standard","meta":{"footnotes":""},"categories":[38],"tags":[],"class_list":["post-37209","post","type-post","status-publish","format-standard","has-post-thumbnail","hentry","category-regional"],"jetpack_featured_media_url":"https:\/\/radiorevelacionfm.cl\/wp-content\/uploads\/2023\/11\/Habitabilidad-Rio-Ibanez-1.jpeg","_links":{"self":[{"href":"https:\/\/radiorevelacionfm.cl\/index.php?rest_route=\/wp\/v2\/posts\/37209","targetHints":{"allow":["GET"]}}],"collection":[{"href":"https:\/\/radiorevelacionfm.cl\/index.php?rest_route=\/wp\/v2\/posts"}],"about":[{"href":"https:\/\/radiorevelacionfm.cl\/index.php?rest_route=\/wp\/v2\/types\/post"}],"author":[{"embeddable":true,"href":"https:\/\/radiorevelacionfm.cl\/index.php?rest_route=\/wp\/v2\/users\/1"}],"replies":[{"embeddable":true,"href":"https:\/\/radiorevelacionfm.cl\/index.php?rest_route=%2Fwp%2Fv2%2Fcomments&post=37209"}],"version-history":[{"count":1,"href":"https:\/\/radiorevelacionfm.cl\/index.php?rest_route=\/wp\/v2\/posts\/37209\/revisions"}],"predecessor-version":[{"id":37211,"href":"https:\/\/radiorevelacionfm.cl\/index.php?rest_route=\/wp\/v2\/posts\/37209\/revisions\/37211"}],"wp:featuredmedia":[{"embeddable":true,"href":"https:\/\/radiorevelacionfm.cl\/index.php?rest_route=\/wp\/v2\/media\/37210"}],"wp:attachment":[{"href":"https:\/\/radiorevelacionfm.cl\/index.php?rest_route=%2Fwp%2Fv2%2Fmedia&parent=37209"}],"wp:term":[{"taxonomy":"category","embeddable":true,"href":"https:\/\/radiorevelacionfm.cl\/index.php?rest_route=%2Fwp%2Fv2%2Fcategories&post=37209"},{"taxonomy":"post_tag","embeddable":true,"href":"https:\/\/radiorevelacionfm.cl\/index.php?rest_route=%2Fwp%2Fv2%2Ftags&post=37209"}],"curies":[{"name":"wp","href":"https:\/\/api.w.org\/{rel}","templated":true}]}}