{"id":37206,"date":"2023-11-22T11:47:31","date_gmt":"2023-11-22T14:47:31","guid":{"rendered":"https:\/\/radiorevelacionfm.cl\/?p=37206"},"modified":"2023-11-22T11:47:31","modified_gmt":"2023-11-22T14:47:31","slug":"gobierno-presenta-iniciativa-legislativa-que-crea-el-servicio-nacional-de-acceso-a-la-justicia-y-defensoria-de-las-victimas","status":"publish","type":"post","link":"https:\/\/radiorevelacionfm.cl\/?p=37206","title":{"rendered":"Gobierno presenta iniciativa legislativa que crea el Servicio Nacional de Acceso a la Justicia y Defensor\u00eda de las V\u00edctimas"},"content":{"rendered":"<div class=\"flex_column av_one_full  flex_column_div av-zero-column-padding first  avia-builder-el-0  el_before_av_one_full  avia-builder-el-first  \" style='border-radius:0px; '><div  class='avia-image-container  av-styling-    avia-builder-el-1  avia-builder-el-no-sibling  avia-align-center '  itemprop=\"image\" itemscope=\"itemscope\" itemtype=\"https:\/\/schema.org\/ImageObject\"  ><div class='avia-image-container-inner'><div class='avia-image-overlay-wrap'><img decoding=\"async\" class='wp-image-37207 avia-img-lazy-loading-not-37207 avia_image' src=\"https:\/\/radiorevelacionfm.cl\/wp-content\/uploads\/2023\/11\/grafica-2-1-1.jpg\" alt='' title='grafica 2 (1) (1)' height=\"600\" width=\"1004\"  itemprop=\"thumbnailUrl\" srcset=\"https:\/\/radiorevelacionfm.cl\/wp-content\/uploads\/2023\/11\/grafica-2-1-1.jpg 1004w, https:\/\/radiorevelacionfm.cl\/wp-content\/uploads\/2023\/11\/grafica-2-1-1-300x179.jpg 300w, https:\/\/radiorevelacionfm.cl\/wp-content\/uploads\/2023\/11\/grafica-2-1-1-768x459.jpg 768w, https:\/\/radiorevelacionfm.cl\/wp-content\/uploads\/2023\/11\/grafica-2-1-1-705x421.jpg 705w, https:\/\/radiorevelacionfm.cl\/wp-content\/uploads\/2023\/11\/grafica-2-1-1-450x269.jpg 450w, https:\/\/radiorevelacionfm.cl\/wp-content\/uploads\/2023\/11\/grafica-2-1-1-600x359.jpg 600w\" sizes=\"(max-width: 1004px) 100vw, 1004px\" \/><\/div><\/div><\/div><\/div><div class=\"flex_column av_one_full  flex_column_div av-zero-column-padding first  avia-builder-el-2  el_after_av_one_full  el_before_av_one_full  column-top-margin\" style='border-radius:0px; '><section class=\"av_textblock_section \"  itemscope=\"itemscope\" itemtype=\"https:\/\/schema.org\/BlogPosting\" itemprop=\"blogPost\" ><div class='avia_textblock  '   itemprop=\"text\" ><p style=\"text-align: center;\"><span style=\"font-size: 18pt;\"><strong>Gobierno presenta iniciativa legislativa que crea el Servicio Nacional de Acceso a la Justicia y Defensor\u00eda de las V\u00edctimas<\/strong><\/span><\/p>\n<div id=\"gtx-trans\" style=\"position: absolute; left: -50px; top: 4.31534px;\">\n<div class=\"gtx-trans-icon\"><\/div>\n<\/div>\n<\/div><\/section><\/div><div class=\"flex_column av_one_full  flex_column_div av-zero-column-padding first  avia-builder-el-4  el_after_av_one_full  el_before_av_hr  column-top-margin\" style='border-radius:0px; '><section class=\"av_textblock_section \"  itemscope=\"itemscope\" itemtype=\"https:\/\/schema.org\/BlogPosting\" itemprop=\"blogPost\" ><div class='avia_textblock  '   itemprop=\"text\" ><p style=\"text-align: justify;\">Este martes, el Presidente de la Rep\u00fablica, Gabriel Boric acompa\u00f1ado por la ministra de Interior, Carolina Toha y el ministro de Justicia y DDHH, Luis Cordero, anunciaron una indicaci\u00f3n sustitutiva al Proyecto de Ley que Crea el Servicio Nacional de Acceso a la Justicia y Defensor\u00eda de las V\u00edctimas (que hoy se encuentra en la C\u00e1mara de Diputadas y Diputados).<\/p>\n<p style=\"text-align: justify;\">El nuevo Servicio contar\u00e1 con 16 Direcciones regionales, que tendr\u00e1n atribuciones para gestionar en el nivel territorial algunas atribuciones propias, sin perjuicio de la delegaci\u00f3n de facultades que fortalezca a\u00fan m\u00e1s su rol.<\/p>\n<p style=\"text-align: justify;\">En la oportunidad, el Presidente Gabriel Boric se\u00f1al\u00f3 que \u201cpresentamos el proyecto, ahora tenemos que materializarlo y crear esta nueva institucionalidad que va a mejorar la atenci\u00f3n y la defensa de las v\u00edctimas de la delincuencia en Chile. Con esto se permite el acceso a la justicia de manera integral, con apoyo psicol\u00f3gico, con apoyo social y legal para quienes lo necesiten\u201d.<\/p>\n<p style=\"text-align: justify;\">Por su parte, el Seremi de Justicia y Derechos Humanos de la regi\u00f3n de Ays\u00e9n, Samuel Navarro Castro junto con hacer eco de lo manifestado por el Ministro de la cartera, Luis Cordero en cuanto a que se trata de una iniciativa extremadamente relevante, se\u00f1al\u00f3 que \u201ccon este proyecto de ley que ha ingresado el Presidente de la Rep\u00fablica junto con sus ministros, esperamos dar respuesta a una aspiraci\u00f3n sentida de la comunidad en cuanto a contar con un sistema robusto de acceso a la Justicia y de defensa a la v\u00edctimas, este proyecto de ley recoge todo lo que ha sido la experiencia en esta materia , es una indicaci\u00f3n sustitutiva del proyecto en tr\u00e1mite, pero que viene a fortalecer todo lo que es el dise\u00f1o de atenci\u00f3n\u00a0 integral a las v\u00edctimas, pero tambi\u00e9n de acceso y atenci\u00f3n\u00a0 al sistema de Justicia en general, esperamos que tenga una pronta tramitaci\u00f3n, estaremos contando de los avances de este proyecto, para que prontamente\u00a0 se convierta en ley y pueda dar respuesta\u00a0 pronta, oportuna y profesional a los requerimientos de la comunidad\u201d.<\/p>\n<p style=\"text-align: justify;\">Cabe mencionar que entre los mejoramientos que se destacan de la nueva institucionalidad se cuenta el car\u00e1cter de organismo descentralizado y desconcentrado, que entregar\u00e1 asistencia jur\u00eddica especializada en diversos \u00e1mbitos (atenci\u00f3n de ni\u00f1os, ni\u00f1as y adolescentes; asesor\u00eda a adultos mayores; asesor\u00eda en materia de discriminaci\u00f3n y migrantes); impulsar\u00e1 la soluci\u00f3n colaborativa de conflictos, incluyendo la mediaci\u00f3n; y reforzar\u00e1 la atenci\u00f3n integral a v\u00edctimas de delitos, en particular los delitos violentos, lo que se constituir\u00e1 en un pilar esencial en materia de seguridad ciudadana.<\/p>\n<p style=\"text-align: justify;\">Finalmente, cabe considerar que la iniciativa legal pr\u00f3xima a ser presentada contempla la generaci\u00f3n de est\u00e1ndares para cada una de sus l\u00edneas de acci\u00f3n, con su correspondiente sistema de evaluaci\u00f3n, as\u00ed como el uso de nuevas tecnolog\u00edas para su desarrollo.<\/p>\n<\/div><\/section><\/div><div  style='height:50px' class='hr hr-invisible   avia-builder-el-6  el_after_av_one_full  el_before_av_social_share '><span class='hr-inner ' ><span class='hr-inner-style'><\/span><\/span><\/div><\/p>\n<div  class='av-social-sharing-box  avia-builder-el-7  el_after_av_hr  el_before_av_hr  '><div class='av-share-box'><h5 class='av-share-link-description av-no-toc '>Compartir esta noticia<\/h5><ul class='av-share-box-list noLightbox'><li class='av-share-link av-social-link-facebook' ><a target=\"_blank\" aria-label=\"Compartir en Facebook\" href='https:\/\/www.facebook.com\/sharer.php?u=https:\/\/radiorevelacionfm.cl\/?p=37206&#038;t=Gobierno%20presenta%20iniciativa%20legislativa%20que%20crea%20el%20Servicio%20Nacional%20de%20Acceso%20a%20la%20Justicia%20y%20Defensor%C3%ADa%20de%20las%20V%C3%ADctimas' aria-hidden='false' data-av_icon='\ue8f3' data-av_iconfont='entypo-fontello' title='' data-avia-related-tooltip='Compartir en Facebook' rel=\"noopener\"><span class='avia_hidden_link_text'>Compartir en Facebook<\/span><\/a><\/li><li class='av-share-link av-social-link-twitter' ><a target=\"_blank\" aria-label=\"Compartir en Twitter\" href='https:\/\/twitter.com\/share?text=Gobierno%20presenta%20iniciativa%20legislativa%20que%20crea%20el%20Servicio%20Nacional%20de%20Acceso%20a%20la%20Justicia%20y%20Defensor%C3%ADa%20de%20las%20V%C3%ADctimas&#038;url=https:\/\/radiorevelacionfm.cl\/?p=37206' aria-hidden='false' data-av_icon='\ue8f1' data-av_iconfont='entypo-fontello' title='' data-avia-related-tooltip='Compartir en Twitter' rel=\"noopener\"><span class='avia_hidden_link_text'>Compartir en Twitter<\/span><\/a><\/li><li class='av-share-link av-social-link-whatsapp' ><a target=\"_blank\" aria-label=\"Compartir en Whatsapp\" href='https:\/\/api.whatsapp.com\/send?text=https:\/\/radiorevelacionfm.cl\/?p=37206' aria-hidden='false' data-av_icon='\uf232' data-av_iconfont='entypo-fontello' title='' data-avia-related-tooltip='Compartir en Whatsapp' rel=\"noopener\"><span class='avia_hidden_link_text'>Compartir en Whatsapp<\/span><\/a><\/li><li class='av-share-link av-social-link-linkedin' ><a target=\"_blank\" aria-label=\"Compartir en LinkedIn\" href='https:\/\/linkedin.com\/shareArticle?mini=true&#038;title=Gobierno%20presenta%20iniciativa%20legislativa%20que%20crea%20el%20Servicio%20Nacional%20de%20Acceso%20a%20la%20Justicia%20y%20Defensor%C3%ADa%20de%20las%20V%C3%ADctimas&#038;url=https:\/\/radiorevelacionfm.cl\/?p=37206' aria-hidden='false' data-av_icon='\ue8fc' data-av_iconfont='entypo-fontello' title='' data-avia-related-tooltip='Compartir en LinkedIn' rel=\"noopener\"><span class='avia_hidden_link_text'>Compartir en LinkedIn<\/span><\/a><\/li><li class='av-share-link av-social-link-mail' ><a  aria-label=\"Compartir por correo\" href='mailto:?subject=Gobierno%20presenta%20iniciativa%20legislativa%20que%20crea%20el%20Servicio%20Nacional%20de%20Acceso%20a%20la%20Justicia%20y%20Defensor%C3%ADa%20de%20las%20V%C3%ADctimas&#038;body=https:\/\/radiorevelacionfm.cl\/?p=37206' aria-hidden='false' data-av_icon='\ue805' data-av_iconfont='entypo-fontello' title='' data-avia-related-tooltip='Compartir por correo'><span class='avia_hidden_link_text'>Compartir por correo<\/span><\/a><\/li><\/ul><\/div><\/div>\n<div  style='height:50px' class='hr hr-invisible   avia-builder-el-8  el_after_av_social_share  el_before_av_comments_list '><span class='hr-inner ' ><span class='hr-inner-style'><\/span><\/span><\/div>\n<div  class='av-buildercomment  av-blog-meta-html-info-disabled av-blog-meta-tag-disabled  '><\/div>\n","protected":false},"excerpt":{"rendered":"","protected":false},"author":1,"featured_media":37207,"comment_status":"open","ping_status":"open","sticky":false,"template":"","format":"standard","meta":{"footnotes":""},"categories":[61],"tags":[],"class_list":["post-37206","post","type-post","status-publish","format-standard","has-post-thumbnail","hentry","category-nacional"],"jetpack_featured_media_url":"https:\/\/radiorevelacionfm.cl\/wp-content\/uploads\/2023\/11\/grafica-2-1-1.jpg","_links":{"self":[{"href":"https:\/\/radiorevelacionfm.cl\/index.php?rest_route=\/wp\/v2\/posts\/37206","targetHints":{"allow":["GET"]}}],"collection":[{"href":"https:\/\/radiorevelacionfm.cl\/index.php?rest_route=\/wp\/v2\/posts"}],"about":[{"href":"https:\/\/radiorevelacionfm.cl\/index.php?rest_route=\/wp\/v2\/types\/post"}],"author":[{"embeddable":true,"href":"https:\/\/radiorevelacionfm.cl\/index.php?rest_route=\/wp\/v2\/users\/1"}],"replies":[{"embeddable":true,"href":"https:\/\/radiorevelacionfm.cl\/index.php?rest_route=%2Fwp%2Fv2%2Fcomments&post=37206"}],"version-history":[{"count":1,"href":"https:\/\/radiorevelacionfm.cl\/index.php?rest_route=\/wp\/v2\/posts\/37206\/revisions"}],"predecessor-version":[{"id":37208,"href":"https:\/\/radiorevelacionfm.cl\/index.php?rest_route=\/wp\/v2\/posts\/37206\/revisions\/37208"}],"wp:featuredmedia":[{"embeddable":true,"href":"https:\/\/radiorevelacionfm.cl\/index.php?rest_route=\/wp\/v2\/media\/37207"}],"wp:attachment":[{"href":"https:\/\/radiorevelacionfm.cl\/index.php?rest_route=%2Fwp%2Fv2%2Fmedia&parent=37206"}],"wp:term":[{"taxonomy":"category","embeddable":true,"href":"https:\/\/radiorevelacionfm.cl\/index.php?rest_route=%2Fwp%2Fv2%2Fcategories&post=37206"},{"taxonomy":"post_tag","embeddable":true,"href":"https:\/\/radiorevelacionfm.cl\/index.php?rest_route=%2Fwp%2Fv2%2Ftags&post=37206"}],"curies":[{"name":"wp","href":"https:\/\/api.w.org\/{rel}","templated":true}]}}