{"id":37203,"date":"2023-11-21T15:24:20","date_gmt":"2023-11-21T18:24:20","guid":{"rendered":"https:\/\/radiorevelacionfm.cl\/?p=37203"},"modified":"2023-11-21T15:28:58","modified_gmt":"2023-11-21T18:28:58","slug":"presentan-a-nueva-coordinadora-regional-de-servicio-nacional-del-adulto-mayor-senama","status":"publish","type":"post","link":"https:\/\/radiorevelacionfm.cl\/?p=37203","title":{"rendered":"Presentan a nueva coordinadora regional de Servicio Nacional del Adulto Mayor, SENAMA"},"content":{"rendered":"<div class=\"flex_column av_one_full  flex_column_div av-zero-column-padding first  avia-builder-el-0  el_before_av_one_full  avia-builder-el-first  \" style='border-radius:0px; '><div  class='avia-image-container  av-styling-    avia-builder-el-1  avia-builder-el-no-sibling  avia-align-center '  itemprop=\"image\" itemscope=\"itemscope\" itemtype=\"https:\/\/schema.org\/ImageObject\"  ><div class='avia-image-container-inner'><div class='avia-image-overlay-wrap'><img decoding=\"async\" class='wp-image-37204 avia-img-lazy-loading-not-37204 avia_image' src=\"https:\/\/radiorevelacionfm.cl\/wp-content\/uploads\/2023\/11\/SENAMA-2023-11-21-at-9.07.06-AM-1-1.jpeg\" alt='' title='SENAMA 2023-11-21 at 9.07.06 AM (1) (1)' height=\"600\" width=\"1067\"  itemprop=\"thumbnailUrl\" srcset=\"https:\/\/radiorevelacionfm.cl\/wp-content\/uploads\/2023\/11\/SENAMA-2023-11-21-at-9.07.06-AM-1-1.jpeg 1067w, https:\/\/radiorevelacionfm.cl\/wp-content\/uploads\/2023\/11\/SENAMA-2023-11-21-at-9.07.06-AM-1-1-300x169.jpeg 300w, https:\/\/radiorevelacionfm.cl\/wp-content\/uploads\/2023\/11\/SENAMA-2023-11-21-at-9.07.06-AM-1-1-1030x579.jpeg 1030w, https:\/\/radiorevelacionfm.cl\/wp-content\/uploads\/2023\/11\/SENAMA-2023-11-21-at-9.07.06-AM-1-1-768x432.jpeg 768w, https:\/\/radiorevelacionfm.cl\/wp-content\/uploads\/2023\/11\/SENAMA-2023-11-21-at-9.07.06-AM-1-1-705x396.jpeg 705w, https:\/\/radiorevelacionfm.cl\/wp-content\/uploads\/2023\/11\/SENAMA-2023-11-21-at-9.07.06-AM-1-1-450x253.jpeg 450w, https:\/\/radiorevelacionfm.cl\/wp-content\/uploads\/2023\/11\/SENAMA-2023-11-21-at-9.07.06-AM-1-1-600x337.jpeg 600w\" sizes=\"(max-width: 1067px) 100vw, 1067px\" \/><\/div><\/div><\/div><\/div>\n<div class=\"flex_column av_one_full  flex_column_div av-zero-column-padding first  avia-builder-el-2  el_after_av_one_full  el_before_av_one_full  column-top-margin\" style='border-radius:0px; '><section class=\"av_textblock_section \"  itemscope=\"itemscope\" itemtype=\"https:\/\/schema.org\/BlogPosting\" itemprop=\"blogPost\" ><div class='avia_textblock  '   itemprop=\"text\" ><p style=\"text-align: center;\"><strong><span style=\"font-size: 18pt;\">Presentan a nueva coordinadora regional de Servicio Nacional del Adulto Mayor, SENAMA<\/span><\/strong><\/p>\n<div id=\"gtx-trans\" style=\"position: absolute; left: -50px; top: 4.31534px;\">\n<div class=\"gtx-trans-icon\"><\/div>\n<\/div>\n<\/div><\/section><\/div><div class=\"flex_column av_one_full  flex_column_div av-zero-column-padding first  avia-builder-el-4  el_after_av_one_full  el_before_av_hr  column-top-margin\" style='border-radius:0px; '><section class=\"av_textblock_section \"  itemscope=\"itemscope\" itemtype=\"https:\/\/schema.org\/BlogPosting\" itemprop=\"blogPost\" ><div class='avia_textblock  '   itemprop=\"text\" ><p style=\"font-weight: 400; text-align: justify;\">El Delegado Presidencial Regional, Rodrigo Araya, present\u00f3 este martes a la nueva coordinadora regional del Servicio Nacional del Adulto Mayor (SENAMA), dependiente del Ministerio de Desarrollo Social y Familia.<\/p>\n<p style=\"font-weight: 400; text-align: justify;\">Se trata de la psic\u00f3loga de la Universidad de Concepci\u00f3n, con magister en psicolog\u00eda comunitaria y diplomada en g\u00e9nero y desarrollo, Claudia Andaur, quien se ha desempe\u00f1ado como directora regional del Servicio Nacional para la Prevenci\u00f3n y Tratamiento de Drogas y Alcohol (SENDA) y coordinadora regional de Seguridad P\u00fablica.<\/p>\n<p style=\"font-weight: 400; text-align: justify;\">El Delegado Rodrigo Araya indic\u00f3 que sus nuevas responsabilidades implican fomentar el envejecimiento activo, fortaleciendo su participaci\u00f3n y valoraci\u00f3n en la sociedad, promoviendo su autocuidado y autonom\u00eda, y favoreciendo el reconocimiento y ejercicio de sus derechos.<\/p>\n<p style=\"font-weight: 400; text-align: justify;\">\u201cLos desaf\u00edos que tiene la instituci\u00f3n y las urgencias que hay que tratar, como tambi\u00e9n todas las actividades y todos los programas que administra Senama en directo beneficio de \u00a0las personas mayores. Hay un compromiso importante de nuestro presidente y de nuestro Gobierno con respecto a la poblaci\u00f3n de personas mayores, que en nuestra regi\u00f3n cada vez aumenta m\u00e1s y, por supuesto, que buenos deseos para que tenga una buena gesti\u00f3n\u201d, destac\u00f3.<\/p>\n<p style=\"font-weight: 400; text-align: justify;\">Por su parte Claudia Andaur se\u00f1al\u00f3 el \u00e9nfasis de \u201cenfocarnos en tener una buena comunicaci\u00f3n con los dirigentes y brindar un buen servicio, considerando la importancia de esta poblaci\u00f3n en la regi\u00f3n. Todos vamos camino a esta etapa de la vida y para eso debemos actuar de manera preventiva, trabajar en pos de este envejecimiento activo y digno\u201d.<\/p>\n<p style=\"font-weight: 400; text-align: justify;\">En tanto la seremi Karina Acevedo relev\u00f3 la necesidad de \u201cimpulsar todo lo que hemos estado trabajando desde el ministerio, que nos ha pedido especialmente el presidente, como es el Sistema Nacional de Cuidados, instalar este sistema y promoverlo entre la poblaci\u00f3n de personas mayores como la poblaci\u00f3n en general\u201d.<\/p>\n<p style=\"font-weight: 400; text-align: justify;\">Entre las medidas m\u00e1s relevantes del periodo 2022 al 2023 y que fuera parte de los compromisos del Presidente Gabriel Boric, est\u00e1 la instalaci\u00f3n de los 23 Centros Diurnos para personas mayores en Chile, uno de ellos implementado en la comuna de Ib\u00e1\u00f1ez, espec\u00edficamente en Puerto Tranquilo.<\/p>\n<p style=\"font-weight: 400; text-align: justify;\">Adem\u00e1s, Senama retom\u00f3 la administraci\u00f3n del Establecimiento de Larga Estad\u00eda para Adultos Mayores, ELEAM SENAMA \u201cEliana Monje Contreras\u201d como parte del programa de la l\u00ednea de Cuidados, con gesti\u00f3n a cargo de la ONG Pather Nostrum.<\/p>\n<\/div><\/section><\/div><\/p>\n<div  style='height:50px' class='hr hr-invisible   avia-builder-el-6  el_after_av_one_full  el_before_av_social_share '><span class='hr-inner ' ><span class='hr-inner-style'><\/span><\/span><\/div>\n<div  class='av-social-sharing-box  avia-builder-el-7  el_after_av_hr  el_before_av_hr  '><div class='av-share-box'><h5 class='av-share-link-description av-no-toc '>Compartir esta noticia<\/h5><ul class='av-share-box-list noLightbox'><li class='av-share-link av-social-link-facebook' ><a target=\"_blank\" aria-label=\"Compartir en Facebook\" href='https:\/\/www.facebook.com\/sharer.php?u=https:\/\/radiorevelacionfm.cl\/?p=37203&#038;t=Presentan%20a%20nueva%20coordinadora%20regional%20de%20Servicio%20Nacional%20del%20Adulto%20Mayor%2C%20SENAMA' aria-hidden='false' data-av_icon='\ue8f3' data-av_iconfont='entypo-fontello' title='' data-avia-related-tooltip='Compartir en Facebook' rel=\"noopener\"><span class='avia_hidden_link_text'>Compartir en Facebook<\/span><\/a><\/li><li class='av-share-link av-social-link-twitter' ><a target=\"_blank\" aria-label=\"Compartir en Twitter\" href='https:\/\/twitter.com\/share?text=Presentan%20a%20nueva%20coordinadora%20regional%20de%20Servicio%20Nacional%20del%20Adulto%20Mayor%2C%20SENAMA&#038;url=https:\/\/radiorevelacionfm.cl\/?p=37203' aria-hidden='false' data-av_icon='\ue8f1' data-av_iconfont='entypo-fontello' title='' data-avia-related-tooltip='Compartir en Twitter' rel=\"noopener\"><span class='avia_hidden_link_text'>Compartir en Twitter<\/span><\/a><\/li><li class='av-share-link av-social-link-whatsapp' ><a target=\"_blank\" aria-label=\"Compartir en Whatsapp\" href='https:\/\/api.whatsapp.com\/send?text=https:\/\/radiorevelacionfm.cl\/?p=37203' aria-hidden='false' data-av_icon='\uf232' data-av_iconfont='entypo-fontello' title='' data-avia-related-tooltip='Compartir en Whatsapp' rel=\"noopener\"><span class='avia_hidden_link_text'>Compartir en Whatsapp<\/span><\/a><\/li><li class='av-share-link av-social-link-linkedin' ><a target=\"_blank\" aria-label=\"Compartir en LinkedIn\" href='https:\/\/linkedin.com\/shareArticle?mini=true&#038;title=Presentan%20a%20nueva%20coordinadora%20regional%20de%20Servicio%20Nacional%20del%20Adulto%20Mayor%2C%20SENAMA&#038;url=https:\/\/radiorevelacionfm.cl\/?p=37203' aria-hidden='false' data-av_icon='\ue8fc' data-av_iconfont='entypo-fontello' title='' data-avia-related-tooltip='Compartir en LinkedIn' rel=\"noopener\"><span class='avia_hidden_link_text'>Compartir en LinkedIn<\/span><\/a><\/li><li class='av-share-link av-social-link-mail' ><a  aria-label=\"Compartir por correo\" href='mailto:?subject=Presentan%20a%20nueva%20coordinadora%20regional%20de%20Servicio%20Nacional%20del%20Adulto%20Mayor%2C%20SENAMA&#038;body=https:\/\/radiorevelacionfm.cl\/?p=37203' aria-hidden='false' data-av_icon='\ue805' data-av_iconfont='entypo-fontello' title='' data-avia-related-tooltip='Compartir por correo'><span class='avia_hidden_link_text'>Compartir por correo<\/span><\/a><\/li><\/ul><\/div><\/div>\n<div  style='height:50px' class='hr hr-invisible   avia-builder-el-8  el_after_av_social_share  el_before_av_comments_list '><span class='hr-inner ' ><span class='hr-inner-style'><\/span><\/span><\/div>\n<div  class='av-buildercomment  av-blog-meta-html-info-disabled av-blog-meta-tag-disabled  '><\/div>\n","protected":false},"excerpt":{"rendered":"","protected":false},"author":1,"featured_media":37204,"comment_status":"open","ping_status":"open","sticky":false,"template":"","format":"standard","meta":{"footnotes":""},"categories":[38],"tags":[],"class_list":["post-37203","post","type-post","status-publish","format-standard","has-post-thumbnail","hentry","category-regional"],"jetpack_featured_media_url":"https:\/\/radiorevelacionfm.cl\/wp-content\/uploads\/2023\/11\/SENAMA-2023-11-21-at-9.07.06-AM-1-1.jpeg","_links":{"self":[{"href":"https:\/\/radiorevelacionfm.cl\/index.php?rest_route=\/wp\/v2\/posts\/37203","targetHints":{"allow":["GET"]}}],"collection":[{"href":"https:\/\/radiorevelacionfm.cl\/index.php?rest_route=\/wp\/v2\/posts"}],"about":[{"href":"https:\/\/radiorevelacionfm.cl\/index.php?rest_route=\/wp\/v2\/types\/post"}],"author":[{"embeddable":true,"href":"https:\/\/radiorevelacionfm.cl\/index.php?rest_route=\/wp\/v2\/users\/1"}],"replies":[{"embeddable":true,"href":"https:\/\/radiorevelacionfm.cl\/index.php?rest_route=%2Fwp%2Fv2%2Fcomments&post=37203"}],"version-history":[{"count":2,"href":"https:\/\/radiorevelacionfm.cl\/index.php?rest_route=\/wp\/v2\/posts\/37203\/revisions"}],"predecessor-version":[{"id":37215,"href":"https:\/\/radiorevelacionfm.cl\/index.php?rest_route=\/wp\/v2\/posts\/37203\/revisions\/37215"}],"wp:featuredmedia":[{"embeddable":true,"href":"https:\/\/radiorevelacionfm.cl\/index.php?rest_route=\/wp\/v2\/media\/37204"}],"wp:attachment":[{"href":"https:\/\/radiorevelacionfm.cl\/index.php?rest_route=%2Fwp%2Fv2%2Fmedia&parent=37203"}],"wp:term":[{"taxonomy":"category","embeddable":true,"href":"https:\/\/radiorevelacionfm.cl\/index.php?rest_route=%2Fwp%2Fv2%2Fcategories&post=37203"},{"taxonomy":"post_tag","embeddable":true,"href":"https:\/\/radiorevelacionfm.cl\/index.php?rest_route=%2Fwp%2Fv2%2Ftags&post=37203"}],"curies":[{"name":"wp","href":"https:\/\/api.w.org\/{rel}","templated":true}]}}