{"id":37200,"date":"2023-11-21T13:09:18","date_gmt":"2023-11-21T16:09:18","guid":{"rendered":"https:\/\/radiorevelacionfm.cl\/?p=37200"},"modified":"2023-11-26T00:41:09","modified_gmt":"2023-11-26T03:41:09","slug":"tribunal-condena-a-autores-de-trafico-de-drogas-en-la-junta","status":"publish","type":"post","link":"https:\/\/radiorevelacionfm.cl\/?p=37200","title":{"rendered":"Tribunal condena a autores de tr\u00e1fico de drogas detenidos en La Junta"},"content":{"rendered":"<div class=\"flex_column av_one_full  flex_column_div av-zero-column-padding first  avia-builder-el-0  el_before_av_one_full  avia-builder-el-first  \" style='border-radius:0px; '><div  class='avia-image-container  av-styling-    avia-builder-el-1  avia-builder-el-no-sibling  avia-align-center '  itemprop=\"image\" itemscope=\"itemscope\" itemtype=\"https:\/\/schema.org\/ImageObject\"  ><div class='avia-image-container-inner'><div class='avia-image-overlay-wrap'><img decoding=\"async\" class='wp-image-37365 avia-img-lazy-loading-not-37365 avia_image' src=\"https:\/\/radiorevelacionfm.cl\/wp-content\/uploads\/2023\/11\/evidencia_incautacion-la-junta-1_optimized-1.jpg\" alt='' title='evidencia_incautacion-la-junta-(1)_optimized (1)' height=\"600\" width=\"1083\"  itemprop=\"thumbnailUrl\" srcset=\"https:\/\/radiorevelacionfm.cl\/wp-content\/uploads\/2023\/11\/evidencia_incautacion-la-junta-1_optimized-1.jpg 1083w, https:\/\/radiorevelacionfm.cl\/wp-content\/uploads\/2023\/11\/evidencia_incautacion-la-junta-1_optimized-1-300x166.jpg 300w, https:\/\/radiorevelacionfm.cl\/wp-content\/uploads\/2023\/11\/evidencia_incautacion-la-junta-1_optimized-1-1030x571.jpg 1030w, https:\/\/radiorevelacionfm.cl\/wp-content\/uploads\/2023\/11\/evidencia_incautacion-la-junta-1_optimized-1-768x425.jpg 768w, https:\/\/radiorevelacionfm.cl\/wp-content\/uploads\/2023\/11\/evidencia_incautacion-la-junta-1_optimized-1-705x391.jpg 705w, https:\/\/radiorevelacionfm.cl\/wp-content\/uploads\/2023\/11\/evidencia_incautacion-la-junta-1_optimized-1-450x249.jpg 450w, https:\/\/radiorevelacionfm.cl\/wp-content\/uploads\/2023\/11\/evidencia_incautacion-la-junta-1_optimized-1-600x332.jpg 600w\" sizes=\"(max-width: 1083px) 100vw, 1083px\" \/><\/div><\/div><\/div><\/div><div class=\"flex_column av_one_full  flex_column_div av-zero-column-padding first  avia-builder-el-2  el_after_av_one_full  el_before_av_one_full  column-top-margin\" style='border-radius:0px; '><section class=\"av_textblock_section \"  itemscope=\"itemscope\" itemtype=\"https:\/\/schema.org\/BlogPosting\" itemprop=\"blogPost\" ><div class='avia_textblock  '   itemprop=\"text\" ><p style=\"text-align: center;\"><strong><span style=\"font-size: 18pt;\">Tribunal condena a autores de tr\u00e1fico de drogas detenidos en La Junta<\/span><\/strong><\/p>\n<div id=\"gtx-trans\" style=\"position: absolute; left: -50px; top: 4.31534px;\">\n<div class=\"gtx-trans-icon\"><\/div>\n<\/div>\n<\/div><\/section><\/div><\/p>\n<div class=\"flex_column av_one_full  flex_column_div av-zero-column-padding first  avia-builder-el-4  el_after_av_one_full  el_before_av_hr  column-top-margin\" style='border-radius:0px; '><section class=\"av_textblock_section \"  itemscope=\"itemscope\" itemtype=\"https:\/\/schema.org\/BlogPosting\" itemprop=\"blogPost\" ><div class='avia_textblock  '   itemprop=\"text\" ><p class=\"v1MsoNormal\" style=\"text-align: justify;\">El Tribunal de Juicio Oral en lo Penal de Coyhaique conden\u00f3 a Manuel Israel Qui\u00f1el Guti\u00e9rrez a la pena de 5 a\u00f1os y un d\u00eda de presidio, accesorias legales de inhabilitaci\u00f3n absoluta perpetua para cargos y oficios p\u00fablicos y derechos pol\u00edticos\u00a0y la\u00a0inhabilitaci\u00f3n absoluta para profesiones titulares mientras dure la condena; m\u00e1s al pago de una multa de 24 UTM, en calidad de autor del delito consumado de tr\u00e1fico de drogas. Il\u00edcito perpetrado en marzo pasado, en la localidad de La Junta.<\/p>\n<p class=\"v1MsoNormal\" style=\"text-align: justify;\">En fallo un\u00e1nime (causa rol 77-2023), el tribunal \u2013integrado por los magistrados M\u00f3nica Coloma Pulgar (presidenta), Patricio Z\u00fa\u00f1iga Valenzuela y Pablo Freire Gavil\u00e1n \u00a0(redactor)\u2013 conden\u00f3, adem\u00e1s, a Dominique Arasi Ang\u00e9lica Reveco Lizama y Edual Ram\u00f3n Montero Soto a 5 a\u00f1os de presidio, con el beneficio de la libertad vigilada intensiva por lapso, accesorias y el pago de una multa de 12 UTM cada uno.<\/p>\n<p class=\"v1MsoNormal\" style=\"text-align: justify;\">Beneficio que los condenados Reveco Lizama y Montero Soto deber\u00e1n cumplir con las condiciones de fijar residencia; sujeci\u00f3n a la vigilancia y orientaci\u00f3n permanentes de un delegado; ejercer una profesi\u00f3n, oficio u empleo, bajo las modalidades que se determinen en el plan de intervenci\u00f3n individual, y la obligaci\u00f3n de mantenerse en el domicilio o lugar que indiquen al delegado respectivo, entre las 22 horas y seis del d\u00eda siguiente, la que deber\u00e1 ser controlada por funcionarios de Carabineros.<\/p>\n<p class=\"v1MsoNormal\" style=\"text-align: justify;\">El tribunal dio por acreditado, m\u00e1s all\u00e1 de toda duda razonable, que alrededor de las 03:15 horas del 22 de marzo de 2023, Montero Soto, Reveco Lizama y Qui\u00f1el Guti\u00e9rrez se movilizaban por la Ruta 7 a bordo de un veh\u00edculo marca Ford y al llegar a la localidad de la Junta, personal de Carabineros les efectu\u00f3 un control de tr\u00e1nsito, procediendo un can detector de drogas a marcar el veh\u00edculo en que se trasladaban, por lo que los funcionarios autorizados por los ocupantes efectuaron una revisi\u00f3n del m\u00f3vil, sorprendiendo que trasladaban un contenedor con 191,15 gramos netos de marihuana y otro con 450,22 gramos netos de coca\u00edna clorhidrato al 89%, a dentro de un bolso que iba en el asiento trasero del veh\u00edculo. Adem\u00e1s, la polic\u00eda encontr\u00f3 otros dos contenedores con 1,61 y 5 gramos netos de marihuana.<\/p>\n<p class=\"v1MsoNormal\" style=\"text-align: justify;\">Una vez que el fallo quede ejecutoriado, el tribunal dispuso que se proceda a la toma de muestras biol\u00f3gicas de los sentenciados para determinar\u00a0sus respectivas huellas gen\u00e9ticas\u00a0e incorporaci\u00f3n en el registro nacional de ADN de condenados. Adem\u00e1s, se decret\u00f3 el comiso de la droga, tel\u00e9fonos celulares y veh\u00edculo incautados en el procedimiento.<\/p>\n<\/div><\/section><\/div>\n<div  style='height:50px' class='hr hr-invisible   avia-builder-el-6  el_after_av_one_full  el_before_av_social_share '><span class='hr-inner ' ><span class='hr-inner-style'><\/span><\/span><\/div>\n<div  class='av-social-sharing-box  avia-builder-el-7  el_after_av_hr  el_before_av_hr  '><div class='av-share-box'><h5 class='av-share-link-description av-no-toc '>Compartir esta noticia<\/h5><ul class='av-share-box-list noLightbox'><li class='av-share-link av-social-link-facebook' ><a target=\"_blank\" aria-label=\"Compartir en Facebook\" href='https:\/\/www.facebook.com\/sharer.php?u=https:\/\/radiorevelacionfm.cl\/?p=37200&#038;t=Tribunal%20condena%20a%20autores%20de%20tr%C3%A1fico%20de%20drogas%20detenidos%20en%20La%20Junta' aria-hidden='false' data-av_icon='\ue8f3' data-av_iconfont='entypo-fontello' title='' data-avia-related-tooltip='Compartir en Facebook' rel=\"noopener\"><span class='avia_hidden_link_text'>Compartir en Facebook<\/span><\/a><\/li><li class='av-share-link av-social-link-twitter' ><a target=\"_blank\" aria-label=\"Compartir en Twitter\" href='https:\/\/twitter.com\/share?text=Tribunal%20condena%20a%20autores%20de%20tr%C3%A1fico%20de%20drogas%20detenidos%20en%20La%20Junta&#038;url=https:\/\/radiorevelacionfm.cl\/?p=37200' aria-hidden='false' data-av_icon='\ue8f1' data-av_iconfont='entypo-fontello' title='' data-avia-related-tooltip='Compartir en Twitter' rel=\"noopener\"><span class='avia_hidden_link_text'>Compartir en Twitter<\/span><\/a><\/li><li class='av-share-link av-social-link-whatsapp' ><a target=\"_blank\" aria-label=\"Compartir en Whatsapp\" href='https:\/\/api.whatsapp.com\/send?text=https:\/\/radiorevelacionfm.cl\/?p=37200' aria-hidden='false' data-av_icon='\uf232' data-av_iconfont='entypo-fontello' title='' data-avia-related-tooltip='Compartir en Whatsapp' rel=\"noopener\"><span class='avia_hidden_link_text'>Compartir en Whatsapp<\/span><\/a><\/li><li class='av-share-link av-social-link-linkedin' ><a target=\"_blank\" aria-label=\"Compartir en LinkedIn\" href='https:\/\/linkedin.com\/shareArticle?mini=true&#038;title=Tribunal%20condena%20a%20autores%20de%20tr%C3%A1fico%20de%20drogas%20detenidos%20en%20La%20Junta&#038;url=https:\/\/radiorevelacionfm.cl\/?p=37200' aria-hidden='false' data-av_icon='\ue8fc' data-av_iconfont='entypo-fontello' title='' data-avia-related-tooltip='Compartir en LinkedIn' rel=\"noopener\"><span class='avia_hidden_link_text'>Compartir en LinkedIn<\/span><\/a><\/li><li class='av-share-link av-social-link-mail' ><a  aria-label=\"Compartir por correo\" href='mailto:?subject=Tribunal%20condena%20a%20autores%20de%20tr%C3%A1fico%20de%20drogas%20detenidos%20en%20La%20Junta&#038;body=https:\/\/radiorevelacionfm.cl\/?p=37200' aria-hidden='false' data-av_icon='\ue805' data-av_iconfont='entypo-fontello' title='' data-avia-related-tooltip='Compartir por correo'><span class='avia_hidden_link_text'>Compartir por correo<\/span><\/a><\/li><\/ul><\/div><\/div>\n<div  style='height:50px' class='hr hr-invisible   avia-builder-el-8  el_after_av_social_share  el_before_av_comments_list '><span class='hr-inner ' ><span class='hr-inner-style'><\/span><\/span><\/div>\n<div  class='av-buildercomment  av-blog-meta-html-info-disabled av-blog-meta-tag-disabled  '><\/div>\n","protected":false},"excerpt":{"rendered":"","protected":false},"author":1,"featured_media":37365,"comment_status":"open","ping_status":"open","sticky":false,"template":"","format":"standard","meta":{"footnotes":""},"categories":[55],"tags":[],"class_list":["post-37200","post","type-post","status-publish","format-standard","has-post-thumbnail","hentry","category-justicia"],"jetpack_featured_media_url":"https:\/\/radiorevelacionfm.cl\/wp-content\/uploads\/2023\/11\/evidencia_incautacion-la-junta-1_optimized-1.jpg","_links":{"self":[{"href":"https:\/\/radiorevelacionfm.cl\/index.php?rest_route=\/wp\/v2\/posts\/37200","targetHints":{"allow":["GET"]}}],"collection":[{"href":"https:\/\/radiorevelacionfm.cl\/index.php?rest_route=\/wp\/v2\/posts"}],"about":[{"href":"https:\/\/radiorevelacionfm.cl\/index.php?rest_route=\/wp\/v2\/types\/post"}],"author":[{"embeddable":true,"href":"https:\/\/radiorevelacionfm.cl\/index.php?rest_route=\/wp\/v2\/users\/1"}],"replies":[{"embeddable":true,"href":"https:\/\/radiorevelacionfm.cl\/index.php?rest_route=%2Fwp%2Fv2%2Fcomments&post=37200"}],"version-history":[{"count":4,"href":"https:\/\/radiorevelacionfm.cl\/index.php?rest_route=\/wp\/v2\/posts\/37200\/revisions"}],"predecessor-version":[{"id":37366,"href":"https:\/\/radiorevelacionfm.cl\/index.php?rest_route=\/wp\/v2\/posts\/37200\/revisions\/37366"}],"wp:featuredmedia":[{"embeddable":true,"href":"https:\/\/radiorevelacionfm.cl\/index.php?rest_route=\/wp\/v2\/media\/37365"}],"wp:attachment":[{"href":"https:\/\/radiorevelacionfm.cl\/index.php?rest_route=%2Fwp%2Fv2%2Fmedia&parent=37200"}],"wp:term":[{"taxonomy":"category","embeddable":true,"href":"https:\/\/radiorevelacionfm.cl\/index.php?rest_route=%2Fwp%2Fv2%2Fcategories&post=37200"},{"taxonomy":"post_tag","embeddable":true,"href":"https:\/\/radiorevelacionfm.cl\/index.php?rest_route=%2Fwp%2Fv2%2Ftags&post=37200"}],"curies":[{"name":"wp","href":"https:\/\/api.w.org\/{rel}","templated":true}]}}