{"id":3718,"date":"2021-05-02T16:21:35","date_gmt":"2021-05-02T19:21:35","guid":{"rendered":"https:\/\/radiorevelacionfm.cl\/?p=3718"},"modified":"2021-05-02T16:21:35","modified_gmt":"2021-05-02T19:21:35","slug":"senador-sandoval-valora-inicio-de-dialogo-por-la-vivienda-y-ciudad-tras-propuesta-en-materia-de-vivienda-social","status":"publish","type":"post","link":"https:\/\/radiorevelacionfm.cl\/?p=3718","title":{"rendered":"Senador Sandoval valora inicio de \u00abDi\u00e1logo por la Vivienda y Ciudad\u00bb tras propuesta en materia de vivienda social"},"content":{"rendered":"<div class=\"flex_column av_one_full  flex_column_div av-zero-column-padding first  avia-builder-el-0  el_before_av_one_full  avia-builder-el-first  \" style='border-radius:0px; '><div  class='avia-image-container  av-styling-    avia-builder-el-1  avia-builder-el-no-sibling  avia-align-center '  itemprop=\"image\" itemscope=\"itemscope\" itemtype=\"https:\/\/schema.org\/ImageObject\"  ><div class='avia-image-container-inner'><div class='avia-image-overlay-wrap'><img decoding=\"async\" class='wp-image-0 avia-img-lazy-loading-not-0 avia_image' src=\"https:\/\/radiorevelacionfm.cl\/wp-content\/uploads\/2021\/05\/lanzamiento-diAlogo-por-la-vivienda-y-ciudad2_optimized.jpg\" alt='' title=''   itemprop=\"thumbnailUrl\"  \/><\/div><\/div><\/div><\/div><div class=\"flex_column av_one_full  flex_column_div av-zero-column-padding first  avia-builder-el-2  el_after_av_one_full  el_before_av_one_full  column-top-margin\" style='border-radius:0px; '><section class=\"av_textblock_section \"  itemscope=\"itemscope\" itemtype=\"https:\/\/schema.org\/BlogPosting\" itemprop=\"blogPost\" ><div class='avia_textblock  '   itemprop=\"text\" ><p style=\"text-align: center;\"><strong><span style=\"font-size: 18pt;\">Senador Sandoval valora inicio de \u00abDi\u00e1logo por la Vivienda y Ciudad\u00bb tras propuesta en materia de vivienda social<\/span><\/strong><\/p>\n<div id=\"gtx-trans\" style=\"position: absolute; left: -50px; top: 4.31534px;\">\n<div class=\"gtx-trans-icon\"><\/div>\n<\/div>\n<\/div><\/section><\/div><div class=\"flex_column av_one_full  flex_column_div av-zero-column-padding first  avia-builder-el-4  el_after_av_one_full  el_before_av_hr  column-top-margin\" style='border-radius:0px; '><section class=\"av_textblock_section \"  itemscope=\"itemscope\" itemtype=\"https:\/\/schema.org\/BlogPosting\" itemprop=\"blogPost\" ><div class='avia_textblock  '   itemprop=\"text\" ><p style=\"text-align: justify;\">En los \u00faltimos d\u00edas se dio inicio oficial al <strong>\u201cDi\u00e1logo por la Vivienda y Ciudad\u201d<\/strong>, tras la primera reuni\u00f3n de la mesa de trabajo constituida para tal efecto, encabezada por el Ministerio de Vivienda (MINVU).<\/p>\n<p style=\"text-align: justify;\">Al respecto, el senador David Sandoval,\u00a0quien adem\u00e1s es presidente de la comisi\u00f3n de Vivienda de la C\u00e1mara Alta, destac\u00f3 la puesta en marcha de la instancia, se\u00f1alando que aquello \u201cvalora el llamado que hicimos desde el Senado\u201d, recordando que en los \u00faltimos d\u00edas hab\u00eda propuesto, a trav\u00e9s de un proyecto de acuerdo apoyado transversalmente, construir un gran acuerdo nacional en materia de viviendas sociales.<\/p>\n<p style=\"text-align: justify;\">La instancia est\u00e1 dirigida por el ministro de Vivienda, Felipe Ward, el Subsecretario de la cartera, Guillermo Rolando, y est\u00e1 integrada por representantes del mundo acad\u00e9mico, de las ONG y del mundo social. \u201cTodo el mundo t\u00e9cnico tiene consenso de lo que hay que hacer y sabe c\u00f3mo hacerlo. Nos convocaron a un acuerdo pol\u00edtico y lo logramos en los \u00faltimos d\u00edas, donde todos los sectores pol\u00edticos firmaron este proyecto de acuerdo\u201d, indic\u00f3 Sandoval.<\/p>\n<p style=\"text-align: justify;\">El parlamentario, que particip\u00f3 en el lanzamiento de la iniciativa, hizo hincapi\u00e9 en que se debe entender que \u201cla ciudad debe ser igual para todos\u201d, recalcando la necesidad de atender a las familias <em>sin techo<\/em>, que son las que viven en campamentos y tomas; los <em>sin vivienda<\/em>, que se refiere al d\u00e9ficit general de quienes teniendo techo, viven en condiciones precarias; y los <em>sin ciudad<\/em>, que se refiere a quienes estando en una misma ciudad, viven sin el mismo desarrollo urbano.<\/p>\n<p style=\"text-align: justify;\">Cabe se\u00f1alar que seg\u00fan catastro oficial del Ministerio de Vivienda (MINVU), a 2019, hay 809 campamentos (47.050 hogares) y 418 tomas, a nivel nacional, donde el <strong>Alto costo de arriendo (31%), necesidad de independencia (24%), bajos ingresos (11,5%) y cesant\u00eda (9%),<\/strong> son los principales motivos que fuerzan a las familias a vivir en lugares en que, generalmente, tienen malos accesos, falta de agua potable y electricidad.<\/p>\n<p style=\"text-align: justify;\">Finalmente, el parlamentario indic\u00f3 que este di\u00e1logo tiene sesenta d\u00edas de plazos para generar propuestas de c\u00f3mo enfrentar este tema \u201cpara que las soluciones lleguen r\u00e1pido\u201d a la gente.<\/p>\n<\/div><\/section><\/div><div  style='height:50px' class='hr hr-invisible   avia-builder-el-6  el_after_av_one_full  el_before_av_hr '><span class='hr-inner ' ><span class='hr-inner-style'><\/span><\/span><\/div><\/p>\n<div  style='height:50px' class='hr hr-invisible   avia-builder-el-7  el_after_av_hr  avia-builder-el-last '><span class='hr-inner ' ><span class='hr-inner-style'><\/span><\/span><\/div>\n","protected":false},"excerpt":{"rendered":"","protected":false},"author":1,"featured_media":0,"comment_status":"open","ping_status":"open","sticky":false,"template":"","format":"standard","meta":{"footnotes":""},"categories":[57],"tags":[],"class_list":["post-3718","post","type-post","status-publish","format-standard","hentry","category-vivienda"],"jetpack_featured_media_url":"","_links":{"self":[{"href":"https:\/\/radiorevelacionfm.cl\/index.php?rest_route=\/wp\/v2\/posts\/3718","targetHints":{"allow":["GET"]}}],"collection":[{"href":"https:\/\/radiorevelacionfm.cl\/index.php?rest_route=\/wp\/v2\/posts"}],"about":[{"href":"https:\/\/radiorevelacionfm.cl\/index.php?rest_route=\/wp\/v2\/types\/post"}],"author":[{"embeddable":true,"href":"https:\/\/radiorevelacionfm.cl\/index.php?rest_route=\/wp\/v2\/users\/1"}],"replies":[{"embeddable":true,"href":"https:\/\/radiorevelacionfm.cl\/index.php?rest_route=%2Fwp%2Fv2%2Fcomments&post=3718"}],"version-history":[{"count":1,"href":"https:\/\/radiorevelacionfm.cl\/index.php?rest_route=\/wp\/v2\/posts\/3718\/revisions"}],"predecessor-version":[{"id":3720,"href":"https:\/\/radiorevelacionfm.cl\/index.php?rest_route=\/wp\/v2\/posts\/3718\/revisions\/3720"}],"wp:attachment":[{"href":"https:\/\/radiorevelacionfm.cl\/index.php?rest_route=%2Fwp%2Fv2%2Fmedia&parent=3718"}],"wp:term":[{"taxonomy":"category","embeddable":true,"href":"https:\/\/radiorevelacionfm.cl\/index.php?rest_route=%2Fwp%2Fv2%2Fcategories&post=3718"},{"taxonomy":"post_tag","embeddable":true,"href":"https:\/\/radiorevelacionfm.cl\/index.php?rest_route=%2Fwp%2Fv2%2Ftags&post=3718"}],"curies":[{"name":"wp","href":"https:\/\/api.w.org\/{rel}","templated":true}]}}