{"id":37160,"date":"2023-11-20T17:52:19","date_gmt":"2023-11-20T20:52:19","guid":{"rendered":"https:\/\/radiorevelacionfm.cl\/?p=37160"},"modified":"2023-11-20T21:31:16","modified_gmt":"2023-11-21T00:31:16","slug":"pdi-aysen-desarticula-banda-delictual-especializada-en-robos-proveniente-de-valdivia","status":"publish","type":"post","link":"https:\/\/radiorevelacionfm.cl\/?p=37160","title":{"rendered":"PDI Ays\u00e9n desarticula banda delictual especializada en robos proveniente de Valdivia"},"content":{"rendered":"<div class=\"flex_column av_one_full  flex_column_div av-zero-column-padding first  avia-builder-el-0  el_before_av_one_full  avia-builder-el-first  \" style='border-radius:0px; '><div  class='avia-image-container  av-styling-    avia-builder-el-1  avia-builder-el-no-sibling  avia-align-center '  itemprop=\"image\" itemscope=\"itemscope\" itemtype=\"https:\/\/schema.org\/ImageObject\"  ><div class='avia-image-container-inner'><div class='avia-image-overlay-wrap'><img decoding=\"async\" class='wp-image-37166 avia-img-lazy-loading-not-37166 avia_image' src=\"https:\/\/radiorevelacionfm.cl\/wp-content\/uploads\/2023\/11\/img_4558-1-1_optimized.jpg\" alt='' title='img_4558-1-1_optimized' height=\"600\" width=\"1067\"  itemprop=\"thumbnailUrl\" srcset=\"https:\/\/radiorevelacionfm.cl\/wp-content\/uploads\/2023\/11\/img_4558-1-1_optimized.jpg 1067w, https:\/\/radiorevelacionfm.cl\/wp-content\/uploads\/2023\/11\/img_4558-1-1_optimized-300x169.jpg 300w, https:\/\/radiorevelacionfm.cl\/wp-content\/uploads\/2023\/11\/img_4558-1-1_optimized-1030x579.jpg 1030w, https:\/\/radiorevelacionfm.cl\/wp-content\/uploads\/2023\/11\/img_4558-1-1_optimized-768x432.jpg 768w, https:\/\/radiorevelacionfm.cl\/wp-content\/uploads\/2023\/11\/img_4558-1-1_optimized-705x396.jpg 705w, https:\/\/radiorevelacionfm.cl\/wp-content\/uploads\/2023\/11\/img_4558-1-1_optimized-450x253.jpg 450w, https:\/\/radiorevelacionfm.cl\/wp-content\/uploads\/2023\/11\/img_4558-1-1_optimized-600x337.jpg 600w\" sizes=\"(max-width: 1067px) 100vw, 1067px\" \/><\/div><\/div><\/div><\/div>\n<div class=\"flex_column av_one_full  flex_column_div av-zero-column-padding first  avia-builder-el-2  el_after_av_one_full  el_before_av_one_full  column-top-margin\" style='border-radius:0px; '><section class=\"av_textblock_section \"  itemscope=\"itemscope\" itemtype=\"https:\/\/schema.org\/BlogPosting\" itemprop=\"blogPost\" ><div class='avia_textblock  '   itemprop=\"text\" ><p style=\"text-align: center;\"><strong><span style=\"font-size: 18pt;\">PDI Ays\u00e9n desarticula banda delictual especializada en robos proveniente de Valdivia<\/span><\/strong><\/p>\n<div id=\"gtx-trans\" style=\"position: absolute; left: -50px; top: 4.31534px;\">\n<div class=\"gtx-trans-icon\"><\/div>\n<\/div>\n<\/div><\/section><\/div>\n<div class=\"flex_column av_one_full  flex_column_div av-zero-column-padding first  avia-builder-el-4  el_after_av_one_full  el_before_av_hr  column-top-margin\" style='border-radius:0px; '><section class=\"av_textblock_section \"  itemscope=\"itemscope\" itemtype=\"https:\/\/schema.org\/BlogPosting\" itemprop=\"blogPost\" ><div class='avia_textblock  '   itemprop=\"text\" ><p style=\"text-align: justify;\">En un exitoso trabajo de investigaci\u00f3n y an\u00e1lisis criminal, la Brigada Investigadora de Robos Coyhaique (BIROCOY) logr\u00f3 la detenci\u00f3n de una banda criminal compuesta por dos hombres y una mujer, todos mayores de edad y con amplio prontuario policial. La semana pasada, los detectives tomaron conocimiento del ingreso de este grupo a la regi\u00f3n, el cual se dedic\u00f3 a recorrer diversos locales comerciales en el sector c\u00e9ntrico de Coyhaique bajo la fachada de clientes. A trav\u00e9s de informaci\u00f3n proporcionada por la comunidad y un detallado trabajo anal\u00edtico, los investigadores procedieron a la detenci\u00f3n de los individuos, quienes portaban elementos asociados a la comisi\u00f3n de delitos, incluyendo armas cortantes.<\/p>\n<p style=\"text-align: justify;\">En colaboraci\u00f3n con el Ministerio P\u00fablico, se descubrieron otros delitos previamente denunciados que hab\u00edan sido perpetrados por esta misma banda, destacando principalmente robos en lugares habitados. \u201cEn el trabajo investigativo se logra posicionar y establecer que esta misma banda delictual ya hab\u00eda cometido otros delitos ac\u00e1 en la regi\u00f3n, principalmente, robo en lugar habitado. Es as\u00ed que, al incautar y exhibir diferentes especies y prendas de vestir a los afectados de estos delitos, \u00e9stas fueron reconocidas de manera inmediata, antecedentes que fueron coordinados con el Ministerio P\u00fablico, quien dispuso una serie de diligencias investigativas para lograr su posicionamiento y posterior formalizaci\u00f3n\u201d, coment\u00f3 el subprefecto V\u00edctor Toledo, jefe de la BIRO COY.<\/p>\n<p style=\"text-align: justify;\">Durante la incautaci\u00f3n de diversas especies y prendas de vestir relacionadas con estos delitos, se logr\u00f3 su reconocimiento inmediato por parte de las v\u00edctimas. \u201cCabe destacar que lo llamativo de este grupo delictual es que este equipo investigador tiene la certeza que ellos ven\u00edan a cometer delitos de robo, lo que ha quedado de manifiesto en diferentes registros que han sido puestos a disposici\u00f3n del Ministerio P\u00fablico, como tambi\u00e9n las especies que indican que estas personas cometen delito en diferentes modalidades, podr\u00edan haber sido delitos de robo con fuerza o robo con intimidaci\u00f3n, toda vez que se encontr\u00f3 en el veh\u00edculo en el cual ellos se movilizaban, un chaleco antibalas, mascaras que son caracter\u00edsticas para bandas con cierta especializaci\u00f3n en la comisi\u00f3n de delitos contra la propiedad. Esta banda mantiene reiterados delitos, inclusive, uno de los detenidos mantiene una formalizaci\u00f3n pendiente por un homicidio frustrado contra un funcionario PDI en la comuna de Valdivia\u201d, agreg\u00f3 el subprefecto Toledo.<\/p>\n<p style=\"text-align: justify;\">Gracias a este trabajo investigativo y colaborativo con el Ministerio P\u00fablico, se logr\u00f3 no solo investigar los delitos ya cometidos, sino tambi\u00e9n evitar potenciales hechos que podr\u00edan haber afectado a v\u00edctimas en la comuna de Coyhaique. En esta misma l\u00ednea, el fiscal jefe de Coyhaique, Jos\u00e9 Moris, expres\u00f3 que \u201cel trabajo que se realiz\u00f3 por parte de PDI en coordinaci\u00f3n con Fiscal\u00eda permiti\u00f3 unir a estas personas, no solamente por el delito que en principio fueron detenidos, de porte de elementos conocidamente para cometer robo, sino que adem\u00e1s por dos robos en lugar habitado cometidos en parcelas en los alrededores de Coyhaique\u201d.<\/p>\n<p style=\"text-align: justify;\">Adem\u00e1s, el persecutor agrega que en periodo estival o de vacaciones cabe la posibilidad de que bandas dedicadas a estos delitos vengan, creyendo que aqu\u00ed es f\u00e1cil cometer delitos, \u201cpero lo cierto est\u00e1 en que el trabajo que se ha realizado, precisamente, ha permitido identificarlos r\u00e1pido y sacarlos de circulaci\u00f3n\u201d, puntualiz\u00f3 el fiscal.<\/p>\n<p style=\"text-align: justify;\">La detenci\u00f3n fue ampliada para realizar las diligencias tendientes a unir los distintos delitos. Los detenidos formalizados por dos robos en lugar habitado, m\u00e1s el porte de elementos conocidos para delinquir, quedando los tres imputados, dos hombres y una mujer, en prisi\u00f3n preventiva.<\/p>\n<p style=\"text-align: justify;\"><strong>\u00a0<\/strong><\/p>\n<\/div><\/section><\/div><div  style='height:50px' class='hr hr-invisible   avia-builder-el-6  el_after_av_one_full  el_before_av_social_share '><span class='hr-inner ' ><span class='hr-inner-style'><\/span><\/span><\/div><\/p>\n<div  class='av-social-sharing-box  avia-builder-el-7  el_after_av_hr  el_before_av_hr  '><div class='av-share-box'><h5 class='av-share-link-description av-no-toc '>Compartir esta noticia<\/h5><ul class='av-share-box-list noLightbox'><li class='av-share-link av-social-link-facebook' ><a target=\"_blank\" aria-label=\"Compartir en Facebook\" href='https:\/\/www.facebook.com\/sharer.php?u=https:\/\/radiorevelacionfm.cl\/?p=37160&#038;t=PDI%20Ays%C3%A9n%20desarticula%20banda%20delictual%20especializada%20en%20robos%20proveniente%20de%20Valdivia' aria-hidden='false' data-av_icon='\ue8f3' data-av_iconfont='entypo-fontello' title='' data-avia-related-tooltip='Compartir en Facebook' rel=\"noopener\"><span class='avia_hidden_link_text'>Compartir en Facebook<\/span><\/a><\/li><li class='av-share-link av-social-link-twitter' ><a target=\"_blank\" aria-label=\"Compartir en Twitter\" href='https:\/\/twitter.com\/share?text=PDI%20Ays%C3%A9n%20desarticula%20banda%20delictual%20especializada%20en%20robos%20proveniente%20de%20Valdivia&#038;url=https:\/\/radiorevelacionfm.cl\/?p=37160' aria-hidden='false' data-av_icon='\ue8f1' data-av_iconfont='entypo-fontello' title='' data-avia-related-tooltip='Compartir en Twitter' rel=\"noopener\"><span class='avia_hidden_link_text'>Compartir en Twitter<\/span><\/a><\/li><li class='av-share-link av-social-link-whatsapp' ><a target=\"_blank\" aria-label=\"Compartir en Whatsapp\" href='https:\/\/api.whatsapp.com\/send?text=https:\/\/radiorevelacionfm.cl\/?p=37160' aria-hidden='false' data-av_icon='\uf232' data-av_iconfont='entypo-fontello' title='' data-avia-related-tooltip='Compartir en Whatsapp' rel=\"noopener\"><span class='avia_hidden_link_text'>Compartir en Whatsapp<\/span><\/a><\/li><li class='av-share-link av-social-link-linkedin' ><a target=\"_blank\" aria-label=\"Compartir en LinkedIn\" href='https:\/\/linkedin.com\/shareArticle?mini=true&#038;title=PDI%20Ays%C3%A9n%20desarticula%20banda%20delictual%20especializada%20en%20robos%20proveniente%20de%20Valdivia&#038;url=https:\/\/radiorevelacionfm.cl\/?p=37160' aria-hidden='false' data-av_icon='\ue8fc' data-av_iconfont='entypo-fontello' title='' data-avia-related-tooltip='Compartir en LinkedIn' rel=\"noopener\"><span class='avia_hidden_link_text'>Compartir en LinkedIn<\/span><\/a><\/li><li class='av-share-link av-social-link-mail' ><a  aria-label=\"Compartir por correo\" href='mailto:?subject=PDI%20Ays%C3%A9n%20desarticula%20banda%20delictual%20especializada%20en%20robos%20proveniente%20de%20Valdivia&#038;body=https:\/\/radiorevelacionfm.cl\/?p=37160' aria-hidden='false' data-av_icon='\ue805' data-av_iconfont='entypo-fontello' title='' data-avia-related-tooltip='Compartir por correo'><span class='avia_hidden_link_text'>Compartir por correo<\/span><\/a><\/li><\/ul><\/div><\/div>\n<div  style='height:50px' class='hr hr-invisible   avia-builder-el-8  el_after_av_social_share  el_before_av_comments_list '><span class='hr-inner ' ><span class='hr-inner-style'><\/span><\/span><\/div>\n<div  class='av-buildercomment  av-blog-meta-html-info-disabled av-blog-meta-tag-disabled  '><\/div>\n","protected":false},"excerpt":{"rendered":"","protected":false},"author":1,"featured_media":37166,"comment_status":"open","ping_status":"open","sticky":false,"template":"","format":"standard","meta":{"footnotes":""},"categories":[36],"tags":[],"class_list":["post-37160","post","type-post","status-publish","format-standard","has-post-thumbnail","hentry","category-policial"],"jetpack_featured_media_url":"https:\/\/radiorevelacionfm.cl\/wp-content\/uploads\/2023\/11\/img_4558-1-1_optimized.jpg","_links":{"self":[{"href":"https:\/\/radiorevelacionfm.cl\/index.php?rest_route=\/wp\/v2\/posts\/37160","targetHints":{"allow":["GET"]}}],"collection":[{"href":"https:\/\/radiorevelacionfm.cl\/index.php?rest_route=\/wp\/v2\/posts"}],"about":[{"href":"https:\/\/radiorevelacionfm.cl\/index.php?rest_route=\/wp\/v2\/types\/post"}],"author":[{"embeddable":true,"href":"https:\/\/radiorevelacionfm.cl\/index.php?rest_route=\/wp\/v2\/users\/1"}],"replies":[{"embeddable":true,"href":"https:\/\/radiorevelacionfm.cl\/index.php?rest_route=%2Fwp%2Fv2%2Fcomments&post=37160"}],"version-history":[{"count":3,"href":"https:\/\/radiorevelacionfm.cl\/index.php?rest_route=\/wp\/v2\/posts\/37160\/revisions"}],"predecessor-version":[{"id":37196,"href":"https:\/\/radiorevelacionfm.cl\/index.php?rest_route=\/wp\/v2\/posts\/37160\/revisions\/37196"}],"wp:featuredmedia":[{"embeddable":true,"href":"https:\/\/radiorevelacionfm.cl\/index.php?rest_route=\/wp\/v2\/media\/37166"}],"wp:attachment":[{"href":"https:\/\/radiorevelacionfm.cl\/index.php?rest_route=%2Fwp%2Fv2%2Fmedia&parent=37160"}],"wp:term":[{"taxonomy":"category","embeddable":true,"href":"https:\/\/radiorevelacionfm.cl\/index.php?rest_route=%2Fwp%2Fv2%2Fcategories&post=37160"},{"taxonomy":"post_tag","embeddable":true,"href":"https:\/\/radiorevelacionfm.cl\/index.php?rest_route=%2Fwp%2Fv2%2Ftags&post=37160"}],"curies":[{"name":"wp","href":"https:\/\/api.w.org\/{rel}","templated":true}]}}