{"id":37156,"date":"2023-11-21T10:41:53","date_gmt":"2023-11-21T13:41:53","guid":{"rendered":"https:\/\/radiorevelacionfm.cl\/?p=37156"},"modified":"2023-11-21T10:41:53","modified_gmt":"2023-11-21T13:41:53","slug":"reiteran-importancia-de-acceder-a-examenes-preventivos-para-el-cuidado-de-la-salud","status":"publish","type":"post","link":"https:\/\/radiorevelacionfm.cl\/?p=37156","title":{"rendered":"Reiteran importancia de acceder a ex\u00e1menes preventivos para el cuidado de la salud"},"content":{"rendered":"<div class=\"flex_column av_one_full  flex_column_div av-zero-column-padding first  avia-builder-el-0  el_before_av_one_full  avia-builder-el-first  \" style='border-radius:0px; '><div  class='avia-image-container  av-styling-    avia-builder-el-1  avia-builder-el-no-sibling  avia-align-center '  itemprop=\"image\" itemscope=\"itemscope\" itemtype=\"https:\/\/schema.org\/ImageObject\"  ><div class='avia-image-container-inner'><div class='avia-image-overlay-wrap'><img decoding=\"async\" class='wp-image-37168 avia-img-lazy-loading-not-37168 avia_image' src=\"https:\/\/radiorevelacionfm.cl\/wp-content\/uploads\/2023\/11\/examenes-empa-1-1_optimized-1.jpeg\" alt='' title='examenes-empa-1-1_optimized (1)' height=\"600\" width=\"1067\"  itemprop=\"thumbnailUrl\" srcset=\"https:\/\/radiorevelacionfm.cl\/wp-content\/uploads\/2023\/11\/examenes-empa-1-1_optimized-1.jpeg 1067w, https:\/\/radiorevelacionfm.cl\/wp-content\/uploads\/2023\/11\/examenes-empa-1-1_optimized-1-300x169.jpeg 300w, https:\/\/radiorevelacionfm.cl\/wp-content\/uploads\/2023\/11\/examenes-empa-1-1_optimized-1-1030x579.jpeg 1030w, https:\/\/radiorevelacionfm.cl\/wp-content\/uploads\/2023\/11\/examenes-empa-1-1_optimized-1-768x432.jpeg 768w, https:\/\/radiorevelacionfm.cl\/wp-content\/uploads\/2023\/11\/examenes-empa-1-1_optimized-1-705x396.jpeg 705w, https:\/\/radiorevelacionfm.cl\/wp-content\/uploads\/2023\/11\/examenes-empa-1-1_optimized-1-450x253.jpeg 450w, https:\/\/radiorevelacionfm.cl\/wp-content\/uploads\/2023\/11\/examenes-empa-1-1_optimized-1-600x337.jpeg 600w\" sizes=\"(max-width: 1067px) 100vw, 1067px\" \/><\/div><\/div><\/div><\/div><div class=\"flex_column av_one_full  flex_column_div av-zero-column-padding first  avia-builder-el-2  el_after_av_one_full  el_before_av_one_full  column-top-margin\" style='border-radius:0px; '><section class=\"av_textblock_section \"  itemscope=\"itemscope\" itemtype=\"https:\/\/schema.org\/BlogPosting\" itemprop=\"blogPost\" ><div class='avia_textblock  '   itemprop=\"text\" ><p style=\"text-align: center;\"><strong><span style=\"font-size: 18pt;\">Reiteran importancia de acceder a ex\u00e1menes preventivos para el cuidado de la salud<\/span><\/strong><\/p>\n<div id=\"gtx-trans\" style=\"position: absolute; left: -50px; top: 4.31534px;\">\n<div class=\"gtx-trans-icon\"><\/div>\n<\/div>\n<\/div><\/section><\/div><\/p>\n<div class=\"flex_column av_one_full  flex_column_div av-zero-column-padding first  avia-builder-el-4  el_after_av_one_full  el_before_av_hr  column-top-margin\" style='border-radius:0px; '><section class=\"av_textblock_section \"  itemscope=\"itemscope\" itemtype=\"https:\/\/schema.org\/BlogPosting\" itemprop=\"blogPost\" ><div class='avia_textblock  '   itemprop=\"text\" ><p style=\"text-align: justify;\"><em>Todas las personas que tengan un contrato por m\u00e1s de 30 d\u00edas, pueden solicitar \u2013 una vez al a\u00f1o- \u00a0un permiso especial para realizarse ex\u00e1menes preventivos de salud.<\/em><\/p>\n<p style=\"text-align: justify;\">Hacer \u00e9nfasis en la importancia de la educaci\u00f3n, prevenci\u00f3n y el autocuidado, es una de las constantes acciones que se desarrollan por parte de la Seremi de Salud Ays\u00e9n, tal como ocurri\u00f3 con un stand educativo sobre los cuidados y complicaciones de la Diabetes Mellitus en la sala de ventas del supermercado Unimarc, ocasi\u00f3n donde el p\u00fablico asistente pudo acceder a ex\u00e1menes de medicina preventiva del adulto (EMPA).<\/p>\n<p style=\"text-align: justify;\">Ex\u00e1menes que se ejecutaron a trav\u00e9s del trabajo de los estudiantes de la carrera de enfermer\u00eda de la Universidad Ays\u00e9n, tal como lo manifest\u00f3 la Seremi de Salud Ays\u00e9n, Carmen Gloria Monsalve G\u00f3mez, quien adem\u00e1s relev\u00f3 la importancia de acceder a estas medidas preventivas tanto en la salud p\u00fablica, como privada. \u201cJunto con destacar la colaboraci\u00f3n de la Universidad de Ays\u00e9n, donde a trav\u00e9s de los estudiantes de la carrera de enfermer\u00eda se pudo levantar este operativo para la toma de estos ex\u00e1menes preventivos, quiero recordar a la comunidad la importancia de acceder a estos ex\u00e1menes al menos una vez al a\u00f1o, con la finalidad de conocer su estado de salud frente a enfermedades que suelen ser silenciosas en sus s\u00edntomas como la diabetes o la hipertensi\u00f3n. En el caso de los usuarios de FONASA, solo deben acercarse a sus centros familiares de salud, CESFAM; y en el caso de ISAPRES, las personas deben tomar contacto con su prestador de servicio, ya que en ambos casos estos ex\u00e1menes son gratuitos, una vez al a\u00f1o\u201d.<\/p>\n<p style=\"text-align: justify;\">Toma de ex\u00e1menes abiertos a la comunidad, que fue destacado por la presidenta del Sindicato Hipermas- Unimarc, Blanca Navarrete. \u201cUna muy buena iniciativa, se agradece mucho, y m\u00e1s a\u00fan que son ex\u00e1menes gratuitos. Yo creo que es importante porque uno no siempre se da el tiempo para poder ir a hacerse un examen preventivo y si te lo est\u00e1n dando aqu\u00ed mismo, en tu lugar de trabajo, genial. Tambi\u00e9n un llamado para los clientes que lo estamos haciendo por parte del Supermercado, por alto parlante, que se acerquen. Yo creo que han tenido una muy buena acogida porque ha venido mucha gente, muy bien, muchas gracias, se agradece porque nos sirve a todos nosotros como trabajadores y al p\u00fablico en general\u201d.<\/p>\n<p style=\"text-align: justify;\">En la actividad participaron la Direcci\u00f3n del Trabajo y Seremi del Trabajo y Previsi\u00f3n Social. Con respecto al permiso laboral existente para realizarse ex\u00e1menes preventivos, Manuel Lillo, coordinador inspectivo de la Direcci\u00f3n del Trabajo, explic\u00f3, \u201cLa norma establece en el art\u00edculo 66 bis del C\u00f3digo del Trabajo que todos los trabajadores y trabajadoras independientes de su rango etario, es decir, no hace distinci\u00f3n de edad ni de g\u00e9nero. Todos los trabajadores\/as que tengan un contrato por m\u00e1s de 30 d\u00edas pueden pedir un permiso pagado, el cual consiste en medio d\u00eda en el cual pueden hacerse los ex\u00e1menes preventivos de salud que tengan lugar, estos pueden ser mamograf\u00edas, ex\u00e1menes de la pr\u00f3stata en caso de los varones, examen de la diabetes, en fin, cualquier examen de medicina preventiva. La formalidad para pedirlo es que los trabajadores lo hagan avisando a su empleador, al menos con una semana de anticipaci\u00f3n y posteriormente tienen que acreditar con alg\u00fan documento que efectivamente en el d\u00eda que solicitaron, se hicieron el examen. Es importante reforzar que cuando acrediten la atenci\u00f3n de su examen preventivo lo que tienen que acreditar es justamente la atenci\u00f3n en el recinto asistencial, no los resultados del examen\u201d.<\/p>\n<p style=\"text-align: justify;\">Finalmente, cabe se\u00f1alar que en Chile, la prevalencia estimada de Diabetes tipo 2 seg\u00fan la \u00faltima Encuesta Nacional de Salud (2016-2017), fue de un 12,3%. Sin embargo, 1 de cada 2 personas que tiene Diabetes no lo sabe, de ah\u00ed la importancia de pesquisar de manera oportuna a trav\u00e9s del Examen de Medicina Preventiva (EMP).\u00a0 Ahora, en nuestra regi\u00f3n se encuentran actualmente bajo control alrededor\u00a0 de\u00a0 4 mil 300\u00a0 personas con Diagn\u00f3stico de Diabetes tipo 2(a Diciembre 2022). De ellas, s\u00f3lo un 37% se encuentra con su patolog\u00eda compensada.<\/p>\n<\/div><\/section><\/div>\n<div  style='height:50px' class='hr hr-invisible   avia-builder-el-6  el_after_av_one_full  el_before_av_social_share '><span class='hr-inner ' ><span class='hr-inner-style'><\/span><\/span><\/div>\n<div  class='av-social-sharing-box  avia-builder-el-7  el_after_av_hr  el_before_av_hr  '><div class='av-share-box'><h5 class='av-share-link-description av-no-toc '>Compartir esta noticia<\/h5><ul class='av-share-box-list noLightbox'><li class='av-share-link av-social-link-facebook' ><a target=\"_blank\" aria-label=\"Compartir en Facebook\" href='https:\/\/www.facebook.com\/sharer.php?u=https:\/\/radiorevelacionfm.cl\/?p=37156&#038;t=Reiteran%20importancia%20de%20acceder%20a%20ex%C3%A1menes%20preventivos%20para%20el%20cuidado%20de%20la%20salud' aria-hidden='false' data-av_icon='\ue8f3' data-av_iconfont='entypo-fontello' title='' data-avia-related-tooltip='Compartir en Facebook' rel=\"noopener\"><span class='avia_hidden_link_text'>Compartir en Facebook<\/span><\/a><\/li><li class='av-share-link av-social-link-twitter' ><a target=\"_blank\" aria-label=\"Compartir en Twitter\" href='https:\/\/twitter.com\/share?text=Reiteran%20importancia%20de%20acceder%20a%20ex%C3%A1menes%20preventivos%20para%20el%20cuidado%20de%20la%20salud&#038;url=https:\/\/radiorevelacionfm.cl\/?p=37156' aria-hidden='false' data-av_icon='\ue8f1' data-av_iconfont='entypo-fontello' title='' data-avia-related-tooltip='Compartir en Twitter' rel=\"noopener\"><span class='avia_hidden_link_text'>Compartir en Twitter<\/span><\/a><\/li><li class='av-share-link av-social-link-whatsapp' ><a target=\"_blank\" aria-label=\"Compartir en Whatsapp\" href='https:\/\/api.whatsapp.com\/send?text=https:\/\/radiorevelacionfm.cl\/?p=37156' aria-hidden='false' data-av_icon='\uf232' data-av_iconfont='entypo-fontello' title='' data-avia-related-tooltip='Compartir en Whatsapp' rel=\"noopener\"><span class='avia_hidden_link_text'>Compartir en Whatsapp<\/span><\/a><\/li><li class='av-share-link av-social-link-linkedin' ><a target=\"_blank\" aria-label=\"Compartir en LinkedIn\" href='https:\/\/linkedin.com\/shareArticle?mini=true&#038;title=Reiteran%20importancia%20de%20acceder%20a%20ex%C3%A1menes%20preventivos%20para%20el%20cuidado%20de%20la%20salud&#038;url=https:\/\/radiorevelacionfm.cl\/?p=37156' aria-hidden='false' data-av_icon='\ue8fc' data-av_iconfont='entypo-fontello' title='' data-avia-related-tooltip='Compartir en LinkedIn' rel=\"noopener\"><span class='avia_hidden_link_text'>Compartir en LinkedIn<\/span><\/a><\/li><li class='av-share-link av-social-link-mail' ><a  aria-label=\"Compartir por correo\" href='mailto:?subject=Reiteran%20importancia%20de%20acceder%20a%20ex%C3%A1menes%20preventivos%20para%20el%20cuidado%20de%20la%20salud&#038;body=https:\/\/radiorevelacionfm.cl\/?p=37156' aria-hidden='false' data-av_icon='\ue805' data-av_iconfont='entypo-fontello' title='' data-avia-related-tooltip='Compartir por correo'><span class='avia_hidden_link_text'>Compartir por correo<\/span><\/a><\/li><\/ul><\/div><\/div>\n<div  style='height:50px' class='hr hr-invisible   avia-builder-el-8  el_after_av_social_share  el_before_av_comments_list '><span class='hr-inner ' ><span class='hr-inner-style'><\/span><\/span><\/div>\n<div  class='av-buildercomment  av-blog-meta-html-info-disabled av-blog-meta-tag-disabled  '><\/div>\n","protected":false},"excerpt":{"rendered":"","protected":false},"author":1,"featured_media":37168,"comment_status":"open","ping_status":"open","sticky":false,"template":"","format":"standard","meta":{"footnotes":""},"categories":[46],"tags":[],"class_list":["post-37156","post","type-post","status-publish","format-standard","has-post-thumbnail","hentry","category-salud"],"jetpack_featured_media_url":"https:\/\/radiorevelacionfm.cl\/wp-content\/uploads\/2023\/11\/examenes-empa-1-1_optimized-1.jpeg","_links":{"self":[{"href":"https:\/\/radiorevelacionfm.cl\/index.php?rest_route=\/wp\/v2\/posts\/37156","targetHints":{"allow":["GET"]}}],"collection":[{"href":"https:\/\/radiorevelacionfm.cl\/index.php?rest_route=\/wp\/v2\/posts"}],"about":[{"href":"https:\/\/radiorevelacionfm.cl\/index.php?rest_route=\/wp\/v2\/types\/post"}],"author":[{"embeddable":true,"href":"https:\/\/radiorevelacionfm.cl\/index.php?rest_route=\/wp\/v2\/users\/1"}],"replies":[{"embeddable":true,"href":"https:\/\/radiorevelacionfm.cl\/index.php?rest_route=%2Fwp%2Fv2%2Fcomments&post=37156"}],"version-history":[{"count":2,"href":"https:\/\/radiorevelacionfm.cl\/index.php?rest_route=\/wp\/v2\/posts\/37156\/revisions"}],"predecessor-version":[{"id":37169,"href":"https:\/\/radiorevelacionfm.cl\/index.php?rest_route=\/wp\/v2\/posts\/37156\/revisions\/37169"}],"wp:featuredmedia":[{"embeddable":true,"href":"https:\/\/radiorevelacionfm.cl\/index.php?rest_route=\/wp\/v2\/media\/37168"}],"wp:attachment":[{"href":"https:\/\/radiorevelacionfm.cl\/index.php?rest_route=%2Fwp%2Fv2%2Fmedia&parent=37156"}],"wp:term":[{"taxonomy":"category","embeddable":true,"href":"https:\/\/radiorevelacionfm.cl\/index.php?rest_route=%2Fwp%2Fv2%2Fcategories&post=37156"},{"taxonomy":"post_tag","embeddable":true,"href":"https:\/\/radiorevelacionfm.cl\/index.php?rest_route=%2Fwp%2Fv2%2Ftags&post=37156"}],"curies":[{"name":"wp","href":"https:\/\/api.w.org\/{rel}","templated":true}]}}