{"id":37151,"date":"2023-11-20T16:01:00","date_gmt":"2023-11-20T19:01:00","guid":{"rendered":"https:\/\/radiorevelacionfm.cl\/?p=37151"},"modified":"2023-11-20T18:40:16","modified_gmt":"2023-11-20T21:40:16","slug":"proyecto-entre-gauchos-y-bailarinas-congrega-a-comunidades-de-villa-amengual","status":"publish","type":"post","link":"https:\/\/radiorevelacionfm.cl\/?p=37151","title":{"rendered":"Proyecto \u201cEntre gauchos y bailarinas\u201d congrega a comunidades de Villa Amengual"},"content":{"rendered":"<div class=\"flex_column av_one_full  flex_column_div av-zero-column-padding first  avia-builder-el-0  el_before_av_one_full  avia-builder-el-first  \" style='border-radius:0px; '><div  class='avia-image-container  av-styling-    avia-builder-el-1  avia-builder-el-no-sibling  avia-align-center '  itemprop=\"image\" itemscope=\"itemscope\" itemtype=\"https:\/\/schema.org\/ImageObject\"  ><div class='avia-image-container-inner'><div class='avia-image-overlay-wrap'><img decoding=\"async\" class='wp-image-37171 avia-img-lazy-loading-not-37171 avia_image' src=\"https:\/\/radiorevelacionfm.cl\/wp-content\/uploads\/2023\/11\/ica-amengual-1-1_optimized.jpg\" alt='' title='ica-amengual-1-(1)_optimized' height=\"600\" width=\"899\"  itemprop=\"thumbnailUrl\" srcset=\"https:\/\/radiorevelacionfm.cl\/wp-content\/uploads\/2023\/11\/ica-amengual-1-1_optimized.jpg 899w, https:\/\/radiorevelacionfm.cl\/wp-content\/uploads\/2023\/11\/ica-amengual-1-1_optimized-300x200.jpg 300w, https:\/\/radiorevelacionfm.cl\/wp-content\/uploads\/2023\/11\/ica-amengual-1-1_optimized-768x513.jpg 768w, https:\/\/radiorevelacionfm.cl\/wp-content\/uploads\/2023\/11\/ica-amengual-1-1_optimized-705x471.jpg 705w, https:\/\/radiorevelacionfm.cl\/wp-content\/uploads\/2023\/11\/ica-amengual-1-1_optimized-450x300.jpg 450w, https:\/\/radiorevelacionfm.cl\/wp-content\/uploads\/2023\/11\/ica-amengual-1-1_optimized-600x400.jpg 600w\" sizes=\"(max-width: 899px) 100vw, 899px\" \/><\/div><\/div><\/div><\/div><div class=\"flex_column av_one_full  flex_column_div av-zero-column-padding first  avia-builder-el-2  el_after_av_one_full  el_before_av_one_full  column-top-margin\" style='border-radius:0px; '><section class=\"av_textblock_section \"  itemscope=\"itemscope\" itemtype=\"https:\/\/schema.org\/BlogPosting\" itemprop=\"blogPost\" ><div class='avia_textblock  '   itemprop=\"text\" ><p style=\"text-align: center;\"><strong><span style=\"font-size: 18pt;\">Proyecto \u201cEntre gauchos y bailarinas\u201d congrega a comunidades de Villa Amengual <\/span><\/strong><\/p>\n<div id=\"gtx-trans\" style=\"position: absolute; left: -50px; top: 4.31534px;\">\n<div class=\"gtx-trans-icon\"><\/div>\n<\/div>\n<\/div><\/section><\/div><\/p>\n<div class=\"flex_column av_one_full  flex_column_div av-zero-column-padding first  avia-builder-el-4  el_after_av_one_full  el_before_av_hr  column-top-margin\" style='border-radius:0px; '><section class=\"av_textblock_section \"  itemscope=\"itemscope\" itemtype=\"https:\/\/schema.org\/BlogPosting\" itemprop=\"blogPost\" ><div class='avia_textblock  '   itemprop=\"text\" ><p style=\"text-align: justify;\"><em>N\u00fameros art\u00edsticos y platos tradicionales configuraron los resultados del proyecto organizado por agentes locales.<\/em><\/p>\n<p style=\"text-align: justify;\">En la comuna de Lago Verde, vecinas y vecinos se reunieron en el gimnasio de Villa Amengual para compartir de las presentaciones art\u00edsticas del proyecto \u201cEntre gauchos y bailarinas\u201d, Iniciativa Cultural Asociativa (ICA) levantada por la ciudadan\u00eda y encabezada por la Agrupaci\u00f3n Juvenil, Social, Deportiva, Cultural y Medio Ambiental Entre R\u00edos y Monta\u00f1as para preservar las tradiciones e identidad de pioneros.<\/p>\n<p style=\"text-align: justify;\">El proyecto, financiado por el programa de la Identidad Cultural Regional (FICR), permiti\u00f3 congregar a familias en torno a actividades orientadas a las ra\u00edces, saberes generacionales y la memoria hist\u00f3rica que trajeron consigo los primeros habitantes del sector y que, tras pasar de los a\u00f1os, han sido replicadas a j\u00f3venes mediante el relato oral y testimonios escritos.<\/p>\n<p style=\"text-align: justify;\">La seremi de Culturas subrogante, Patricia Rivera, se\u00f1al\u00f3 ante el quehacer mancomunado y la tarea de descentralizar las pol\u00edticas p\u00fablicas culturales: \u201cSe fortalecen todos los lazos comunitarios. Son protagonistas las comunidades con una gesti\u00f3n local que responde a las necesidades de ese territorio y eso es muy valioso. Adem\u00e1s, se promueve el arte y la cultura\u201d.<\/p>\n<p style=\"text-align: justify;\">En ese contexto, la mesa art\u00edstica plante\u00f3 una serie de talleres destinados a un amplio rango etario, entre los que figuran el rescate del patrimonio culinarios mediante cuatro sesiones de cocina popular para ni\u00f1as y ni\u00f1os de la Escuela de Villa Amengual, clases de teatro orientadas a la Agrupaci\u00f3n Llovizna de la Patagonia y un taller de confecci\u00f3n de gauchos con materia prima reciclada.<\/p>\n<p style=\"text-align: justify;\">\u201cEste proyecto se orientaba a recuperar el patrimonio material y rescatar nuestra cultura como patagones, y eso fue lo que trabajaron bastante las artesanas desde lo manual\u201d, detall\u00f3 Cynthia Bulher, integrante de la Agrupaci\u00f3n Entre R\u00edos y Monta\u00f1a, luego que artesanas exhibieran los resultados del taller. \u201cConsidero que este fue un proyecto muy emotivo, de mucho acercamiento de organizaciones de nuestra localidad, y como est\u00e1bamos tan distanciados como comunidad, acercarnos trae consigo alegr\u00edas\u201d, valoriz\u00f3 Bulher al concluir la jornada que dentro de su cronograma consider\u00f3 un homenaje p\u00f3stumo al fot\u00f3grafo y residente de Amengual, Kelo Arias.<\/p>\n<p style=\"text-align: justify;\">El cierro cont\u00f3 n\u00fameros art\u00edsticos de los m\u00fasicos Renato Lema y Roly, junto a una presentaci\u00f3n de danza por Vallis Sol. Al respecto, Isamar Mansilla, bailarina e integrante de la Agrupaci\u00f3n Llovizna de la Patagonia, quien particip\u00f3 en compa\u00f1\u00eda del elenco en el taller de teatro, adem\u00e1s de la presentaci\u00f3n de bailes folcl\u00f3ricos, manifest\u00f3: \u201cNos permite crecer. Crecimiento activo en todos los sentidos, cultural, art\u00edstico. Es nutrici\u00f3n completa a nuestro entorno danc\u00edstico y tambi\u00e9n personal, porque esto nos permite desarrollar habilidades que nosotros no pens\u00e1bamos que ten\u00edamos\u201d.<\/p>\n<p style=\"text-align: justify;\">Tras concluir la jornada, los asistentes degustaron platos de la cocina tradicional de Amengual, incluido tortas y dulces, todo preparado por estudiantes de la escuela de la localidad que fueron parte del taller culinario del ICA.<\/p>\n<\/div><\/section><\/div>\n<div  style='height:50px' class='hr hr-invisible   avia-builder-el-6  el_after_av_one_full  el_before_av_social_share '><span class='hr-inner ' ><span class='hr-inner-style'><\/span><\/span><\/div>\n<div  class='av-social-sharing-box  avia-builder-el-7  el_after_av_hr  el_before_av_hr  '><div class='av-share-box'><h5 class='av-share-link-description av-no-toc '>Compartir esta noticia<\/h5><ul class='av-share-box-list noLightbox'><li class='av-share-link av-social-link-facebook' ><a target=\"_blank\" aria-label=\"Compartir en Facebook\" href='https:\/\/www.facebook.com\/sharer.php?u=https:\/\/radiorevelacionfm.cl\/?p=37151&#038;t=Proyecto%20%E2%80%9CEntre%20gauchos%20y%20bailarinas%E2%80%9D%20congrega%20a%20comunidades%20de%20Villa%20Amengual' aria-hidden='false' data-av_icon='\ue8f3' data-av_iconfont='entypo-fontello' title='' data-avia-related-tooltip='Compartir en Facebook' rel=\"noopener\"><span class='avia_hidden_link_text'>Compartir en Facebook<\/span><\/a><\/li><li class='av-share-link av-social-link-twitter' ><a target=\"_blank\" aria-label=\"Compartir en Twitter\" href='https:\/\/twitter.com\/share?text=Proyecto%20%E2%80%9CEntre%20gauchos%20y%20bailarinas%E2%80%9D%20congrega%20a%20comunidades%20de%20Villa%20Amengual&#038;url=https:\/\/radiorevelacionfm.cl\/?p=37151' aria-hidden='false' data-av_icon='\ue8f1' data-av_iconfont='entypo-fontello' title='' data-avia-related-tooltip='Compartir en Twitter' rel=\"noopener\"><span class='avia_hidden_link_text'>Compartir en Twitter<\/span><\/a><\/li><li class='av-share-link av-social-link-whatsapp' ><a target=\"_blank\" aria-label=\"Compartir en Whatsapp\" href='https:\/\/api.whatsapp.com\/send?text=https:\/\/radiorevelacionfm.cl\/?p=37151' aria-hidden='false' data-av_icon='\uf232' data-av_iconfont='entypo-fontello' title='' data-avia-related-tooltip='Compartir en Whatsapp' rel=\"noopener\"><span class='avia_hidden_link_text'>Compartir en Whatsapp<\/span><\/a><\/li><li class='av-share-link av-social-link-linkedin' ><a target=\"_blank\" aria-label=\"Compartir en LinkedIn\" href='https:\/\/linkedin.com\/shareArticle?mini=true&#038;title=Proyecto%20%E2%80%9CEntre%20gauchos%20y%20bailarinas%E2%80%9D%20congrega%20a%20comunidades%20de%20Villa%20Amengual&#038;url=https:\/\/radiorevelacionfm.cl\/?p=37151' aria-hidden='false' data-av_icon='\ue8fc' data-av_iconfont='entypo-fontello' title='' data-avia-related-tooltip='Compartir en LinkedIn' rel=\"noopener\"><span class='avia_hidden_link_text'>Compartir en LinkedIn<\/span><\/a><\/li><li class='av-share-link av-social-link-mail' ><a  aria-label=\"Compartir por correo\" href='mailto:?subject=Proyecto%20%E2%80%9CEntre%20gauchos%20y%20bailarinas%E2%80%9D%20congrega%20a%20comunidades%20de%20Villa%20Amengual&#038;body=https:\/\/radiorevelacionfm.cl\/?p=37151' aria-hidden='false' data-av_icon='\ue805' data-av_iconfont='entypo-fontello' title='' data-avia-related-tooltip='Compartir por correo'><span class='avia_hidden_link_text'>Compartir por correo<\/span><\/a><\/li><\/ul><\/div><\/div>\n<div  style='height:50px' class='hr hr-invisible   avia-builder-el-8  el_after_av_social_share  el_before_av_comments_list '><span class='hr-inner ' ><span class='hr-inner-style'><\/span><\/span><\/div>\n<div  class='av-buildercomment  av-blog-meta-html-info-disabled av-blog-meta-tag-disabled  '><\/div>\n","protected":false},"excerpt":{"rendered":"","protected":false},"author":1,"featured_media":37171,"comment_status":"open","ping_status":"open","sticky":false,"template":"","format":"standard","meta":{"footnotes":""},"categories":[52],"tags":[],"class_list":["post-37151","post","type-post","status-publish","format-standard","has-post-thumbnail","hentry","category-cultura"],"jetpack_featured_media_url":"https:\/\/radiorevelacionfm.cl\/wp-content\/uploads\/2023\/11\/ica-amengual-1-1_optimized.jpg","_links":{"self":[{"href":"https:\/\/radiorevelacionfm.cl\/index.php?rest_route=\/wp\/v2\/posts\/37151","targetHints":{"allow":["GET"]}}],"collection":[{"href":"https:\/\/radiorevelacionfm.cl\/index.php?rest_route=\/wp\/v2\/posts"}],"about":[{"href":"https:\/\/radiorevelacionfm.cl\/index.php?rest_route=\/wp\/v2\/types\/post"}],"author":[{"embeddable":true,"href":"https:\/\/radiorevelacionfm.cl\/index.php?rest_route=\/wp\/v2\/users\/1"}],"replies":[{"embeddable":true,"href":"https:\/\/radiorevelacionfm.cl\/index.php?rest_route=%2Fwp%2Fv2%2Fcomments&post=37151"}],"version-history":[{"count":2,"href":"https:\/\/radiorevelacionfm.cl\/index.php?rest_route=\/wp\/v2\/posts\/37151\/revisions"}],"predecessor-version":[{"id":37172,"href":"https:\/\/radiorevelacionfm.cl\/index.php?rest_route=\/wp\/v2\/posts\/37151\/revisions\/37172"}],"wp:featuredmedia":[{"embeddable":true,"href":"https:\/\/radiorevelacionfm.cl\/index.php?rest_route=\/wp\/v2\/media\/37171"}],"wp:attachment":[{"href":"https:\/\/radiorevelacionfm.cl\/index.php?rest_route=%2Fwp%2Fv2%2Fmedia&parent=37151"}],"wp:term":[{"taxonomy":"category","embeddable":true,"href":"https:\/\/radiorevelacionfm.cl\/index.php?rest_route=%2Fwp%2Fv2%2Fcategories&post=37151"},{"taxonomy":"post_tag","embeddable":true,"href":"https:\/\/radiorevelacionfm.cl\/index.php?rest_route=%2Fwp%2Fv2%2Ftags&post=37151"}],"curies":[{"name":"wp","href":"https:\/\/api.w.org\/{rel}","templated":true}]}}