{"id":37142,"date":"2023-11-20T15:31:19","date_gmt":"2023-11-20T18:31:19","guid":{"rendered":"https:\/\/radiorevelacionfm.cl\/?p=37142"},"modified":"2023-11-20T15:57:46","modified_gmt":"2023-11-20T18:57:46","slug":"villa-manihuales-eligio-a-su-nueva-reina-con-diversas-actividades-en-su-aniversario-n-61","status":"publish","type":"post","link":"https:\/\/radiorevelacionfm.cl\/?p=37142","title":{"rendered":"Villa Ma\u00f1ihuales eligi\u00f3 a su nueva reina en el marco de su Aniversario N\u00b0 61"},"content":{"rendered":"<div class=\"flex_column av_one_full  flex_column_div av-zero-column-padding first  avia-builder-el-0  el_before_av_one_full  avia-builder-el-first  \" style='border-radius:0px; '><div  class='avia-image-container  av-styling-    avia-builder-el-1  avia-builder-el-no-sibling  avia-align-center '  itemprop=\"image\" itemscope=\"itemscope\" itemtype=\"https:\/\/schema.org\/ImageObject\"  ><div class='avia-image-container-inner'><div class='avia-image-overlay-wrap'><img decoding=\"async\" class='wp-image-37145 avia-img-lazy-loading-not-37145 avia_image' src=\"https:\/\/radiorevelacionfm.cl\/wp-content\/uploads\/2023\/11\/Coronacion-de-la-Reina-Manihuales2-1-1.jpg\" alt='' title='Coronaci\u00f3n de la Reina Ma\u00f1ihuales2 (1) (1)' height=\"600\" width=\"1067\"  itemprop=\"thumbnailUrl\" srcset=\"https:\/\/radiorevelacionfm.cl\/wp-content\/uploads\/2023\/11\/Coronacion-de-la-Reina-Manihuales2-1-1.jpg 1067w, https:\/\/radiorevelacionfm.cl\/wp-content\/uploads\/2023\/11\/Coronacion-de-la-Reina-Manihuales2-1-1-300x169.jpg 300w, https:\/\/radiorevelacionfm.cl\/wp-content\/uploads\/2023\/11\/Coronacion-de-la-Reina-Manihuales2-1-1-1030x579.jpg 1030w, https:\/\/radiorevelacionfm.cl\/wp-content\/uploads\/2023\/11\/Coronacion-de-la-Reina-Manihuales2-1-1-768x432.jpg 768w, https:\/\/radiorevelacionfm.cl\/wp-content\/uploads\/2023\/11\/Coronacion-de-la-Reina-Manihuales2-1-1-705x396.jpg 705w, https:\/\/radiorevelacionfm.cl\/wp-content\/uploads\/2023\/11\/Coronacion-de-la-Reina-Manihuales2-1-1-450x253.jpg 450w, https:\/\/radiorevelacionfm.cl\/wp-content\/uploads\/2023\/11\/Coronacion-de-la-Reina-Manihuales2-1-1-600x337.jpg 600w\" sizes=\"(max-width: 1067px) 100vw, 1067px\" \/><\/div><\/div><\/div><\/div>\n<div class=\"flex_column av_one_full  flex_column_div av-zero-column-padding first  avia-builder-el-2  el_after_av_one_full  el_before_av_one_full  column-top-margin\" style='border-radius:0px; '><section class=\"av_textblock_section \"  itemscope=\"itemscope\" itemtype=\"https:\/\/schema.org\/BlogPosting\" itemprop=\"blogPost\" ><div class='avia_textblock  '   itemprop=\"text\" ><p style=\"text-align: center;\"><strong><span style=\"font-size: 18pt;\">Villa Ma\u00f1ihuales eligi\u00f3 a su nueva reina en el marco de su Aniversario N\u00b0 61<\/span><\/strong><\/p>\n<div id=\"gtx-trans\" style=\"position: absolute; left: -50px; top: 4.31534px;\">\n<div class=\"gtx-trans-icon\"><\/div>\n<\/div>\n<\/div><\/section><\/div><div class=\"flex_column av_one_full  flex_column_div av-zero-column-padding first  avia-builder-el-4  el_after_av_one_full  el_before_av_hr  column-top-margin\" style='border-radius:0px; '><section class=\"av_textblock_section \"  itemscope=\"itemscope\" itemtype=\"https:\/\/schema.org\/BlogPosting\" itemprop=\"blogPost\" ><div class='avia_textblock  '   itemprop=\"text\" ><p style=\"text-align: justify;\">En el marco de la finalizaci\u00f3n de la celebraci\u00f3n del sexag\u00e9simo primer aniversario de Villa Ma\u00f1ihuales, se dio el recuento de los votos para saber qu\u00e9 reina sal\u00eda escogida como la ganadora de la festividad, en esta ocasi\u00f3n la flamante ganadora fue la ma\u00f1ihualina Hip\u00f3lita Bilbao.<\/p>\n<p style=\"text-align: justify;\">Luego de las variadas actividades realizadas durante mediados del mes de octubre y noviembre; como carros aleg\u00f3ricos, un torneo de f\u00fatbol y de b\u00e1squetbol, una corrida, el ascenso al cerro Colmillo y distintas ferias, entre otros muchos panoramas; la pen\u00faltima actividad se dio el pasado s\u00e1bado, con la participaci\u00f3n del alcalde de Ays\u00e9n y otras autoridades comunales.<\/p>\n<p style=\"text-align: justify;\">Este encuentro trata de desligarse de lo que era antiguamente, en palabras del encargado de cultura, Cristian Torres, \u201cel perfil que le quisimos dar, as\u00ed como lo fue en Puerto Chacabuco, el semblante que le dimos a estos concursos fue con un enfoque de g\u00e9nero distinto, donde no se coloque la mujer como objeto, sino que se pueda colocar en valor a ella como un personaje importante y una l\u00edder dentro de la comunidad, as\u00ed es como la gente lo ha entendido y valorado\u201d.<\/p>\n<p style=\"text-align: justify;\">El alcalde de Ays\u00e9n, Julio Uribe Alvarado, se manifest\u00f3 satisfecho con el recibimiento de la fiesta ma\u00f1ihualina, \u201chan sido varias semanas, fue un extenso aniversario, en el cual tuvimos eventos deportivos, culturales, hoy el baile y creo que el comportamiento de la gente ha sido maravilloso, igual que la participaci\u00f3n, hoy d\u00eda con un gimnasio lleno de personas para culminar estos 61 a\u00f1os de aniversario\u201d.<\/p>\n<p style=\"text-align: justify;\">Por su parte, Hip\u00f3lita Bilbao la gran ganadora de la jornada, dio un mensaje para todos los participantes de las actividades y sus contendientes en la competencia, \u201cyo de mi parte estoy muy agradecida con todos, porque en el fondo hubo un apoyo mutuo y lo bueno que se termin\u00f3 todo bien, sin ning\u00fan problema con la gente, tuvimos muy buena relaci\u00f3n con las candidatas a reina y para m\u00ed eso es muy lindo\u201d.<\/p>\n<p style=\"text-align: justify;\">La reina tambi\u00e9n hizo \u00e9nfasis en conservar y utilizar los elementos de reciclaje que su equipo cre\u00f3 para una de las competencias, ya que fue un esfuerzo de todos y servir\u00e1 para tener limpia a la villa.<\/p>\n<p style=\"text-align: justify;\">La Delegada de Villa Ma\u00f1ihuales, Beatriz Oyarzo, opin\u00f3 sobre la impresi\u00f3n que los vecinos de la localidad y realiz\u00f3 una invitaci\u00f3n, \u201ca nosotros, como delegaci\u00f3n nos toc\u00f3 hacer el cierre y algunas actividades dentro del marco del aniversario y en realidad fue una buena cantidad de p\u00fablico a cada una. As\u00ed que, queremos invitar a los vecinos para sumarse el pr\u00f3ximo a\u00f1o a las actividades, a dar ideas y opiniones para la generaci\u00f3n de las nuevas, para que podamos entre todos el siguiente a\u00f1o festejar los 62 a\u00f1os de nuestro querido Villa Ma\u00f1ihuales\u201d.<\/p>\n<p style=\"text-align: justify;\">La coronaci\u00f3n fue la pen\u00faltima actividad para la finalizaci\u00f3n definitiva de la festividad del aniversario 61 de Ma\u00f1ihuales, ya que esta culminar\u00e1 con el festival \u201cCanta Ma\u00f1\u00edo Canta\u201d a realizarse el s\u00e1bado 24 y domingo 25 de noviembre.<\/p>\n<\/div><\/section><\/div><\/p>\n<div  style='height:50px' class='hr hr-invisible   avia-builder-el-6  el_after_av_one_full  el_before_av_social_share '><span class='hr-inner ' ><span class='hr-inner-style'><\/span><\/span><\/div>\n<div  class='av-social-sharing-box  avia-builder-el-7  el_after_av_hr  el_before_av_hr  '><div class='av-share-box'><h5 class='av-share-link-description av-no-toc '>Compartir esta noticia<\/h5><ul class='av-share-box-list noLightbox'><li class='av-share-link av-social-link-facebook' ><a target=\"_blank\" aria-label=\"Compartir en Facebook\" href='https:\/\/www.facebook.com\/sharer.php?u=https:\/\/radiorevelacionfm.cl\/?p=37142&#038;t=Villa%20Ma%C3%B1ihuales%20eligi%C3%B3%20a%20su%20nueva%20reina%20en%20el%20marco%20de%20su%20Aniversario%20N%C2%B0%2061' aria-hidden='false' data-av_icon='\ue8f3' data-av_iconfont='entypo-fontello' title='' data-avia-related-tooltip='Compartir en Facebook' rel=\"noopener\"><span class='avia_hidden_link_text'>Compartir en Facebook<\/span><\/a><\/li><li class='av-share-link av-social-link-twitter' ><a target=\"_blank\" aria-label=\"Compartir en Twitter\" href='https:\/\/twitter.com\/share?text=Villa%20Ma%C3%B1ihuales%20eligi%C3%B3%20a%20su%20nueva%20reina%20en%20el%20marco%20de%20su%20Aniversario%20N%C2%B0%2061&#038;url=https:\/\/radiorevelacionfm.cl\/?p=37142' aria-hidden='false' data-av_icon='\ue8f1' data-av_iconfont='entypo-fontello' title='' data-avia-related-tooltip='Compartir en Twitter' rel=\"noopener\"><span class='avia_hidden_link_text'>Compartir en Twitter<\/span><\/a><\/li><li class='av-share-link av-social-link-whatsapp' ><a target=\"_blank\" aria-label=\"Compartir en Whatsapp\" href='https:\/\/api.whatsapp.com\/send?text=https:\/\/radiorevelacionfm.cl\/?p=37142' aria-hidden='false' data-av_icon='\uf232' data-av_iconfont='entypo-fontello' title='' data-avia-related-tooltip='Compartir en Whatsapp' rel=\"noopener\"><span class='avia_hidden_link_text'>Compartir en Whatsapp<\/span><\/a><\/li><li class='av-share-link av-social-link-linkedin' ><a target=\"_blank\" aria-label=\"Compartir en LinkedIn\" href='https:\/\/linkedin.com\/shareArticle?mini=true&#038;title=Villa%20Ma%C3%B1ihuales%20eligi%C3%B3%20a%20su%20nueva%20reina%20en%20el%20marco%20de%20su%20Aniversario%20N%C2%B0%2061&#038;url=https:\/\/radiorevelacionfm.cl\/?p=37142' aria-hidden='false' data-av_icon='\ue8fc' data-av_iconfont='entypo-fontello' title='' data-avia-related-tooltip='Compartir en LinkedIn' rel=\"noopener\"><span class='avia_hidden_link_text'>Compartir en LinkedIn<\/span><\/a><\/li><li class='av-share-link av-social-link-mail' ><a  aria-label=\"Compartir por correo\" href='mailto:?subject=Villa%20Ma%C3%B1ihuales%20eligi%C3%B3%20a%20su%20nueva%20reina%20en%20el%20marco%20de%20su%20Aniversario%20N%C2%B0%2061&#038;body=https:\/\/radiorevelacionfm.cl\/?p=37142' aria-hidden='false' data-av_icon='\ue805' data-av_iconfont='entypo-fontello' title='' data-avia-related-tooltip='Compartir por correo'><span class='avia_hidden_link_text'>Compartir por correo<\/span><\/a><\/li><\/ul><\/div><\/div>\n<div  style='height:50px' class='hr hr-invisible   avia-builder-el-8  el_after_av_social_share  el_before_av_comments_list '><span class='hr-inner ' ><span class='hr-inner-style'><\/span><\/span><\/div>\n<div  class='av-buildercomment  av-blog-meta-html-info-disabled av-blog-meta-tag-disabled  '><\/div>\n","protected":false},"excerpt":{"rendered":"","protected":false},"author":1,"featured_media":37145,"comment_status":"open","ping_status":"open","sticky":false,"template":"","format":"standard","meta":{"footnotes":""},"categories":[38],"tags":[],"class_list":["post-37142","post","type-post","status-publish","format-standard","has-post-thumbnail","hentry","category-regional"],"jetpack_featured_media_url":"https:\/\/radiorevelacionfm.cl\/wp-content\/uploads\/2023\/11\/Coronacion-de-la-Reina-Manihuales2-1-1.jpg","_links":{"self":[{"href":"https:\/\/radiorevelacionfm.cl\/index.php?rest_route=\/wp\/v2\/posts\/37142","targetHints":{"allow":["GET"]}}],"collection":[{"href":"https:\/\/radiorevelacionfm.cl\/index.php?rest_route=\/wp\/v2\/posts"}],"about":[{"href":"https:\/\/radiorevelacionfm.cl\/index.php?rest_route=\/wp\/v2\/types\/post"}],"author":[{"embeddable":true,"href":"https:\/\/radiorevelacionfm.cl\/index.php?rest_route=\/wp\/v2\/users\/1"}],"replies":[{"embeddable":true,"href":"https:\/\/radiorevelacionfm.cl\/index.php?rest_route=%2Fwp%2Fv2%2Fcomments&post=37142"}],"version-history":[{"count":4,"href":"https:\/\/radiorevelacionfm.cl\/index.php?rest_route=\/wp\/v2\/posts\/37142\/revisions"}],"predecessor-version":[{"id":37154,"href":"https:\/\/radiorevelacionfm.cl\/index.php?rest_route=\/wp\/v2\/posts\/37142\/revisions\/37154"}],"wp:featuredmedia":[{"embeddable":true,"href":"https:\/\/radiorevelacionfm.cl\/index.php?rest_route=\/wp\/v2\/media\/37145"}],"wp:attachment":[{"href":"https:\/\/radiorevelacionfm.cl\/index.php?rest_route=%2Fwp%2Fv2%2Fmedia&parent=37142"}],"wp:term":[{"taxonomy":"category","embeddable":true,"href":"https:\/\/radiorevelacionfm.cl\/index.php?rest_route=%2Fwp%2Fv2%2Fcategories&post=37142"},{"taxonomy":"post_tag","embeddable":true,"href":"https:\/\/radiorevelacionfm.cl\/index.php?rest_route=%2Fwp%2Fv2%2Ftags&post=37142"}],"curies":[{"name":"wp","href":"https:\/\/api.w.org\/{rel}","templated":true}]}}