{"id":37139,"date":"2023-11-20T20:12:18","date_gmt":"2023-11-20T23:12:18","guid":{"rendered":"https:\/\/radiorevelacionfm.cl\/?p=37139"},"modified":"2023-11-20T20:12:18","modified_gmt":"2023-11-20T23:12:18","slug":"subsecretario-de-obras-publicas-llamo-a-reforzar-esfuerzos-publicos-y-privados-entorno-a-la-sustentabilidad-de-recursos-hidricos","status":"publish","type":"post","link":"https:\/\/radiorevelacionfm.cl\/?p=37139","title":{"rendered":"Subsecretario de Obras P\u00fablicas llam\u00f3 a reforzar esfuerzos p\u00fablicos y privados entorno a la sustentabilidad de recursos h\u00eddricos"},"content":{"rendered":"<div class=\"flex_column av_one_full  flex_column_div av-zero-column-padding first  avia-builder-el-0  el_before_av_one_full  avia-builder-el-first  \" style='border-radius:0px; '><div  class='avia-image-container  av-styling-    avia-builder-el-1  avia-builder-el-no-sibling  avia-align-center '  itemprop=\"image\" itemscope=\"itemscope\" itemtype=\"https:\/\/schema.org\/ImageObject\"  ><div class='avia-image-container-inner'><div class='avia-image-overlay-wrap'><img decoding=\"async\" class='wp-image-37140 avia-img-lazy-loading-not-37140 avia_image' src=\"https:\/\/radiorevelacionfm.cl\/wp-content\/uploads\/2023\/11\/IMG-20231120-WA0015-1.jpg\" alt='' title='IMG-20231120-WA0015 (1)' height=\"614\" width=\"1024\"  itemprop=\"thumbnailUrl\" srcset=\"https:\/\/radiorevelacionfm.cl\/wp-content\/uploads\/2023\/11\/IMG-20231120-WA0015-1.jpg 1024w, https:\/\/radiorevelacionfm.cl\/wp-content\/uploads\/2023\/11\/IMG-20231120-WA0015-1-300x180.jpg 300w, https:\/\/radiorevelacionfm.cl\/wp-content\/uploads\/2023\/11\/IMG-20231120-WA0015-1-768x461.jpg 768w, https:\/\/radiorevelacionfm.cl\/wp-content\/uploads\/2023\/11\/IMG-20231120-WA0015-1-705x423.jpg 705w, https:\/\/radiorevelacionfm.cl\/wp-content\/uploads\/2023\/11\/IMG-20231120-WA0015-1-450x270.jpg 450w, https:\/\/radiorevelacionfm.cl\/wp-content\/uploads\/2023\/11\/IMG-20231120-WA0015-1-600x360.jpg 600w\" sizes=\"(max-width: 1024px) 100vw, 1024px\" \/><\/div><\/div><\/div><\/div><div class=\"flex_column av_one_full  flex_column_div av-zero-column-padding first  avia-builder-el-2  el_after_av_one_full  el_before_av_one_full  column-top-margin\" style='border-radius:0px; '><section class=\"av_textblock_section \"  itemscope=\"itemscope\" itemtype=\"https:\/\/schema.org\/BlogPosting\" itemprop=\"blogPost\" ><div class='avia_textblock  '   itemprop=\"text\" ><p style=\"text-align: center;\"><strong><span style=\"font-size: 18pt;\">Subsecretario de Obras P\u00fablicas llam\u00f3 a reforzar esfuerzos p\u00fablicos y privados entorno a la sustentabilidad de recursos h\u00eddricos <\/span><\/strong><\/p>\n<div id=\"gtx-trans\" style=\"position: absolute; left: -50px; top: 4.31534px;\">\n<div class=\"gtx-trans-icon\"><\/div>\n<\/div>\n<\/div><\/section><\/div><div class=\"flex_column av_one_full  flex_column_div av-zero-column-padding first  avia-builder-el-4  el_after_av_one_full  el_before_av_hr  column-top-margin\" style='border-radius:0px; '><section class=\"av_textblock_section \"  itemscope=\"itemscope\" itemtype=\"https:\/\/schema.org\/BlogPosting\" itemprop=\"blogPost\" ><div class='avia_textblock  '   itemprop=\"text\" ><p style=\"text-align: justify;\"><em>Autoridad encabez\u00f3 inauguraci\u00f3n de Congreso de Aidis, que congreg\u00f3 a especialistas e inversionistas.<\/em><\/p>\n<p style=\"text-align: justify;\">En el marco de la XXV versi\u00f3n del Congreso agua, saneamiento y medio ambiente: Una mirada de futuro de AIDIS Chile, el subsecretario de Obras P\u00fablicas, Jos\u00e9 Andr\u00e9s Herrera, hizo un llamado, tanto al sector p\u00fablico como al privado a redoblar esfuerzos en materia de recursos h\u00eddricos, no solamente en cuanto a infraestructura y administraci\u00f3n de un bien de uso p\u00fablico, sino que mancomunando esfuerzos.<\/p>\n<p style=\"text-align: justify;\">Las palabras del subsecretario tuvieron lugar durante el acto inaugural de la actividad que se est\u00e1 desarrollando en Coyhaique y re\u00fane a profesionales, t\u00e9cnicos, estudiantes, empresas y acad\u00e9micos para analizar los desaf\u00edos y problemas que afronta el sector en la actualidad, a corto y mediano plazo.<\/p>\n<p style=\"text-align: justify;\">En la ceremonia, adem\u00e1s del subsecretario Herrera, tambi\u00e9n estuvieron presentes el presidente de AIDIS Chile, Alexander Chechilnitzky, el\u00a0 alcalde de Coyhaique Carlos Gatica y otras autoridades de la Asociaci\u00f3n Interamericana de Ingenier\u00eda Sanitaria y Ambiental (AIDIS).<\/p>\n<p style=\"text-align: justify;\">\u00abTenemos una especial preocupaci\u00f3n por el tema de seguridad h\u00eddrica desde el principio de este gobierno. Y nos importa por lo que pueda pasar, por lo que est\u00e1 pasando y por lo que va a pasar en materia de recursos h\u00eddricos. Por eso, para 2024 tenemos un presupuesto importante, que est\u00e1 siendo defendido en el Congreso Nacional, de 451 mil millones de pesos con el fin de invertir en distintos proyectos e iniciativas que buscan contribuir al desarrollo, pero por sobre todo a la seguridad h\u00eddrica junto con los otros ejes que trabaja el Ministerio de Obras P\u00fablicas, que son la integraci\u00f3n territorial y la conectividad, el desarrollo social, cultural, productivo y cient\u00edfico, y la seguridad ciudadana, as\u00ed como tambi\u00e9n la seguridad ante desastres naturales. La seguridad h\u00eddrica es uno de los ejes centrales del MOP y se los transmito a ustedes, porque es una preocupaci\u00f3n central nuestra que se traduce, entre otras cosas, en la tramitaci\u00f3n de una ley que permite hoy d\u00eda generar soluciones multiprop\u00f3sito\u00bb, enfatiz\u00f3 el subsecretario.<\/p>\n<p style=\"text-align: justify;\">Durante el congreso se revisar\u00e1n temas contingentes como la continuidad operacional y gesti\u00f3n de riesgos de desastres en la prestaci\u00f3n de los servicios sanitarios, los desaf\u00edos de los compromisos de la ley de cambio clim\u00e1tico, las pol\u00edticas clim\u00e1ticas en la evaluaci\u00f3n de proyectos, la gesti\u00f3n de aguas depuradas en escenarios de escasez h\u00eddrica, la institucionalidad del sector sanitario rural y su estado actual, las dificultades de los procesos de la implementaci\u00f3n de plantas desalinizadoras y el impacto del cambio clim\u00e1tico en la calidad de las aguas para consumo humano, desaf\u00edos en los que el Ministerio de Obras P\u00fablicas ya ha estado trabajando.<\/p>\n<p style=\"text-align: justify;\">El presidente de AIDIS CHILE, Alexander Chechilnitzky, se mostr\u00f3 confiado en que \u201cel desarrollo de las actividades programadas se d\u00e9 de la mejor manera y cumpla con los objetivos que nos propusimos y con las expectativas de cada uno de ustedes\u201d, se\u00f1al\u00f3 durante la inauguraci\u00f3n.<\/p>\n<\/div><\/section><\/div><div  style='height:50px' class='hr hr-invisible   avia-builder-el-6  el_after_av_one_full  el_before_av_social_share '><span class='hr-inner ' ><span class='hr-inner-style'><\/span><\/span><\/div><\/p>\n<div  class='av-social-sharing-box  avia-builder-el-7  el_after_av_hr  el_before_av_hr  '><div class='av-share-box'><h5 class='av-share-link-description av-no-toc '>Compartir esta noticia<\/h5><ul class='av-share-box-list noLightbox'><li class='av-share-link av-social-link-facebook' ><a target=\"_blank\" aria-label=\"Compartir en Facebook\" href='https:\/\/www.facebook.com\/sharer.php?u=https:\/\/radiorevelacionfm.cl\/?p=37139&#038;t=Subsecretario%20de%20Obras%20P%C3%BAblicas%20llam%C3%B3%20a%20reforzar%20esfuerzos%20p%C3%BAblicos%20y%20privados%20entorno%20a%20la%20sustentabilidad%20de%20recursos%20h%C3%ADdricos' aria-hidden='false' data-av_icon='\ue8f3' data-av_iconfont='entypo-fontello' title='' data-avia-related-tooltip='Compartir en Facebook' rel=\"noopener\"><span class='avia_hidden_link_text'>Compartir en Facebook<\/span><\/a><\/li><li class='av-share-link av-social-link-twitter' ><a target=\"_blank\" aria-label=\"Compartir en Twitter\" href='https:\/\/twitter.com\/share?text=Subsecretario%20de%20Obras%20P%C3%BAblicas%20llam%C3%B3%20a%20reforzar%20esfuerzos%20p%C3%BAblicos%20y%20privados%20entorno%20a%20la%20sustentabilidad%20de%20recursos%20h%C3%ADdricos&#038;url=https:\/\/radiorevelacionfm.cl\/?p=37139' aria-hidden='false' data-av_icon='\ue8f1' data-av_iconfont='entypo-fontello' title='' data-avia-related-tooltip='Compartir en Twitter' rel=\"noopener\"><span class='avia_hidden_link_text'>Compartir en Twitter<\/span><\/a><\/li><li class='av-share-link av-social-link-whatsapp' ><a target=\"_blank\" aria-label=\"Compartir en Whatsapp\" href='https:\/\/api.whatsapp.com\/send?text=https:\/\/radiorevelacionfm.cl\/?p=37139' aria-hidden='false' data-av_icon='\uf232' data-av_iconfont='entypo-fontello' title='' data-avia-related-tooltip='Compartir en Whatsapp' rel=\"noopener\"><span class='avia_hidden_link_text'>Compartir en Whatsapp<\/span><\/a><\/li><li class='av-share-link av-social-link-linkedin' ><a target=\"_blank\" aria-label=\"Compartir en LinkedIn\" href='https:\/\/linkedin.com\/shareArticle?mini=true&#038;title=Subsecretario%20de%20Obras%20P%C3%BAblicas%20llam%C3%B3%20a%20reforzar%20esfuerzos%20p%C3%BAblicos%20y%20privados%20entorno%20a%20la%20sustentabilidad%20de%20recursos%20h%C3%ADdricos&#038;url=https:\/\/radiorevelacionfm.cl\/?p=37139' aria-hidden='false' data-av_icon='\ue8fc' data-av_iconfont='entypo-fontello' title='' data-avia-related-tooltip='Compartir en LinkedIn' rel=\"noopener\"><span class='avia_hidden_link_text'>Compartir en LinkedIn<\/span><\/a><\/li><li class='av-share-link av-social-link-mail' ><a  aria-label=\"Compartir por correo\" href='mailto:?subject=Subsecretario%20de%20Obras%20P%C3%BAblicas%20llam%C3%B3%20a%20reforzar%20esfuerzos%20p%C3%BAblicos%20y%20privados%20entorno%20a%20la%20sustentabilidad%20de%20recursos%20h%C3%ADdricos&#038;body=https:\/\/radiorevelacionfm.cl\/?p=37139' aria-hidden='false' data-av_icon='\ue805' data-av_iconfont='entypo-fontello' title='' data-avia-related-tooltip='Compartir por correo'><span class='avia_hidden_link_text'>Compartir por correo<\/span><\/a><\/li><\/ul><\/div><\/div>\n<div  style='height:50px' class='hr hr-invisible   avia-builder-el-8  el_after_av_social_share  el_before_av_comments_list '><span class='hr-inner ' ><span class='hr-inner-style'><\/span><\/span><\/div>\n<div  class='av-buildercomment  av-blog-meta-html-info-disabled av-blog-meta-tag-disabled  '><\/div>\n","protected":false},"excerpt":{"rendered":"","protected":false},"author":1,"featured_media":37140,"comment_status":"open","ping_status":"open","sticky":false,"template":"","format":"standard","meta":{"footnotes":""},"categories":[38],"tags":[],"class_list":["post-37139","post","type-post","status-publish","format-standard","has-post-thumbnail","hentry","category-regional"],"jetpack_featured_media_url":"https:\/\/radiorevelacionfm.cl\/wp-content\/uploads\/2023\/11\/IMG-20231120-WA0015-1.jpg","_links":{"self":[{"href":"https:\/\/radiorevelacionfm.cl\/index.php?rest_route=\/wp\/v2\/posts\/37139","targetHints":{"allow":["GET"]}}],"collection":[{"href":"https:\/\/radiorevelacionfm.cl\/index.php?rest_route=\/wp\/v2\/posts"}],"about":[{"href":"https:\/\/radiorevelacionfm.cl\/index.php?rest_route=\/wp\/v2\/types\/post"}],"author":[{"embeddable":true,"href":"https:\/\/radiorevelacionfm.cl\/index.php?rest_route=\/wp\/v2\/users\/1"}],"replies":[{"embeddable":true,"href":"https:\/\/radiorevelacionfm.cl\/index.php?rest_route=%2Fwp%2Fv2%2Fcomments&post=37139"}],"version-history":[{"count":1,"href":"https:\/\/radiorevelacionfm.cl\/index.php?rest_route=\/wp\/v2\/posts\/37139\/revisions"}],"predecessor-version":[{"id":37141,"href":"https:\/\/radiorevelacionfm.cl\/index.php?rest_route=\/wp\/v2\/posts\/37139\/revisions\/37141"}],"wp:featuredmedia":[{"embeddable":true,"href":"https:\/\/radiorevelacionfm.cl\/index.php?rest_route=\/wp\/v2\/media\/37140"}],"wp:attachment":[{"href":"https:\/\/radiorevelacionfm.cl\/index.php?rest_route=%2Fwp%2Fv2%2Fmedia&parent=37139"}],"wp:term":[{"taxonomy":"category","embeddable":true,"href":"https:\/\/radiorevelacionfm.cl\/index.php?rest_route=%2Fwp%2Fv2%2Fcategories&post=37139"},{"taxonomy":"post_tag","embeddable":true,"href":"https:\/\/radiorevelacionfm.cl\/index.php?rest_route=%2Fwp%2Fv2%2Ftags&post=37139"}],"curies":[{"name":"wp","href":"https:\/\/api.w.org\/{rel}","templated":true}]}}