{"id":37137,"date":"2023-11-20T17:04:15","date_gmt":"2023-11-20T20:04:15","guid":{"rendered":"https:\/\/radiorevelacionfm.cl\/?p=37137"},"modified":"2023-11-20T17:15:10","modified_gmt":"2023-11-20T20:15:10","slug":"aremu-cuestiono-reduccion-del-presupuesto-para-proyectos-pmu","status":"publish","type":"post","link":"https:\/\/radiorevelacionfm.cl\/?p=37137","title":{"rendered":"AREMU cuestion\u00f3 reducci\u00f3n del presupuesto para proyectos del Programa Mejoramiento Urbano, PMU"},"content":{"rendered":"<div class=\"flex_column av_one_full  flex_column_div av-zero-column-padding first  avia-builder-el-0  el_before_av_one_full  avia-builder-el-first  \" style='border-radius:0px; '><div  class='avia-image-container  av-styling-    avia-builder-el-1  avia-builder-el-no-sibling  avia-align-center '  itemprop=\"image\" itemscope=\"itemscope\" itemtype=\"https:\/\/schema.org\/ImageObject\"  ><div class='avia-image-container-inner'><div class='avia-image-overlay-wrap'><img decoding=\"async\" class='wp-image-17346 avia-img-lazy-loading-not-17346 avia_image' src=\"https:\/\/radiorevelacionfm.cl\/wp-content\/uploads\/2022\/05\/Alcalde-Chile-Chico-LM1.jpg\" alt='' title='Alcalde Chile Chico LM(1)' height=\"600\" width=\"848\"  itemprop=\"thumbnailUrl\" srcset=\"https:\/\/radiorevelacionfm.cl\/wp-content\/uploads\/2022\/05\/Alcalde-Chile-Chico-LM1.jpg 848w, https:\/\/radiorevelacionfm.cl\/wp-content\/uploads\/2022\/05\/Alcalde-Chile-Chico-LM1-300x212.jpg 300w, https:\/\/radiorevelacionfm.cl\/wp-content\/uploads\/2022\/05\/Alcalde-Chile-Chico-LM1-768x543.jpg 768w, https:\/\/radiorevelacionfm.cl\/wp-content\/uploads\/2022\/05\/Alcalde-Chile-Chico-LM1-260x185.jpg 260w, https:\/\/radiorevelacionfm.cl\/wp-content\/uploads\/2022\/05\/Alcalde-Chile-Chico-LM1-705x499.jpg 705w, https:\/\/radiorevelacionfm.cl\/wp-content\/uploads\/2022\/05\/Alcalde-Chile-Chico-LM1-600x425.jpg 600w\" sizes=\"(max-width: 848px) 100vw, 848px\" \/><\/div><\/div><\/div><\/div>\n<div class=\"flex_column av_one_full  flex_column_div av-zero-column-padding first  avia-builder-el-2  el_after_av_one_full  el_before_av_one_full  column-top-margin\" style='border-radius:0px; '><section class=\"av_textblock_section \"  itemscope=\"itemscope\" itemtype=\"https:\/\/schema.org\/BlogPosting\" itemprop=\"blogPost\" ><div class='avia_textblock  '   itemprop=\"text\" ><p style=\"text-align: center;\"><strong><span style=\"font-size: 18pt;\">AREMU cuestion\u00f3 reducci\u00f3n del presupuesto para proyectos del Programa Mejoramiento Urbano, PMU<\/span><\/strong><\/p>\n<div id=\"gtx-trans\" style=\"position: absolute; left: -50px; top: 4.31534px;\">\n<div class=\"gtx-trans-icon\"><\/div>\n<\/div>\n<\/div><\/section><\/div><div class=\"flex_column av_one_full  flex_column_div av-zero-column-padding first  avia-builder-el-4  el_after_av_one_full  el_before_av_hr  column-top-margin\" style='border-radius:0px; '><section class=\"av_textblock_section \"  itemscope=\"itemscope\" itemtype=\"https:\/\/schema.org\/BlogPosting\" itemprop=\"blogPost\" ><div class='avia_textblock  '   itemprop=\"text\" ><p style=\"text-align: justify;\"><em>La Asociaci\u00f3n Regional de Municipalidades de Ays\u00e9n, AREMU critic\u00f3 la propuesta de parlamentarios que busca la reducci\u00f3n de recursos para proyectos PMU (Programa Mejoramiento Urbano y equipamiento comuna), asegurando que \u201cimpactar\u00e1 negativamente en el desarrollo de las comunas y la empleabilidad\u201d.<\/em><\/p>\n<p style=\"text-align: justify;\">En su calidad de presidente de la asociaci\u00f3n, el alcalde de Chile Chico, Luperciano Mu\u00f1oz, se\u00f1al\u00f3 que \u201cLos PMU al igual que los FRIL (Fondo Regional de Inversi\u00f3n Local) son herramientas potentes que permiten general empleabilidad de manera r\u00e1pida y aportan con iniciativas que generalmente tienen impacto inmediato en las ciudades y centros urbanos, ya que resuelven necesidades peque\u00f1as, pero no por ello menos importantes ( plazoletas, sedes, infraestructura deportiva, hermoseamiento de sectores, etc) y poseen un exigencia t\u00e9cnica que puede ser resuelta por municipios peque\u00f1os y sus propios equipos t\u00e9cnicos .<\/p>\n<p style=\"text-align: justify;\">Agreg\u00f3 que \u201creducir a 75 millones implica coartar posibilidades de desarrollo, empleabilidad y restringir la bater\u00eda de proyectos, ya que en un mismo a\u00f1o presupuestario no se puede optar a m\u00e1s de una iniciativa en un mismo rol o dominio\u201d.<\/p>\n<p style=\"text-align: justify;\">Adem\u00e1s se\u00f1al\u00f3 que \u201cesta p\u00e9sima iniciativa parlamentaria es un portazo a los municipios peque\u00f1os, ya que minimiza la posibilidad de acci\u00f3n y con ello invisibiliza la gesti\u00f3n de los alcaldes y sus equipos\u201d.<\/p>\n<p style=\"text-align: justify;\">Luperciano Mu\u00f1oz tambi\u00e9n asegur\u00f3 que \u201cdisponer esta medida no permite contar con la flexibilidad que se hab\u00eda logrado al tener un valor m\u00e1ximo por proyecto PMU de 2500 UTM, que existe en la actualidad y que tampoco requiere recomendaci\u00f3n t\u00e9cnica \/RS de MIDESO\u201d.<\/p>\n<p style=\"text-align: justify;\">Finalmente, el presidente de la AREMU record\u00f3 que \u201cmuchas veces los municipios se ven obligados a complementar con aportes propios los proyectos, ya que por el aumento del valor de materiales y mano de obra, no existe inter\u00e9s de las empresas en participar de las licitaciones e incluso en la etapa de ejecuci\u00f3n el presupuesto no les da para terminar en los t\u00e9rminos definidos en el proyecto\u201d.<\/p>\n<\/div><\/section><\/div><\/p>\n<div  style='height:50px' class='hr hr-invisible   avia-builder-el-6  el_after_av_one_full  el_before_av_social_share '><span class='hr-inner ' ><span class='hr-inner-style'><\/span><\/span><\/div>\n<div  class='av-social-sharing-box  avia-builder-el-7  el_after_av_hr  el_before_av_hr  '><div class='av-share-box'><h5 class='av-share-link-description av-no-toc '>Compartir esta noticia<\/h5><ul class='av-share-box-list noLightbox'><li class='av-share-link av-social-link-facebook' ><a target=\"_blank\" aria-label=\"Compartir en Facebook\" href='https:\/\/www.facebook.com\/sharer.php?u=https:\/\/radiorevelacionfm.cl\/?p=37137&#038;t=AREMU%20cuestion%C3%B3%20reducci%C3%B3n%20del%20presupuesto%20para%20proyectos%20del%20Programa%20Mejoramiento%20Urbano%2C%20PMU' aria-hidden='false' data-av_icon='\ue8f3' data-av_iconfont='entypo-fontello' title='' data-avia-related-tooltip='Compartir en Facebook' rel=\"noopener\"><span class='avia_hidden_link_text'>Compartir en Facebook<\/span><\/a><\/li><li class='av-share-link av-social-link-twitter' ><a target=\"_blank\" aria-label=\"Compartir en Twitter\" href='https:\/\/twitter.com\/share?text=AREMU%20cuestion%C3%B3%20reducci%C3%B3n%20del%20presupuesto%20para%20proyectos%20del%20Programa%20Mejoramiento%20Urbano%2C%20PMU&#038;url=https:\/\/radiorevelacionfm.cl\/?p=37137' aria-hidden='false' data-av_icon='\ue8f1' data-av_iconfont='entypo-fontello' title='' data-avia-related-tooltip='Compartir en Twitter' rel=\"noopener\"><span class='avia_hidden_link_text'>Compartir en Twitter<\/span><\/a><\/li><li class='av-share-link av-social-link-whatsapp' ><a target=\"_blank\" aria-label=\"Compartir en Whatsapp\" href='https:\/\/api.whatsapp.com\/send?text=https:\/\/radiorevelacionfm.cl\/?p=37137' aria-hidden='false' data-av_icon='\uf232' data-av_iconfont='entypo-fontello' title='' data-avia-related-tooltip='Compartir en Whatsapp' rel=\"noopener\"><span class='avia_hidden_link_text'>Compartir en Whatsapp<\/span><\/a><\/li><li class='av-share-link av-social-link-linkedin' ><a target=\"_blank\" aria-label=\"Compartir en LinkedIn\" href='https:\/\/linkedin.com\/shareArticle?mini=true&#038;title=AREMU%20cuestion%C3%B3%20reducci%C3%B3n%20del%20presupuesto%20para%20proyectos%20del%20Programa%20Mejoramiento%20Urbano%2C%20PMU&#038;url=https:\/\/radiorevelacionfm.cl\/?p=37137' aria-hidden='false' data-av_icon='\ue8fc' data-av_iconfont='entypo-fontello' title='' data-avia-related-tooltip='Compartir en LinkedIn' rel=\"noopener\"><span class='avia_hidden_link_text'>Compartir en LinkedIn<\/span><\/a><\/li><li class='av-share-link av-social-link-mail' ><a  aria-label=\"Compartir por correo\" href='mailto:?subject=AREMU%20cuestion%C3%B3%20reducci%C3%B3n%20del%20presupuesto%20para%20proyectos%20del%20Programa%20Mejoramiento%20Urbano%2C%20PMU&#038;body=https:\/\/radiorevelacionfm.cl\/?p=37137' aria-hidden='false' data-av_icon='\ue805' data-av_iconfont='entypo-fontello' title='' data-avia-related-tooltip='Compartir por correo'><span class='avia_hidden_link_text'>Compartir por correo<\/span><\/a><\/li><\/ul><\/div><\/div>\n<div  style='height:50px' class='hr hr-invisible   avia-builder-el-8  el_after_av_social_share  el_before_av_comments_list '><span class='hr-inner ' ><span class='hr-inner-style'><\/span><\/span><\/div>\n<div  class='av-buildercomment  av-blog-meta-html-info-disabled av-blog-meta-tag-disabled  '><\/div>\n","protected":false},"excerpt":{"rendered":"","protected":false},"author":1,"featured_media":17346,"comment_status":"open","ping_status":"open","sticky":false,"template":"","format":"standard","meta":{"footnotes":""},"categories":[38],"tags":[],"class_list":["post-37137","post","type-post","status-publish","format-standard","has-post-thumbnail","hentry","category-regional"],"jetpack_featured_media_url":"https:\/\/radiorevelacionfm.cl\/wp-content\/uploads\/2022\/05\/Alcalde-Chile-Chico-LM1.jpg","_links":{"self":[{"href":"https:\/\/radiorevelacionfm.cl\/index.php?rest_route=\/wp\/v2\/posts\/37137","targetHints":{"allow":["GET"]}}],"collection":[{"href":"https:\/\/radiorevelacionfm.cl\/index.php?rest_route=\/wp\/v2\/posts"}],"about":[{"href":"https:\/\/radiorevelacionfm.cl\/index.php?rest_route=\/wp\/v2\/types\/post"}],"author":[{"embeddable":true,"href":"https:\/\/radiorevelacionfm.cl\/index.php?rest_route=\/wp\/v2\/users\/1"}],"replies":[{"embeddable":true,"href":"https:\/\/radiorevelacionfm.cl\/index.php?rest_route=%2Fwp%2Fv2%2Fcomments&post=37137"}],"version-history":[{"count":2,"href":"https:\/\/radiorevelacionfm.cl\/index.php?rest_route=\/wp\/v2\/posts\/37137\/revisions"}],"predecessor-version":[{"id":37159,"href":"https:\/\/radiorevelacionfm.cl\/index.php?rest_route=\/wp\/v2\/posts\/37137\/revisions\/37159"}],"wp:featuredmedia":[{"embeddable":true,"href":"https:\/\/radiorevelacionfm.cl\/index.php?rest_route=\/wp\/v2\/media\/17346"}],"wp:attachment":[{"href":"https:\/\/radiorevelacionfm.cl\/index.php?rest_route=%2Fwp%2Fv2%2Fmedia&parent=37137"}],"wp:term":[{"taxonomy":"category","embeddable":true,"href":"https:\/\/radiorevelacionfm.cl\/index.php?rest_route=%2Fwp%2Fv2%2Fcategories&post=37137"},{"taxonomy":"post_tag","embeddable":true,"href":"https:\/\/radiorevelacionfm.cl\/index.php?rest_route=%2Fwp%2Fv2%2Ftags&post=37137"}],"curies":[{"name":"wp","href":"https:\/\/api.w.org\/{rel}","templated":true}]}}