{"id":37132,"date":"2023-11-21T09:54:58","date_gmt":"2023-11-21T12:54:58","guid":{"rendered":"https:\/\/radiorevelacionfm.cl\/?p=37132"},"modified":"2023-11-21T10:01:44","modified_gmt":"2023-11-21T13:01:44","slug":"celebrando-una-decada-de-musica-en-la-patagonia-fimp-te-invita-a-participar-de-su-10a-academia-de-verano-2024","status":"publish","type":"post","link":"https:\/\/radiorevelacionfm.cl\/?p=37132","title":{"rendered":"\u00a1Celebrando una d\u00e9cada de m\u00fasica en la Patagonia! FIMP te invita a participar de su 10\u00aa academia de verano 2024"},"content":{"rendered":"<div class=\"flex_column av_one_full  flex_column_div av-zero-column-padding first  avia-builder-el-0  el_before_av_one_full  avia-builder-el-first  \" style='border-radius:0px; '><div  class='avia-image-container  av-styling-    avia-builder-el-1  avia-builder-el-no-sibling  avia-align-center '  itemprop=\"image\" itemscope=\"itemscope\" itemtype=\"https:\/\/schema.org\/ImageObject\"  ><div class='avia-image-container-inner'><div class='avia-image-overlay-wrap'><img decoding=\"async\" class='wp-image-37133 avia-img-lazy-loading-not-37133 avia_image' src=\"https:\/\/radiorevelacionfm.cl\/wp-content\/uploads\/2023\/11\/DSC05395-1-1.jpg\" alt='' title='DSC05395 (1) (1)' height=\"600\" width=\"1070\"  itemprop=\"thumbnailUrl\" srcset=\"https:\/\/radiorevelacionfm.cl\/wp-content\/uploads\/2023\/11\/DSC05395-1-1.jpg 1070w, https:\/\/radiorevelacionfm.cl\/wp-content\/uploads\/2023\/11\/DSC05395-1-1-300x168.jpg 300w, https:\/\/radiorevelacionfm.cl\/wp-content\/uploads\/2023\/11\/DSC05395-1-1-1030x578.jpg 1030w, https:\/\/radiorevelacionfm.cl\/wp-content\/uploads\/2023\/11\/DSC05395-1-1-768x431.jpg 768w, https:\/\/radiorevelacionfm.cl\/wp-content\/uploads\/2023\/11\/DSC05395-1-1-705x395.jpg 705w, https:\/\/radiorevelacionfm.cl\/wp-content\/uploads\/2023\/11\/DSC05395-1-1-450x252.jpg 450w, https:\/\/radiorevelacionfm.cl\/wp-content\/uploads\/2023\/11\/DSC05395-1-1-600x336.jpg 600w\" sizes=\"(max-width: 1070px) 100vw, 1070px\" \/><\/div><\/div><\/div><\/div>\n<div class=\"flex_column av_one_full  flex_column_div av-zero-column-padding first  avia-builder-el-2  el_after_av_one_full  el_before_av_one_full  column-top-margin\" style='border-radius:0px; '><section class=\"av_textblock_section \"  itemscope=\"itemscope\" itemtype=\"https:\/\/schema.org\/BlogPosting\" itemprop=\"blogPost\" ><div class='avia_textblock  '   itemprop=\"text\" ><p style=\"text-align: center;\"><strong><span style=\"font-size: 18pt;\">\u00a1Celebrando una d\u00e9cada de m\u00fasica en la Patagonia! FIMP te invita a participar de su 10\u00aa academia de verano 2024<\/span><\/strong><\/p>\n<div id=\"gtx-trans\" style=\"position: absolute; left: -50px; top: 4.31534px;\">\n<div class=\"gtx-trans-icon\"><\/div>\n<\/div>\n<\/div><\/section><\/div><div class=\"flex_column av_one_full  flex_column_div av-zero-column-padding first  avia-builder-el-4  el_after_av_one_full  el_before_av_hr  column-top-margin\" style='border-radius:0px; '><section class=\"av_textblock_section \"  itemscope=\"itemscope\" itemtype=\"https:\/\/schema.org\/BlogPosting\" itemprop=\"blogPost\" ><div class='avia_textblock  '   itemprop=\"text\" ><p style=\"text-align: justify;\"><em>En la d\u00e9cima versi\u00f3n de este tradicional evento estival que se realiza en Coyhaique, la convocatoria a la Academia de Verano se extiende a propuestas de m\u00fasica de c\u00e1mara o instrumentos solistas de la orquesta cl\u00e1sica.<\/em><\/p>\n<p style=\"text-align: justify;\">El Festival Internacional de M\u00fasica en la Patagonia se prepara para presentar la <strong>d\u00e9cima edici\u00f3n del festival y su tradicional Academia de Verano FIMP<\/strong>, los que se llevar\u00e1n a cabo del 3 al 9 de febrero de 2024 en Coyhaique.<\/p>\n<p style=\"text-align: justify;\">Este a\u00f1o el proyecto es financiado por el Fondo de la M\u00fasica, L\u00ednea de M\u00fasica en Vivo, Modalidad Festivales de Trayectoria, Convocatoria 2023.<\/p>\n<p style=\"text-align: justify;\">En cuanto a los artistas ya confirmados y\u00a0 profesores que ser\u00e1n parte de la Academia, se encuentran:<\/p>\n<ul style=\"text-align: justify;\">\n<li><strong>Luca Chiantore (Italia): <\/strong>Pianista y music\u00f3logo, especialista en Beethoven y referencia mundial en la historia de la interpretaci\u00f3n y la t\u00e9cnica pian\u00edstica. Su legado en el mundo hispanohablante es duradero, destacando por sus numerosas publicaciones, su trabajo docente y su constante actividad musical.<\/li>\n<\/ul>\n<ul style=\"text-align: justify;\">\n<li><strong>Dorian Lamotte (Francia):<\/strong> Primer viol\u00edn del cuarteto Soro y Mag\u00edster del Conservatoire de Paris. Ganador del concurso Pierre Nerini, se uni\u00f3 al Quatuor Debussy en 2008, enfoc\u00e1ndose en el repertorio contempor\u00e1neo solista y de m\u00fasica de c\u00e1mara. Actualmente es docente en la Universidad de Talca, Chile.<\/li>\n<\/ul>\n<ul style=\"text-align: justify;\">\n<li><strong>Hugo Cort\u00e9s (Chile):<\/strong> Violista y profesor. Licenciado con distinci\u00f3n m\u00e1xima en la Universidad Mayor y con un Master of Music en Hochschule f\u00fcr Musik und Darstellende Kunst Stuttgart, Se ha desarrollado como profesor de Interpretaci\u00f3n Superior en Viola del IMUS \u2013 PUCV y del Conservatorio de M\u00fasica de la U. Mayor. Actualmente se desempe\u00f1a como violista del Ensamble Teatro del Lago.<\/li>\n<\/ul>\n<ul style=\"text-align: justify;\">\n<li><strong>Daniela Roa Lagos (Chile): <\/strong>Violinista y docente en la Universidad Austral de Chile. Estudi\u00f3 en la Escola Superior de M\u00fasica de Catalunya y en Hochschule f\u00fcr Musik de Colonia. Ganadora del primer premio de m\u00fasica de c\u00e1mara Podiums de la ciudad de Barcelona, Espa\u00f1a. Ha participado en varias orquestas profesionales como la OBC (orquesta de Barcelona y Nacional de Catalunya), JONC (Joven Orquesta Nacional de Catalunya), Orquesta Filarm\u00f3nica de Santiago y Orquesta de C\u00e1mara de Valdivia.<\/li>\n<\/ul>\n<ul style=\"text-align: justify;\">\n<li><strong>Viviane Mion (Brasil): <\/strong>Destacada pianista y profesora brasile\u00f1a, ha enriquecido la escena musical con su talento y experiencia. Su contribuci\u00f3n abarca la interpretaci\u00f3n y la ense\u00f1anza. Master en Performance Pian\u00edstica en la Facultad de M\u00fasica de Colonia, Alemania y Doctora en Piano por la Universidad de Sao Paulo. Gestora y directora del proyecto, Conciertos Tribanco.<\/li>\n<\/ul>\n<ul style=\"text-align: justify;\">\n<li><strong>Ignacio Gonz\u00e1lez (Chile): <\/strong>Pianista de la Patagonia y director del Festival Internacional de M\u00fasica en la Patagonia. Titulado de Interpretaci\u00f3n Musical en Piano en la Universidad Austral con el profesor Armands Abols y M\u00e1ster en M\u00fasica por la Universit\u00e4t M\u00fcnster en Alemania. Se ha presentado como solista y camerista en diversos pa\u00edses como B\u00e9lgica, Suiza, Alemania y Brasil.<\/li>\n<\/ul>\n<ul style=\"text-align: justify;\">\n<li><strong>Ricardo Bahamondez (Chile):<\/strong> Pianista Coyhaiquino, Mag\u00edster en piano e investigaci\u00f3n de la Universidad Federal do Rio Grande do Sul. A trav\u00e9s de una beca del Ministerio de Cultura, se perfeccion\u00f3 en piano moderno e hist\u00f3rico en M\u00fcnster Actualmente es docente y pianista en la Universidad de Talca y gestor del Festival Internacional de M\u00fasica en la Patagonia.<\/li>\n<\/ul>\n<ul style=\"text-align: justify;\">\n<li>Otros por confirmar.<\/li>\n<\/ul>\n<p style=\"text-align: justify;\"><strong>CONVOCATORIA PARA LA 10\u00aa ACADEMIA DE VERANO FIMP<\/strong><\/p>\n<p style=\"text-align: justify;\">En sinton\u00eda con la visi\u00f3n de fomentar la diversidad musical, <strong>la convocatoria no se restringe a los instrumentos espec\u00edficos de los profesores invitados<\/strong>. Se extiende una bienvenida a propuestas de m\u00fasica de c\u00e1mara o instrumentos solistas de la orquesta cl\u00e1sica. Esta convocatoria tiene como prop\u00f3sito ampliar el espectro, lo que permitir\u00e1 estimular repertorio orquestal en el d\u00e9cimo aniversario.<\/p>\n<p style=\"text-align: justify;\"><strong>\u00bfC\u00f3mo Postular?<\/strong><\/p>\n<p style=\"text-align: justify;\">Los interesados deben completar el formulario disponible en el siguiente enlace fimp.cl o dir\u00e9ctamente al enlace:<\/p>\n<p style=\"text-align: justify;\">\u00a0<a href=\"https:\/\/docs.google.com\/forms\/d\/e\/1FAIpQLSce4YL8v7QuboYtOYwaMzUQj3beAnPUpOTFxqPx7Y3lpVULrw\/viewform\">https:\/\/docs.google.com\/forms\/d\/e\/1FAIpQLSce4YL8v7QuboYtOYwaMzUQj3beAnPUpOTFxqPx7Y3lpVULrw\/viewform<\/a><\/p>\n<p style=\"text-align: justify;\"><strong>Fechas e informaci\u00f3n importante para la convocatoria<\/strong><\/p>\n<p style=\"text-align: justify;\"><strong>Fechas de la Academia:<\/strong> Del 3 al 9 de febrero de 2024.<\/p>\n<p style=\"text-align: justify;\"><strong>Lugar: <\/strong>Coyhaique, Patagonia.<\/p>\n<p style=\"text-align: justify;\"><strong>Requisitos: <\/strong>Instrumentistas en formaci\u00f3n con repertorio docto-cl\u00e1sico.<\/p>\n<p style=\"text-align: justify;\"><strong>Plazo de postulaci\u00f3n: <\/strong>15 de diciembre de 2023.<\/p>\n<p style=\"text-align: justify;\"><strong>Publicaci\u00f3n de seleccionados:<\/strong> 17 de diciembre de 2023.<\/p>\n<p style=\"text-align: justify;\"><strong>Beneficios para Participantes Seleccionados:<\/strong><\/p>\n<p style=\"text-align: justify;\">&#8211; Clases magistrales con artistas destacados.<\/p>\n<p style=\"text-align: justify;\">&#8211; Participaci\u00f3n en charlas y conversatorios.<\/p>\n<p style=\"text-align: justify;\">&#8211; Presentaci\u00f3n en los escenarios del Festival FIMP.<\/p>\n<p style=\"text-align: justify;\">&#8211; Certificaci\u00f3n de participaci\u00f3n.<\/p>\n<\/div><\/section><\/div><\/p>\n<div  style='height:50px' class='hr hr-invisible   avia-builder-el-6  el_after_av_one_full  el_before_av_social_share '><span class='hr-inner ' ><span class='hr-inner-style'><\/span><\/span><\/div>\n<div  class='av-social-sharing-box  avia-builder-el-7  el_after_av_hr  el_before_av_hr  '><div class='av-share-box'><h5 class='av-share-link-description av-no-toc '>Compartir esta noticia<\/h5><ul class='av-share-box-list noLightbox'><li class='av-share-link av-social-link-facebook' ><a target=\"_blank\" aria-label=\"Compartir en Facebook\" href='https:\/\/www.facebook.com\/sharer.php?u=https:\/\/radiorevelacionfm.cl\/?p=37132&#038;t=%C2%A1Celebrando%20una%20d%C3%A9cada%20de%20m%C3%BAsica%20en%20la%20Patagonia%21%20FIMP%20te%20invita%20a%20participar%20de%20su%2010%C2%AA%20academia%20de%20verano%202024' aria-hidden='false' data-av_icon='\ue8f3' data-av_iconfont='entypo-fontello' title='' data-avia-related-tooltip='Compartir en Facebook' rel=\"noopener\"><span class='avia_hidden_link_text'>Compartir en Facebook<\/span><\/a><\/li><li class='av-share-link av-social-link-twitter' ><a target=\"_blank\" aria-label=\"Compartir en Twitter\" href='https:\/\/twitter.com\/share?text=%C2%A1Celebrando%20una%20d%C3%A9cada%20de%20m%C3%BAsica%20en%20la%20Patagonia%21%20FIMP%20te%20invita%20a%20participar%20de%20su%2010%C2%AA%20academia%20de%20verano%202024&#038;url=https:\/\/radiorevelacionfm.cl\/?p=37132' aria-hidden='false' data-av_icon='\ue8f1' data-av_iconfont='entypo-fontello' title='' data-avia-related-tooltip='Compartir en Twitter' rel=\"noopener\"><span class='avia_hidden_link_text'>Compartir en Twitter<\/span><\/a><\/li><li class='av-share-link av-social-link-whatsapp' ><a target=\"_blank\" aria-label=\"Compartir en Whatsapp\" href='https:\/\/api.whatsapp.com\/send?text=https:\/\/radiorevelacionfm.cl\/?p=37132' aria-hidden='false' data-av_icon='\uf232' data-av_iconfont='entypo-fontello' title='' data-avia-related-tooltip='Compartir en Whatsapp' rel=\"noopener\"><span class='avia_hidden_link_text'>Compartir en Whatsapp<\/span><\/a><\/li><li class='av-share-link av-social-link-linkedin' ><a target=\"_blank\" aria-label=\"Compartir en LinkedIn\" href='https:\/\/linkedin.com\/shareArticle?mini=true&#038;title=%C2%A1Celebrando%20una%20d%C3%A9cada%20de%20m%C3%BAsica%20en%20la%20Patagonia%21%20FIMP%20te%20invita%20a%20participar%20de%20su%2010%C2%AA%20academia%20de%20verano%202024&#038;url=https:\/\/radiorevelacionfm.cl\/?p=37132' aria-hidden='false' data-av_icon='\ue8fc' data-av_iconfont='entypo-fontello' title='' data-avia-related-tooltip='Compartir en LinkedIn' rel=\"noopener\"><span class='avia_hidden_link_text'>Compartir en LinkedIn<\/span><\/a><\/li><li class='av-share-link av-social-link-mail' ><a  aria-label=\"Compartir por correo\" href='mailto:?subject=%C2%A1Celebrando%20una%20d%C3%A9cada%20de%20m%C3%BAsica%20en%20la%20Patagonia%21%20FIMP%20te%20invita%20a%20participar%20de%20su%2010%C2%AA%20academia%20de%20verano%202024&#038;body=https:\/\/radiorevelacionfm.cl\/?p=37132' aria-hidden='false' data-av_icon='\ue805' data-av_iconfont='entypo-fontello' title='' data-avia-related-tooltip='Compartir por correo'><span class='avia_hidden_link_text'>Compartir por correo<\/span><\/a><\/li><\/ul><\/div><\/div>\n<div  style='height:50px' class='hr hr-invisible   avia-builder-el-8  el_after_av_social_share  el_before_av_comments_list '><span class='hr-inner ' ><span class='hr-inner-style'><\/span><\/span><\/div>\n<div  class='av-buildercomment  av-blog-meta-html-info-disabled av-blog-meta-tag-disabled  '><\/div>\n","protected":false},"excerpt":{"rendered":"","protected":false},"author":1,"featured_media":37133,"comment_status":"open","ping_status":"open","sticky":false,"template":"","format":"standard","meta":{"footnotes":""},"categories":[43],"tags":[],"class_list":["post-37132","post","type-post","status-publish","format-standard","has-post-thumbnail","hentry","category-musica"],"jetpack_featured_media_url":"https:\/\/radiorevelacionfm.cl\/wp-content\/uploads\/2023\/11\/DSC05395-1-1.jpg","_links":{"self":[{"href":"https:\/\/radiorevelacionfm.cl\/index.php?rest_route=\/wp\/v2\/posts\/37132","targetHints":{"allow":["GET"]}}],"collection":[{"href":"https:\/\/radiorevelacionfm.cl\/index.php?rest_route=\/wp\/v2\/posts"}],"about":[{"href":"https:\/\/radiorevelacionfm.cl\/index.php?rest_route=\/wp\/v2\/types\/post"}],"author":[{"embeddable":true,"href":"https:\/\/radiorevelacionfm.cl\/index.php?rest_route=\/wp\/v2\/users\/1"}],"replies":[{"embeddable":true,"href":"https:\/\/radiorevelacionfm.cl\/index.php?rest_route=%2Fwp%2Fv2%2Fcomments&post=37132"}],"version-history":[{"count":2,"href":"https:\/\/radiorevelacionfm.cl\/index.php?rest_route=\/wp\/v2\/posts\/37132\/revisions"}],"predecessor-version":[{"id":37197,"href":"https:\/\/radiorevelacionfm.cl\/index.php?rest_route=\/wp\/v2\/posts\/37132\/revisions\/37197"}],"wp:featuredmedia":[{"embeddable":true,"href":"https:\/\/radiorevelacionfm.cl\/index.php?rest_route=\/wp\/v2\/media\/37133"}],"wp:attachment":[{"href":"https:\/\/radiorevelacionfm.cl\/index.php?rest_route=%2Fwp%2Fv2%2Fmedia&parent=37132"}],"wp:term":[{"taxonomy":"category","embeddable":true,"href":"https:\/\/radiorevelacionfm.cl\/index.php?rest_route=%2Fwp%2Fv2%2Fcategories&post=37132"},{"taxonomy":"post_tag","embeddable":true,"href":"https:\/\/radiorevelacionfm.cl\/index.php?rest_route=%2Fwp%2Fv2%2Ftags&post=37132"}],"curies":[{"name":"wp","href":"https:\/\/api.w.org\/{rel}","templated":true}]}}