{"id":3709,"date":"2021-05-02T18:37:04","date_gmt":"2021-05-02T21:37:04","guid":{"rendered":"https:\/\/radiorevelacionfm.cl\/?p=3709"},"modified":"2021-05-02T18:56:45","modified_gmt":"2021-05-02T21:56:45","slug":"abriran-primer-llamado-de-postulacion-para-el-subsidio-de-clase-media-ds1","status":"publish","type":"post","link":"https:\/\/radiorevelacionfm.cl\/?p=3709","title":{"rendered":"Abrir\u00e1n primer llamado de postulaci\u00f3n para el Subsidio de Clase Media DS1"},"content":{"rendered":"<div class=\"flex_column av_one_full  flex_column_div av-zero-column-padding first  avia-builder-el-0  el_before_av_one_full  avia-builder-el-first  \" style='border-radius:0px; '><div  class='avia-image-container  av-styling-    avia-builder-el-1  avia-builder-el-no-sibling  avia-align-center '  itemprop=\"image\" itemscope=\"itemscope\" itemtype=\"https:\/\/schema.org\/ImageObject\"  ><div class='avia-image-container-inner'><div class='avia-image-overlay-wrap'><img decoding=\"async\" class='wp-image-3727 avia-img-lazy-loading-not-3727 avia_image' src=\"https:\/\/radiorevelacionfm.cl\/wp-content\/uploads\/2021\/05\/Subsidio1.jpg\" alt='' title='Subsidio1' height=\"580\" width=\"870\"  itemprop=\"thumbnailUrl\" srcset=\"https:\/\/radiorevelacionfm.cl\/wp-content\/uploads\/2021\/05\/Subsidio1.jpg 870w, https:\/\/radiorevelacionfm.cl\/wp-content\/uploads\/2021\/05\/Subsidio1-300x200.jpg 300w, https:\/\/radiorevelacionfm.cl\/wp-content\/uploads\/2021\/05\/Subsidio1-768x512.jpg 768w, https:\/\/radiorevelacionfm.cl\/wp-content\/uploads\/2021\/05\/Subsidio1-705x470.jpg 705w, https:\/\/radiorevelacionfm.cl\/wp-content\/uploads\/2021\/05\/Subsidio1-600x400.jpg 600w\" sizes=\"(max-width: 870px) 100vw, 870px\" \/><\/div><\/div><\/div><\/div><div class=\"flex_column av_one_full  flex_column_div av-zero-column-padding first  avia-builder-el-2  el_after_av_one_full  el_before_av_one_full  column-top-margin\" style='border-radius:0px; '><section class=\"av_textblock_section \"  itemscope=\"itemscope\" itemtype=\"https:\/\/schema.org\/BlogPosting\" itemprop=\"blogPost\" ><div class='avia_textblock  '   itemprop=\"text\" ><p style=\"text-align: center;\"><strong><span style=\"font-size: 18pt;\">Abrir\u00e1n primer llamado de postulaci\u00f3n para el Subsidio de Clase Media DS1<\/span><\/strong><\/p>\n<div id=\"gtx-trans\" style=\"position: absolute; left: -50px; top: 4.31534px;\">\n<div class=\"gtx-trans-icon\"><\/div>\n<\/div>\n<\/div><\/section><\/div><\/p>\n<div class=\"flex_column av_one_full  flex_column_div av-zero-column-padding first  avia-builder-el-4  el_after_av_one_full  el_before_av_hr  column-top-margin\" style='border-radius:0px; '><section class=\"av_textblock_section \"  itemscope=\"itemscope\" itemtype=\"https:\/\/schema.org\/BlogPosting\" itemprop=\"blogPost\" ><div class='avia_textblock  '   itemprop=\"text\" ><p style=\"text-align: justify;\">El\u00a0<span class=\"il\">Ministerio<\/span>\u00a0de\u00a0<span class=\"il\">Vivienda<\/span> y Urbanismo abrir\u00e1 el primer llamado de postulaci\u00f3n del Subsidio de Clase Media DS1 el pr\u00f3ximo 19 de mayo y se extender\u00e1 hasta el 31 del mismo mes. Este beneficio permite construir o adquirir una <span class=\"il\">vivienda<\/span>\u00a0nueva o usada hasta 1.100, 1.600 o 2.200 UF dependiendo del tramo al que se postule y est\u00e1 dirigido a familias que no son propietarias, que cuentan con capacidad de ahorro y\/o acceso a cr\u00e9dito hipotecario, pero que requieren de la ayuda del Estado para acceder a una soluci\u00f3n habitacional definitiva. En la zona norte y extremo sur del pa\u00eds este valor aumenta hasta las 2.600 UF.<u><\/u><u><\/u><\/p>\n<p style=\"text-align: justify;\">Sobre esto, el ministro Felipe Ward asegur\u00f3 que \u201ccomo Gobierno, nos comprometimos a aumentar las oportunidades para que m\u00e1s familias, especialmente las de clase media, mejoren su calidad de vida. Las postulaciones ser\u00e1n 100% online a trav\u00e9s de <a href=\"http:\/\/www.minvu.cl\/\" target=\"_blank\" rel=\"noopener\" data-saferedirecturl=\"https:\/\/www.google.com\/url?q=http:\/\/www.minvu.cl&amp;source=gmail&amp;ust=1620058991112000&amp;usg=AFQjCNHX5EINoWTl8xXJm6zuUwIkb2Wa4A\">www.minvu.cl<\/a><u><\/u><\/p>\n<p style=\"text-align: justify;\">El a\u00f1o pasado se realizaron tres modificaciones a este subsidio con el objetivo de ampliar las oportunidades de acceso a una\u00a0<span class=\"il\">vivienda<\/span>\u00a0definitiva a las familias: el aumento del monto del subsidio y nuevos tramos permitidos para el valor de la\u00a0<span class=\"il\">vivienda<\/span>\u00a0a adquirir, aumento en el puntaje por antig\u00fcedad de la postulaci\u00f3n para aquellas familias que han postulado anteriormente y no han resultado seleccionadas y por \u00faltimo, que podr\u00e1n postular al tramo 3, las familias que tengan Registro Social de Hogares (RSH), es decir, las que est\u00e9n por sobre el 90% m\u00e1s vulnerable de la poblaci\u00f3n nacional.<u><\/u><u><\/u><\/p>\n<p style=\"text-align: justify;\">\u201cQueremos que las familias puedan acceder a viviendas de calidad, con las condiciones de dignidad que merecen, por eso este 2021 seguimos avanzando con fuerza en la construcci\u00f3n de viviendas de alto est\u00e1ndar y consolidando barrios integrado en la ciudad\u201d, agreg\u00f3 el titular de la cartera.<u><\/u><u><\/u><\/p>\n<p style=\"text-align: justify;\">Cabe destacar que, para poder postular a este programa, las familias y personas deben tener el ahorro m\u00ednimo depositado y reflejado como saldo disponible en la cuenta de ahorro para la <span class=\"il\">vivienda<\/span> como m\u00e1ximo el viernes 30 de abril a las 14:00 horas.\u00a0<u><\/u><\/p>\n<p style=\"text-align: justify;\"><strong><u>Requisitos generales de postulaci\u00f3n<\/u><\/strong><\/p>\n<p style=\"text-align: justify;\"><u><\/u>\u00b7 Tener m\u00ednimo 18 a\u00f1os de edad.<u><\/u><u><\/u><\/p>\n<p style=\"text-align: justify;\"><u><\/u>\u00b7 Contar con C\u00e9dula Nacional de Identidad. Las personas extranjeras deben presentar C\u00e9dula de Identidad para Extranjeros con permanencia definitiva y Certificado de Permanencia Definitiva (emitido por el Departamento de Extranjer\u00eda del\u00a0<span class=\"il\">Ministerio<\/span>\u00a0del Interior o por Polic\u00eda de Investigaciones de Chile).<u><\/u><u><\/u><\/p>\n<p style=\"text-align: justify;\"><u><\/u>\u00b7 Acreditar una cuenta de ahorro para la\u00a0<span class=\"il\">vivienda<\/span>\u00a0con una antig\u00fcedad m\u00ednima de 12 meses (abierta hasta el 30 de abril de 2020).<u><\/u><u><\/u><\/p>\n<p style=\"text-align: justify;\"><u><\/u>\u00b7 Acreditar que el ahorro exigido en cada tramo est\u00e9 depositado y reflejado como saldo disponible en la cuenta de ahorro para la\u00a0<span class=\"il\">vivienda<\/span>\u00a0a m\u00e1s tardar el 30 de abril hasta las 14:00 hrs. A partir de esa fecha no deber\u00e1 efectuar giros en la cuenta.<u><\/u><u><\/u><\/p>\n<p style=\"text-align: justify;\"><u><\/u>\u00b7 Estar inscrito en el Registro Social de Hogares (RSH) y no superar el porcentaje de calificaci\u00f3n socioecon\u00f3mica que exige la alternativa de subsidio a la que desea postular.<u><\/u><u><\/u><\/p>\n<p style=\"text-align: justify;\"><u><\/u>\u00b7 En caso de postular colectivamente el grupo debe:<u><\/u><u><\/u><\/p>\n<p style=\"text-align: justify;\">&#8211; Tener un m\u00ednimo de 10 integrantes.<u><\/u><u><\/u><\/p>\n<p style=\"text-align: justify;\">&#8211; Postular a trav\u00e9s de una Entidad Patrocinante.<u><\/u><u><\/u><\/p>\n<p style=\"text-align: justify;\">&#8211; Contar con un proyecto habitacional aprobado por el Serviu.<u><\/u><u><\/u><\/p>\n<p style=\"text-align: justify;\"><strong>Modalidades de postulaci\u00f3n<\/strong><u><\/u><u><\/u><\/p>\n<p style=\"text-align: justify;\">Este llamado considera dos modalidades:<u><\/u><u><\/u><\/p>\n<p style=\"text-align: justify;\"><u><\/u>1) Adquisici\u00f3n de\u00a0<span class=\"il\">vivienda<\/span>: Permite comprar una\u00a0<span class=\"il\">vivienda<\/span>\u00a0nueva o usada en algunos de los siguientes tramos de precio de\u00a0<span class=\"il\">vivienda<\/span>, para lo que se deben cumplir distintos requisitos de ahorro y calificaci\u00f3n socioecon\u00f3mica:<u><\/u><u><\/u><\/p>\n<p style=\"text-align: justify;\">\u2022\u00a0 Tramo 1: Viviendas hasta 1.100 UF<u><\/u><u><\/u><\/p>\n<p style=\"text-align: justify;\">\u2022\u00a0 Tramo 2: Viviendas hasta 1.600 UF<u><\/u><u><\/u><\/p>\n<p style=\"text-align: justify;\">\u2022\u00a0 Tramo 3: Viviendas hasta 2.200 UF<u><\/u><u><\/u><\/p>\n<p style=\"text-align: justify;\"><u><\/u>2) Construcci\u00f3n en Sitio Propio:\u00a0 Permite la construcci\u00f3n de una\u00a0<span class=\"il\">vivienda<\/span>\u00a0en sitio propio o en densificaci\u00f3n predial (construcci\u00f3n de una\u00a0<span class=\"il\">vivienda<\/span>\u00a0en un terreno donde ya existe otra). Considera los siguientes tramos:<u><\/u><u><\/u><\/p>\n<p style=\"text-align: justify;\">\u2022\u00a0 Tramo 2: Viviendas hasta 1.600 UF<u><\/u><u><\/u><\/p>\n<p style=\"text-align: justify;\">\u2022\u00a0 Tramo 3: Viviendas hasta 2.200 UF<\/p>\n<\/div><\/section><\/div>\n<div  style='height:50px' class='hr hr-invisible   avia-builder-el-6  el_after_av_one_full  el_before_av_social_share '><span class='hr-inner ' ><span class='hr-inner-style'><\/span><\/span><\/div>\n<div  class='av-social-sharing-box  avia-builder-el-7  el_after_av_hr  el_before_av_hr  '><div class='av-share-box'><h5 class='av-share-link-description av-no-toc '>Compartir esta noticia<\/h5><ul class='av-share-box-list noLightbox'><li class='av-share-link av-social-link-facebook' ><a target=\"_blank\" aria-label=\"Compartir en Facebook\" href='https:\/\/www.facebook.com\/sharer.php?u=https:\/\/radiorevelacionfm.cl\/?p=3709&#038;t=Abrir%C3%A1n%20primer%20llamado%20de%20postulaci%C3%B3n%20para%20el%20Subsidio%20de%20Clase%20Media%20DS1' aria-hidden='false' data-av_icon='\ue8f3' data-av_iconfont='entypo-fontello' title='' data-avia-related-tooltip='Compartir en Facebook' rel=\"noopener\"><span class='avia_hidden_link_text'>Compartir en Facebook<\/span><\/a><\/li><li class='av-share-link av-social-link-twitter' ><a target=\"_blank\" aria-label=\"Compartir en Twitter\" href='https:\/\/twitter.com\/share?text=Abrir%C3%A1n%20primer%20llamado%20de%20postulaci%C3%B3n%20para%20el%20Subsidio%20de%20Clase%20Media%20DS1&#038;url=https:\/\/radiorevelacionfm.cl\/?p=3709' aria-hidden='false' data-av_icon='\ue8f1' data-av_iconfont='entypo-fontello' title='' data-avia-related-tooltip='Compartir en Twitter' rel=\"noopener\"><span class='avia_hidden_link_text'>Compartir en Twitter<\/span><\/a><\/li><li class='av-share-link av-social-link-whatsapp' ><a target=\"_blank\" aria-label=\"Compartir en Whatsapp\" href='https:\/\/api.whatsapp.com\/send?text=https:\/\/radiorevelacionfm.cl\/?p=3709' aria-hidden='false' data-av_icon='\uf232' data-av_iconfont='entypo-fontello' title='' data-avia-related-tooltip='Compartir en Whatsapp' rel=\"noopener\"><span class='avia_hidden_link_text'>Compartir en Whatsapp<\/span><\/a><\/li><li class='av-share-link av-social-link-linkedin' ><a target=\"_blank\" aria-label=\"Compartir en LinkedIn\" href='https:\/\/linkedin.com\/shareArticle?mini=true&#038;title=Abrir%C3%A1n%20primer%20llamado%20de%20postulaci%C3%B3n%20para%20el%20Subsidio%20de%20Clase%20Media%20DS1&#038;url=https:\/\/radiorevelacionfm.cl\/?p=3709' aria-hidden='false' data-av_icon='\ue8fc' data-av_iconfont='entypo-fontello' title='' data-avia-related-tooltip='Compartir en LinkedIn' rel=\"noopener\"><span class='avia_hidden_link_text'>Compartir en LinkedIn<\/span><\/a><\/li><li class='av-share-link av-social-link-mail' ><a  aria-label=\"Compartir por correo\" href='mailto:?subject=Abrir%C3%A1n%20primer%20llamado%20de%20postulaci%C3%B3n%20para%20el%20Subsidio%20de%20Clase%20Media%20DS1&#038;body=https:\/\/radiorevelacionfm.cl\/?p=3709' aria-hidden='false' data-av_icon='\ue805' data-av_iconfont='entypo-fontello' title='' data-avia-related-tooltip='Compartir por correo'><span class='avia_hidden_link_text'>Compartir por correo<\/span><\/a><\/li><\/ul><\/div><\/div>\n<div  style='height:50px' class='hr hr-invisible   avia-builder-el-8  el_after_av_social_share  el_before_av_comments_list '><span class='hr-inner ' ><span class='hr-inner-style'><\/span><\/span><\/div>\n<div  class='av-buildercomment  av-blog-meta-html-info-disabled av-blog-meta-tag-disabled  '><\/div>\n","protected":false},"excerpt":{"rendered":"","protected":false},"author":1,"featured_media":3727,"comment_status":"open","ping_status":"open","sticky":false,"template":"","format":"standard","meta":{"footnotes":""},"categories":[57],"tags":[],"class_list":["post-3709","post","type-post","status-publish","format-standard","has-post-thumbnail","hentry","category-vivienda"],"jetpack_featured_media_url":"https:\/\/radiorevelacionfm.cl\/wp-content\/uploads\/2021\/05\/Subsidio1.jpg","_links":{"self":[{"href":"https:\/\/radiorevelacionfm.cl\/index.php?rest_route=\/wp\/v2\/posts\/3709","targetHints":{"allow":["GET"]}}],"collection":[{"href":"https:\/\/radiorevelacionfm.cl\/index.php?rest_route=\/wp\/v2\/posts"}],"about":[{"href":"https:\/\/radiorevelacionfm.cl\/index.php?rest_route=\/wp\/v2\/types\/post"}],"author":[{"embeddable":true,"href":"https:\/\/radiorevelacionfm.cl\/index.php?rest_route=\/wp\/v2\/users\/1"}],"replies":[{"embeddable":true,"href":"https:\/\/radiorevelacionfm.cl\/index.php?rest_route=%2Fwp%2Fv2%2Fcomments&post=3709"}],"version-history":[{"count":2,"href":"https:\/\/radiorevelacionfm.cl\/index.php?rest_route=\/wp\/v2\/posts\/3709\/revisions"}],"predecessor-version":[{"id":3728,"href":"https:\/\/radiorevelacionfm.cl\/index.php?rest_route=\/wp\/v2\/posts\/3709\/revisions\/3728"}],"wp:featuredmedia":[{"embeddable":true,"href":"https:\/\/radiorevelacionfm.cl\/index.php?rest_route=\/wp\/v2\/media\/3727"}],"wp:attachment":[{"href":"https:\/\/radiorevelacionfm.cl\/index.php?rest_route=%2Fwp%2Fv2%2Fmedia&parent=3709"}],"wp:term":[{"taxonomy":"category","embeddable":true,"href":"https:\/\/radiorevelacionfm.cl\/index.php?rest_route=%2Fwp%2Fv2%2Fcategories&post=3709"},{"taxonomy":"post_tag","embeddable":true,"href":"https:\/\/radiorevelacionfm.cl\/index.php?rest_route=%2Fwp%2Fv2%2Ftags&post=3709"}],"curies":[{"name":"wp","href":"https:\/\/api.w.org\/{rel}","templated":true}]}}