{"id":37077,"date":"2023-11-18T11:35:01","date_gmt":"2023-11-18T14:35:01","guid":{"rendered":"https:\/\/radiorevelacionfm.cl\/?p=37077"},"modified":"2023-11-18T11:35:01","modified_gmt":"2023-11-18T14:35:01","slug":"lanzan-campana-esto-es-sin-juzgar-para-visibilizar-fenomenos-de-consumo-de-alcohol-y-otras-drogas","status":"publish","type":"post","link":"https:\/\/radiorevelacionfm.cl\/?p=37077","title":{"rendered":"Lanzan Campa\u00f1a \u201cEsto es sin Juzgar\u201d para visibilizar fen\u00f3menos de consumo de alcohol y otras drogas"},"content":{"rendered":"<div class=\"flex_column av_one_full  flex_column_div av-zero-column-padding first  avia-builder-el-0  el_before_av_one_full  avia-builder-el-first  \" style='border-radius:0px; '><div  class='avia-image-container  av-styling-    avia-builder-el-1  avia-builder-el-no-sibling  avia-align-center '  itemprop=\"image\" itemscope=\"itemscope\" itemtype=\"https:\/\/schema.org\/ImageObject\"  ><div class='avia-image-container-inner'><div class='avia-image-overlay-wrap'><img decoding=\"async\" class='wp-image-37078 avia-img-lazy-loading-not-37078 avia_image' src=\"https:\/\/radiorevelacionfm.cl\/wp-content\/uploads\/2023\/11\/3-34-1_optimized.jpeg\" alt='' title='3-(34)-(1)_optimized' height=\"600\" width=\"1067\"  itemprop=\"thumbnailUrl\" srcset=\"https:\/\/radiorevelacionfm.cl\/wp-content\/uploads\/2023\/11\/3-34-1_optimized.jpeg 1067w, https:\/\/radiorevelacionfm.cl\/wp-content\/uploads\/2023\/11\/3-34-1_optimized-300x169.jpeg 300w, https:\/\/radiorevelacionfm.cl\/wp-content\/uploads\/2023\/11\/3-34-1_optimized-1030x579.jpeg 1030w, https:\/\/radiorevelacionfm.cl\/wp-content\/uploads\/2023\/11\/3-34-1_optimized-768x432.jpeg 768w, https:\/\/radiorevelacionfm.cl\/wp-content\/uploads\/2023\/11\/3-34-1_optimized-705x396.jpeg 705w, https:\/\/radiorevelacionfm.cl\/wp-content\/uploads\/2023\/11\/3-34-1_optimized-450x253.jpeg 450w, https:\/\/radiorevelacionfm.cl\/wp-content\/uploads\/2023\/11\/3-34-1_optimized-600x337.jpeg 600w\" sizes=\"(max-width: 1067px) 100vw, 1067px\" \/><\/div><\/div><\/div><\/div><div class=\"flex_column av_one_full  flex_column_div av-zero-column-padding first  avia-builder-el-2  el_after_av_one_full  el_before_av_one_full  column-top-margin\" style='border-radius:0px; '><section class=\"av_textblock_section \"  itemscope=\"itemscope\" itemtype=\"https:\/\/schema.org\/BlogPosting\" itemprop=\"blogPost\" ><div class='avia_textblock  '   itemprop=\"text\" ><p style=\"text-align: center;\"><strong><span style=\"font-size: 18pt;\">Lanzan Campa\u00f1a \u201cEsto es sin Juzgar\u201d para visibilizar fen\u00f3menos de consumo de alcohol y otras drogas<\/span><\/strong><\/p>\n<div id=\"gtx-trans\" style=\"position: absolute; left: -50px; top: 4.31534px;\">\n<div class=\"gtx-trans-icon\"><\/div>\n<\/div>\n<\/div><\/section><\/div><div class=\"flex_column av_one_full  flex_column_div av-zero-column-padding first  avia-builder-el-4  el_after_av_one_full  el_before_av_hr  column-top-margin\" style='border-radius:0px; '><section class=\"av_textblock_section \"  itemscope=\"itemscope\" itemtype=\"https:\/\/schema.org\/BlogPosting\" itemprop=\"blogPost\" ><div class='avia_textblock  '   itemprop=\"text\" ><p style=\"font-weight: 400; text-align: justify;\">En dependencias del SENDA (Servicio Nacional Para la Prevenci\u00f3n y Rehabilitaci\u00f3n del Consumo de Alcohol y Drogas), y con la presencia del delegado presidencial regional, Rodrigo Araya; la directora regional de SENDA, Victoria Contreras y el director del Servicio de Salud de Ays\u00e9n, Juan Pablo Bravo, se lanz\u00f3 la campa\u00f1a denominada \u201cEsto es sin Juzgar\u201d, destinada a visibilizar los fen\u00f3menos de consumo de alcohol y otras drogas.<\/p>\n<p style=\"font-weight: 400; text-align: justify;\">Se trata de la primera campa\u00f1a multiplataforma que considera un spot televisivo, frases radiales y 4 audioseries, que buscan visibilizar situaciones de consumo problem\u00e1tico de alcohol y otras drogas y dar cuenta de que existe una red de tratamiento gratuita.<\/p>\n<p style=\"font-weight: 400; text-align: justify;\">Uno de los objetivos es que el temor a ser juzgado deje de ser una barrera para acceder a tratamiento y de esta forma abrir la puerta a recuperaci\u00f3n y demostrar que abordar el consumo problem\u00e1tico es una responsabilidad compartida por todos y todas.<\/p>\n<p style=\"font-weight: 400; text-align: justify;\">La directora de la instituci\u00f3n destac\u00f3 que el sentido de esta iniciativa \u201ces sin juzgar porque de acuerdo a nuestros estudios, el 70% de las personas reconoce caracter\u00edsticas negativas en las que presentan consumos problem\u00e1ticos de sustancias. Este elemento es una brecha para las personas que necesitan acceder a tratamiento porque temen ser juzgadas\u201d, se\u00f1al\u00f3 Mar\u00eda Victoria Contreras.<\/p>\n<p style=\"font-weight: 400; text-align: justify;\">Por su parte, el director Servicio Salud mencion\u00f3 que las personas pueden acceder a este tipo de atenci\u00f3n en diferentes puntos del territorio. \u201cEsta es una campa\u00f1a con m\u00e1s de 500 dispositivos a nivel nacional y nosotros ac\u00e1 como regi\u00f3n tenemos 16 dispositivos desplegados a trav\u00e9s de la atenci\u00f3n primaria de salud, por el despliegue territorial que tenemos para acercar la salud a los usuarios y brindarles la atenci\u00f3n necesaria en esta campa\u00f1a\u201d, inform\u00f3.<\/p>\n<p style=\"font-weight: 400; text-align: justify;\">Las autoridades informaron que una alternativa valiosa de orientaci\u00f3n es el fono gratuito y confidencial 1412, el cual puede ser una ayuda desde cualquier zona de la regi\u00f3n, todos los d\u00edas de la semana.<\/p>\n<p style=\"font-weight: 400; text-align: justify;\">Al respecto, el delegado Rodrigo Araya coment\u00f3 que \u201cel fono 1412 lleva varios a\u00f1os funcionando y no solamente son las personas con problema de consumo las que acuden a \u00e9l, sino tambi\u00e9n los familiares, los amigos y conocidos. Es tremendamente importante en este fono que funciona las 24 horas del d\u00eda, la existencia de profesionales al otro lado de la l\u00ednea, como psic\u00f3logos y asistentes sociales, que tienen la capacitaci\u00f3n para ayudar a las personas que tienen este problema\u201d.<\/p>\n<p style=\"font-weight: 400; text-align: justify;\">Se inform\u00f3 igualmente que la mayor\u00eda de los usuarios del fono 1412 son mujeres adultas, principalmente madres, hermanas o familiares, lo que refleja un importante aspecto de g\u00e9nero y familiar en la problem\u00e1tica asociada al consumo de drogas.<\/p>\n<p style=\"font-weight: 400; text-align: justify;\">Como parte de la misma campa\u00f1a se realizar\u00e1n a lo largo del pa\u00eds los \u201cConversatorios 1412\u201d, que son encuentros con la ciudadan\u00eda donde las audioseries servir\u00e1n como gatilladores para discutir sobre problemas de consumo, c\u00f3mo abordarlos al interior en distintos espacios, fomentando la prevenci\u00f3n y el involucramiento de las familias, la comunidad y el barrio.<\/p>\n<\/div><\/section><\/div><div  style='height:50px' class='hr hr-invisible   avia-builder-el-6  el_after_av_one_full  el_before_av_social_share '><span class='hr-inner ' ><span class='hr-inner-style'><\/span><\/span><\/div><\/p>\n<div  class='av-social-sharing-box  avia-builder-el-7  el_after_av_hr  el_before_av_hr  '><div class='av-share-box'><h5 class='av-share-link-description av-no-toc '>Compartir esta noticia<\/h5><ul class='av-share-box-list noLightbox'><li class='av-share-link av-social-link-facebook' ><a target=\"_blank\" aria-label=\"Compartir en Facebook\" href='https:\/\/www.facebook.com\/sharer.php?u=https:\/\/radiorevelacionfm.cl\/?p=37077&#038;t=Lanzan%20Campa%C3%B1a%20%E2%80%9CEsto%20es%20sin%20Juzgar%E2%80%9D%20para%20visibilizar%20fen%C3%B3menos%20de%20consumo%20de%20alcohol%20y%20otras%20drogas' aria-hidden='false' data-av_icon='\ue8f3' data-av_iconfont='entypo-fontello' title='' data-avia-related-tooltip='Compartir en Facebook' rel=\"noopener\"><span class='avia_hidden_link_text'>Compartir en Facebook<\/span><\/a><\/li><li class='av-share-link av-social-link-twitter' ><a target=\"_blank\" aria-label=\"Compartir en Twitter\" href='https:\/\/twitter.com\/share?text=Lanzan%20Campa%C3%B1a%20%E2%80%9CEsto%20es%20sin%20Juzgar%E2%80%9D%20para%20visibilizar%20fen%C3%B3menos%20de%20consumo%20de%20alcohol%20y%20otras%20drogas&#038;url=https:\/\/radiorevelacionfm.cl\/?p=37077' aria-hidden='false' data-av_icon='\ue8f1' data-av_iconfont='entypo-fontello' title='' data-avia-related-tooltip='Compartir en Twitter' rel=\"noopener\"><span class='avia_hidden_link_text'>Compartir en Twitter<\/span><\/a><\/li><li class='av-share-link av-social-link-whatsapp' ><a target=\"_blank\" aria-label=\"Compartir en Whatsapp\" href='https:\/\/api.whatsapp.com\/send?text=https:\/\/radiorevelacionfm.cl\/?p=37077' aria-hidden='false' data-av_icon='\uf232' data-av_iconfont='entypo-fontello' title='' data-avia-related-tooltip='Compartir en Whatsapp' rel=\"noopener\"><span class='avia_hidden_link_text'>Compartir en Whatsapp<\/span><\/a><\/li><li class='av-share-link av-social-link-linkedin' ><a target=\"_blank\" aria-label=\"Compartir en LinkedIn\" href='https:\/\/linkedin.com\/shareArticle?mini=true&#038;title=Lanzan%20Campa%C3%B1a%20%E2%80%9CEsto%20es%20sin%20Juzgar%E2%80%9D%20para%20visibilizar%20fen%C3%B3menos%20de%20consumo%20de%20alcohol%20y%20otras%20drogas&#038;url=https:\/\/radiorevelacionfm.cl\/?p=37077' aria-hidden='false' data-av_icon='\ue8fc' data-av_iconfont='entypo-fontello' title='' data-avia-related-tooltip='Compartir en LinkedIn' rel=\"noopener\"><span class='avia_hidden_link_text'>Compartir en LinkedIn<\/span><\/a><\/li><li class='av-share-link av-social-link-mail' ><a  aria-label=\"Compartir por correo\" href='mailto:?subject=Lanzan%20Campa%C3%B1a%20%E2%80%9CEsto%20es%20sin%20Juzgar%E2%80%9D%20para%20visibilizar%20fen%C3%B3menos%20de%20consumo%20de%20alcohol%20y%20otras%20drogas&#038;body=https:\/\/radiorevelacionfm.cl\/?p=37077' aria-hidden='false' data-av_icon='\ue805' data-av_iconfont='entypo-fontello' title='' data-avia-related-tooltip='Compartir por correo'><span class='avia_hidden_link_text'>Compartir por correo<\/span><\/a><\/li><\/ul><\/div><\/div>\n<div  style='height:50px' class='hr hr-invisible   avia-builder-el-8  el_after_av_social_share  el_before_av_comments_list '><span class='hr-inner ' ><span class='hr-inner-style'><\/span><\/span><\/div>\n<div  class='av-buildercomment  av-blog-meta-html-info-disabled av-blog-meta-tag-disabled  '><\/div>\n","protected":false},"excerpt":{"rendered":"","protected":false},"author":1,"featured_media":37078,"comment_status":"open","ping_status":"open","sticky":false,"template":"","format":"standard","meta":{"footnotes":""},"categories":[38],"tags":[],"class_list":["post-37077","post","type-post","status-publish","format-standard","has-post-thumbnail","hentry","category-regional"],"jetpack_featured_media_url":"https:\/\/radiorevelacionfm.cl\/wp-content\/uploads\/2023\/11\/3-34-1_optimized.jpeg","_links":{"self":[{"href":"https:\/\/radiorevelacionfm.cl\/index.php?rest_route=\/wp\/v2\/posts\/37077","targetHints":{"allow":["GET"]}}],"collection":[{"href":"https:\/\/radiorevelacionfm.cl\/index.php?rest_route=\/wp\/v2\/posts"}],"about":[{"href":"https:\/\/radiorevelacionfm.cl\/index.php?rest_route=\/wp\/v2\/types\/post"}],"author":[{"embeddable":true,"href":"https:\/\/radiorevelacionfm.cl\/index.php?rest_route=\/wp\/v2\/users\/1"}],"replies":[{"embeddable":true,"href":"https:\/\/radiorevelacionfm.cl\/index.php?rest_route=%2Fwp%2Fv2%2Fcomments&post=37077"}],"version-history":[{"count":1,"href":"https:\/\/radiorevelacionfm.cl\/index.php?rest_route=\/wp\/v2\/posts\/37077\/revisions"}],"predecessor-version":[{"id":37079,"href":"https:\/\/radiorevelacionfm.cl\/index.php?rest_route=\/wp\/v2\/posts\/37077\/revisions\/37079"}],"wp:featuredmedia":[{"embeddable":true,"href":"https:\/\/radiorevelacionfm.cl\/index.php?rest_route=\/wp\/v2\/media\/37078"}],"wp:attachment":[{"href":"https:\/\/radiorevelacionfm.cl\/index.php?rest_route=%2Fwp%2Fv2%2Fmedia&parent=37077"}],"wp:term":[{"taxonomy":"category","embeddable":true,"href":"https:\/\/radiorevelacionfm.cl\/index.php?rest_route=%2Fwp%2Fv2%2Fcategories&post=37077"},{"taxonomy":"post_tag","embeddable":true,"href":"https:\/\/radiorevelacionfm.cl\/index.php?rest_route=%2Fwp%2Fv2%2Ftags&post=37077"}],"curies":[{"name":"wp","href":"https:\/\/api.w.org\/{rel}","templated":true}]}}