{"id":37074,"date":"2023-11-17T18:49:17","date_gmt":"2023-11-17T21:49:17","guid":{"rendered":"https:\/\/radiorevelacionfm.cl\/?p=37074"},"modified":"2023-11-17T18:49:17","modified_gmt":"2023-11-17T21:49:17","slug":"inician-nueva-etapa-de-construccion-de-colectores-de-aguas-lluvias-en-puerto-aysen","status":"publish","type":"post","link":"https:\/\/radiorevelacionfm.cl\/?p=37074","title":{"rendered":"Inician nueva etapa de construcci\u00f3n de colectores de aguas lluvias en Puerto Ays\u00e9n"},"content":{"rendered":"<div class=\"flex_column av_one_full  flex_column_div av-zero-column-padding first  avia-builder-el-0  el_before_av_one_full  avia-builder-el-first  \" style='border-radius:0px; '><div  class='avia-image-container  av-styling-    avia-builder-el-1  avia-builder-el-no-sibling  avia-align-center '  itemprop=\"image\" itemscope=\"itemscope\" itemtype=\"https:\/\/schema.org\/ImageObject\"  ><div class='avia-image-container-inner'><div class='avia-image-overlay-wrap'><img decoding=\"async\" class='wp-image-37075 avia-img-lazy-loading-not-37075 avia_image' src=\"https:\/\/radiorevelacionfm.cl\/wp-content\/uploads\/2023\/11\/IMG_20231117_113649052-1-1.jpg\" alt='' title='IMG_20231117_113649052 (1) (1)' height=\"600\" width=\"800\"  itemprop=\"thumbnailUrl\" srcset=\"https:\/\/radiorevelacionfm.cl\/wp-content\/uploads\/2023\/11\/IMG_20231117_113649052-1-1.jpg 800w, https:\/\/radiorevelacionfm.cl\/wp-content\/uploads\/2023\/11\/IMG_20231117_113649052-1-1-300x225.jpg 300w, https:\/\/radiorevelacionfm.cl\/wp-content\/uploads\/2023\/11\/IMG_20231117_113649052-1-1-768x576.jpg 768w, https:\/\/radiorevelacionfm.cl\/wp-content\/uploads\/2023\/11\/IMG_20231117_113649052-1-1-705x529.jpg 705w, https:\/\/radiorevelacionfm.cl\/wp-content\/uploads\/2023\/11\/IMG_20231117_113649052-1-1-450x338.jpg 450w, https:\/\/radiorevelacionfm.cl\/wp-content\/uploads\/2023\/11\/IMG_20231117_113649052-1-1-600x450.jpg 600w\" sizes=\"(max-width: 800px) 100vw, 800px\" \/><\/div><\/div><\/div><\/div><div class=\"flex_column av_one_full  flex_column_div av-zero-column-padding first  avia-builder-el-2  el_after_av_one_full  el_before_av_one_full  column-top-margin\" style='border-radius:0px; '><section class=\"av_textblock_section \"  itemscope=\"itemscope\" itemtype=\"https:\/\/schema.org\/BlogPosting\" itemprop=\"blogPost\" ><div class='avia_textblock  '   itemprop=\"text\" ><p style=\"text-align: center;\"><strong><span style=\"font-size: 18pt;\">Inician nueva etapa de construcci\u00f3n de colectores de aguas lluvias en Puerto Ays\u00e9n<\/span><\/strong><\/p>\n<div id=\"gtx-trans\" style=\"position: absolute; left: -50px; top: 4.31534px;\">\n<div class=\"gtx-trans-icon\"><\/div>\n<\/div>\n<\/div><\/section><\/div><div class=\"flex_column av_one_full  flex_column_div av-zero-column-padding first  avia-builder-el-4  el_after_av_one_full  el_before_av_hr  column-top-margin\" style='border-radius:0px; '><section class=\"av_textblock_section \"  itemscope=\"itemscope\" itemtype=\"https:\/\/schema.org\/BlogPosting\" itemprop=\"blogPost\" ><div class='avia_textblock  '   itemprop=\"text\" ><p class=\"v1MsoNormal\" style=\"text-align: justify;\">Por un monto de 340 millones de pesos y un plazo de seis meses para el desarrollo de las obras de ingenier\u00eda, se dio inici\u00f3 en Puerto Ays\u00e9n a los trabajos de construcci\u00f3n de una nueva etapa del sistema de evacuaci\u00f3n y drenaje de aguas lluvias, \u00a0en calle Sargento Aldea de esa ciudad.<\/p>\n<p class=\"v1MsoNormal\" style=\"text-align: justify;\">En un recorrido por el sector de faenas, el Delegado Presidencial Provincial de Ays\u00e9n, Jorge D\u00edaz Guzm\u00e1n, junto al Director Regional de Obras Hidr\u00e1ulicas del MOP, Francisco Real y Representantes del municipio local, participaron de la firma del acta de entrega de terreno para el inicio de obras, a la Empresa Constructora \u00a0Sheuen \u00a0Ltda. , adjudicataria del proyecto.<\/p>\n<p class=\"v1MsoNormal\" style=\"text-align: justify;\">El objetivo de la intervenci\u00f3n hidr\u00e1ulica es brindar una soluci\u00f3n definitiva a los cerca de 2500 vecinos que habitan en dicho sector, reduciendo los posibles anegamientos en calles y veredas, mitigando de ese modo los da\u00f1os y perjuicios a la propiedad p\u00fablica y privada.<\/p>\n<p class=\"v1MsoNormal\" style=\"text-align: justify;\">As\u00ed lo describi\u00f3 el Director Regional de Obras Hidr\u00e1ulicas Francisco Real, expresando \u00a0que \u00abesta obra contempla un canal abierto y en algunos tramos, tuber\u00edas socavadas, lo que nos permitir\u00e1 evitar las inundaciones que existen en este sector de la ciudad, espec\u00edficamente entre la estaci\u00f3n de servicio y la calle Quitralco. La evacuaci\u00f3n de las aguas lluvias \u00a0ser\u00e1 a trav\u00e9s de un colector \u00a0que conduce al r\u00edo Ays\u00e9n\u00bb, agreg\u00f3.<\/p>\n<p class=\"v1MsoNormal\" style=\"text-align: justify;\">Sobre los beneficios que esta obra reporta para la vida de los ciudadanos de Ays\u00e9n, el\u00a0Delegado Presidencial Provincial de Ays\u00e9n, Jorge D\u00edaz Guzm\u00e1n,\u00a0indic\u00f3 que \u00abpara nuestro Gobierno es muy importante la seguridad y la vida ciudadana y en este contexto, a prop\u00f3sito del crecimiento y expansi\u00f3n urbana de la ciudad de Puerto Ays\u00e9n, nos preocupamos de que las personas se puedan desplazar sin inconvenientes por las veredas y aceras de sus barrios. La necesidad de cubrir la captaci\u00f3n y evacuaci\u00f3n de aguas lluvias en zonas que est\u00e1n mayormente pavimentadas, ofrece una soluci\u00f3n definitiva y por ende mayor calidad de vida para \u00a0los vecinos de la ciudad\u00bb, sentenci\u00f3.<\/p>\n<p class=\"v1MsoNormal\" style=\"text-align: justify;\">Estas obras en espec\u00edfico se enmarcan en el Plan Maestro de Evacuaci\u00f3n y Drenaje de Aguas Lluvias de Puerto Ays\u00e9n y se estima como plazo de t\u00e9rmino el mes de mayo de 2024, considerando 14 cupos laborales para la contrataci\u00f3n de mano de obra, durante el tiempo que dure su desarrollo.<\/p>\n<\/div><\/section><\/div><div  style='height:50px' class='hr hr-invisible   avia-builder-el-6  el_after_av_one_full  el_before_av_social_share '><span class='hr-inner ' ><span class='hr-inner-style'><\/span><\/span><\/div><\/p>\n<div  class='av-social-sharing-box  avia-builder-el-7  el_after_av_hr  el_before_av_hr  '><div class='av-share-box'><h5 class='av-share-link-description av-no-toc '>Compartir esta noticia<\/h5><ul class='av-share-box-list noLightbox'><li class='av-share-link av-social-link-facebook' ><a target=\"_blank\" aria-label=\"Compartir en Facebook\" href='https:\/\/www.facebook.com\/sharer.php?u=https:\/\/radiorevelacionfm.cl\/?p=37074&#038;t=Inician%20nueva%20etapa%20de%20construcci%C3%B3n%20de%20colectores%20de%20aguas%20lluvias%20en%20Puerto%20Ays%C3%A9n' aria-hidden='false' data-av_icon='\ue8f3' data-av_iconfont='entypo-fontello' title='' data-avia-related-tooltip='Compartir en Facebook' rel=\"noopener\"><span class='avia_hidden_link_text'>Compartir en Facebook<\/span><\/a><\/li><li class='av-share-link av-social-link-twitter' ><a target=\"_blank\" aria-label=\"Compartir en Twitter\" href='https:\/\/twitter.com\/share?text=Inician%20nueva%20etapa%20de%20construcci%C3%B3n%20de%20colectores%20de%20aguas%20lluvias%20en%20Puerto%20Ays%C3%A9n&#038;url=https:\/\/radiorevelacionfm.cl\/?p=37074' aria-hidden='false' data-av_icon='\ue8f1' data-av_iconfont='entypo-fontello' title='' data-avia-related-tooltip='Compartir en Twitter' rel=\"noopener\"><span class='avia_hidden_link_text'>Compartir en Twitter<\/span><\/a><\/li><li class='av-share-link av-social-link-whatsapp' ><a target=\"_blank\" aria-label=\"Compartir en Whatsapp\" href='https:\/\/api.whatsapp.com\/send?text=https:\/\/radiorevelacionfm.cl\/?p=37074' aria-hidden='false' data-av_icon='\uf232' data-av_iconfont='entypo-fontello' title='' data-avia-related-tooltip='Compartir en Whatsapp' rel=\"noopener\"><span class='avia_hidden_link_text'>Compartir en Whatsapp<\/span><\/a><\/li><li class='av-share-link av-social-link-linkedin' ><a target=\"_blank\" aria-label=\"Compartir en LinkedIn\" href='https:\/\/linkedin.com\/shareArticle?mini=true&#038;title=Inician%20nueva%20etapa%20de%20construcci%C3%B3n%20de%20colectores%20de%20aguas%20lluvias%20en%20Puerto%20Ays%C3%A9n&#038;url=https:\/\/radiorevelacionfm.cl\/?p=37074' aria-hidden='false' data-av_icon='\ue8fc' data-av_iconfont='entypo-fontello' title='' data-avia-related-tooltip='Compartir en LinkedIn' rel=\"noopener\"><span class='avia_hidden_link_text'>Compartir en LinkedIn<\/span><\/a><\/li><li class='av-share-link av-social-link-mail' ><a  aria-label=\"Compartir por correo\" href='mailto:?subject=Inician%20nueva%20etapa%20de%20construcci%C3%B3n%20de%20colectores%20de%20aguas%20lluvias%20en%20Puerto%20Ays%C3%A9n&#038;body=https:\/\/radiorevelacionfm.cl\/?p=37074' aria-hidden='false' data-av_icon='\ue805' data-av_iconfont='entypo-fontello' title='' data-avia-related-tooltip='Compartir por correo'><span class='avia_hidden_link_text'>Compartir por correo<\/span><\/a><\/li><\/ul><\/div><\/div>\n<div  style='height:50px' class='hr hr-invisible   avia-builder-el-8  el_after_av_social_share  el_before_av_comments_list '><span class='hr-inner ' ><span class='hr-inner-style'><\/span><\/span><\/div>\n<div  class='av-buildercomment  av-blog-meta-html-info-disabled av-blog-meta-tag-disabled  '><\/div>\n","protected":false},"excerpt":{"rendered":"","protected":false},"author":1,"featured_media":37075,"comment_status":"open","ping_status":"open","sticky":false,"template":"","format":"standard","meta":{"footnotes":""},"categories":[38],"tags":[],"class_list":["post-37074","post","type-post","status-publish","format-standard","has-post-thumbnail","hentry","category-regional"],"jetpack_featured_media_url":"https:\/\/radiorevelacionfm.cl\/wp-content\/uploads\/2023\/11\/IMG_20231117_113649052-1-1.jpg","_links":{"self":[{"href":"https:\/\/radiorevelacionfm.cl\/index.php?rest_route=\/wp\/v2\/posts\/37074","targetHints":{"allow":["GET"]}}],"collection":[{"href":"https:\/\/radiorevelacionfm.cl\/index.php?rest_route=\/wp\/v2\/posts"}],"about":[{"href":"https:\/\/radiorevelacionfm.cl\/index.php?rest_route=\/wp\/v2\/types\/post"}],"author":[{"embeddable":true,"href":"https:\/\/radiorevelacionfm.cl\/index.php?rest_route=\/wp\/v2\/users\/1"}],"replies":[{"embeddable":true,"href":"https:\/\/radiorevelacionfm.cl\/index.php?rest_route=%2Fwp%2Fv2%2Fcomments&post=37074"}],"version-history":[{"count":1,"href":"https:\/\/radiorevelacionfm.cl\/index.php?rest_route=\/wp\/v2\/posts\/37074\/revisions"}],"predecessor-version":[{"id":37076,"href":"https:\/\/radiorevelacionfm.cl\/index.php?rest_route=\/wp\/v2\/posts\/37074\/revisions\/37076"}],"wp:featuredmedia":[{"embeddable":true,"href":"https:\/\/radiorevelacionfm.cl\/index.php?rest_route=\/wp\/v2\/media\/37075"}],"wp:attachment":[{"href":"https:\/\/radiorevelacionfm.cl\/index.php?rest_route=%2Fwp%2Fv2%2Fmedia&parent=37074"}],"wp:term":[{"taxonomy":"category","embeddable":true,"href":"https:\/\/radiorevelacionfm.cl\/index.php?rest_route=%2Fwp%2Fv2%2Fcategories&post=37074"},{"taxonomy":"post_tag","embeddable":true,"href":"https:\/\/radiorevelacionfm.cl\/index.php?rest_route=%2Fwp%2Fv2%2Ftags&post=37074"}],"curies":[{"name":"wp","href":"https:\/\/api.w.org\/{rel}","templated":true}]}}