{"id":37071,"date":"2023-11-17T16:48:31","date_gmt":"2023-11-17T19:48:31","guid":{"rendered":"https:\/\/radiorevelacionfm.cl\/?p=37071"},"modified":"2023-11-17T16:48:31","modified_gmt":"2023-11-17T19:48:31","slug":"17-emprendedores-as-regionales-estan-participando-en-la-vitrina-digital-cyber-fosis","status":"publish","type":"post","link":"https:\/\/radiorevelacionfm.cl\/?p=37071","title":{"rendered":"17 emprendedores\/as regionales est\u00e1n participando en la vitrina digital Cyber FOSIS"},"content":{"rendered":"<div class=\"flex_column av_one_full  flex_column_div av-zero-column-padding first  avia-builder-el-0  el_before_av_one_full  avia-builder-el-first  \" style='border-radius:0px; '><div  class='avia-image-container  av-styling-    avia-builder-el-1  avia-builder-el-no-sibling  avia-align-center '  itemprop=\"image\" itemscope=\"itemscope\" itemtype=\"https:\/\/schema.org\/ImageObject\"  ><div class='avia-image-container-inner'><div class='avia-image-overlay-wrap'><img decoding=\"async\" class='wp-image-37072 avia-img-lazy-loading-not-37072 avia_image' src=\"https:\/\/radiorevelacionfm.cl\/wp-content\/uploads\/2023\/11\/1-98-1_optimized-1-1.jpg\" alt='' title='1-(98)-(1)_optimized (1) (1)' height=\"720\" width=\"815\"  itemprop=\"thumbnailUrl\" srcset=\"https:\/\/radiorevelacionfm.cl\/wp-content\/uploads\/2023\/11\/1-98-1_optimized-1-1.jpg 815w, https:\/\/radiorevelacionfm.cl\/wp-content\/uploads\/2023\/11\/1-98-1_optimized-1-1-300x265.jpg 300w, https:\/\/radiorevelacionfm.cl\/wp-content\/uploads\/2023\/11\/1-98-1_optimized-1-1-768x678.jpg 768w, https:\/\/radiorevelacionfm.cl\/wp-content\/uploads\/2023\/11\/1-98-1_optimized-1-1-705x623.jpg 705w, https:\/\/radiorevelacionfm.cl\/wp-content\/uploads\/2023\/11\/1-98-1_optimized-1-1-450x398.jpg 450w, https:\/\/radiorevelacionfm.cl\/wp-content\/uploads\/2023\/11\/1-98-1_optimized-1-1-600x530.jpg 600w\" sizes=\"(max-width: 815px) 100vw, 815px\" \/><\/div><\/div><\/div><\/div><div class=\"flex_column av_one_full  flex_column_div av-zero-column-padding first  avia-builder-el-2  el_after_av_one_full  el_before_av_one_full  column-top-margin\" style='border-radius:0px; '><section class=\"av_textblock_section \"  itemscope=\"itemscope\" itemtype=\"https:\/\/schema.org\/BlogPosting\" itemprop=\"blogPost\" ><div class='avia_textblock  '   itemprop=\"text\" ><p style=\"text-align: center;\"><span style=\"font-size: 18pt;\"><strong>17 emprendedores\/as regionales est\u00e1n participando en la vitrina digital Cyber FOSIS <\/strong><\/span><\/p>\n<div id=\"gtx-trans\" style=\"position: absolute; left: -50px; top: 4.31534px;\">\n<div class=\"gtx-trans-icon\"><\/div>\n<\/div>\n<\/div><\/section><\/div><div class=\"flex_column av_one_full  flex_column_div av-zero-column-padding first  avia-builder-el-4  el_after_av_one_full  el_before_av_hr  column-top-margin\" style='border-radius:0px; '><section class=\"av_textblock_section \"  itemscope=\"itemscope\" itemtype=\"https:\/\/schema.org\/BlogPosting\" itemprop=\"blogPost\" ><div class='avia_textblock  '   itemprop=\"text\" ><p style=\"text-align: justify;\">Hasta la feria artesanal de Paseo Horn lleg\u00f3 la Directora Regional del FOSIS, Fernanda Leiva, para anunciar una nueva versi\u00f3n del Cyber FOSIS y conocer a K\u00fcyentaria, el emprendimiento de Paz Adaros, donde rescata a trav\u00e9s de sus trabajos en acuarela dise\u00f1os de flora, fauna y paisajes de la regi\u00f3n de Ays\u00e9n.<\/p>\n<p style=\"text-align: justify;\">La vitrina digital re\u00fane a m\u00e1s de 200 emprendimientos de todo el pa\u00eds y 17 de ellos son de la regi\u00f3n de Ays\u00e9n, ofreciendo una variedad productos, organizados en categor\u00edas de accesorios y regalos; artesan\u00eda y manualidades; belleza y salud; comida; hogar; mundo infantil; servicios; y vestuario y calzado.<\/p>\n<p style=\"text-align: justify;\">La emprendedora, Paz Adaros, valor\u00f3 positivamente la oportunidad de ser parte de esta vitrina digital y mencion\u00f3 que \u201ctrabajo con mi pareja en K\u00fcyentaria, que es nuestro emprendimiento de flora, fauna y paisajes de la regi\u00f3n de Ays\u00e9n. Son pinturas en acuarela hechas a mano que van estampadas en distintas superficies utilitarias como jarritos, tazones, teteras, mates, etc. Los invito a visitar Cyber FOSIS y visitar K\u00fcyentaria para que puedan ver todos los trabajos que tenemos disponibles\u201d.<\/p>\n<p style=\"text-align: justify;\">Fernanda Leiva, Directora Regional del FOSIS en Ays\u00e9n, coment\u00f3 que \u201cvinimos a hacer esta visita a Paz para poder mostrar su trabajo y anunciar el inicio del Cyber FOSIS. Aprovechamos la oportunidad para destacar que prontamente se viene el D\u00eda Internacional de la Mujer Emprendedoras y quisimos reflejar en Paz y su trabajo todo el esfuerzo y talento que las emprendedoras ponen d\u00eda a d\u00eda y en su cotidianeidad. Saludamos a todas las emprendedoras del pa\u00eds y en particular de nuestra regi\u00f3n\u201d.<\/p>\n<p style=\"text-align: justify;\">El Director Nacional del FOSIS, Nicol\u00e1s Navarrete destac\u00f3 que \u201cel Cyber FOSIS es una vitrina para que peque\u00f1os emprendimientos tengan un espacio en el mundo digital, que les abra una ventana hacia la venta online que hoy es una herramienta clave; adem\u00e1s de poder ampliar sus ventas hacia otros sectores a un solo click. Como Gobierno del Presidente Boric es fundamental crear nuevas oportunidades para nuestras personas emprendedoras\u201d.<\/p>\n<p style=\"text-align: justify;\">Esta iniciativa es un espacio orientado para emprendedores y emprendedoras que han participado en alg\u00fan programa del FOSIS, tienen un negocio en funcionamiento con redes sociales activas y pertenezcan al 60% m\u00e1s vulnerable, seg\u00fan el Registro Social de Hogares.<\/p>\n<p style=\"text-align: justify;\">Todos los emprendimientos de Cyber FOSIS se encuentran disponibles en <a href=\"http:\/\/www.fosis.gob.cl\">www.fosis.gob.cl<\/a> o en <a href=\"http:\/\/www.cyberfosis.cl\">www.cyberfosis.cl<\/a> hasta el domingo 26 de noviembre.<\/p>\n<\/div><\/section><\/div><div  style='height:50px' class='hr hr-invisible   avia-builder-el-6  el_after_av_one_full  el_before_av_social_share '><span class='hr-inner ' ><span class='hr-inner-style'><\/span><\/span><\/div><\/p>\n<div  class='av-social-sharing-box  avia-builder-el-7  el_after_av_hr  el_before_av_hr  '><div class='av-share-box'><h5 class='av-share-link-description av-no-toc '>Compartir esta noticia<\/h5><ul class='av-share-box-list noLightbox'><li class='av-share-link av-social-link-facebook' ><a target=\"_blank\" aria-label=\"Compartir en Facebook\" href='https:\/\/www.facebook.com\/sharer.php?u=https:\/\/radiorevelacionfm.cl\/?p=37071&#038;t=17%20emprendedores%2Fas%20regionales%20est%C3%A1n%20participando%20en%20la%20vitrina%20digital%20Cyber%20FOSIS' aria-hidden='false' data-av_icon='\ue8f3' data-av_iconfont='entypo-fontello' title='' data-avia-related-tooltip='Compartir en Facebook' rel=\"noopener\"><span class='avia_hidden_link_text'>Compartir en Facebook<\/span><\/a><\/li><li class='av-share-link av-social-link-twitter' ><a target=\"_blank\" aria-label=\"Compartir en Twitter\" href='https:\/\/twitter.com\/share?text=17%20emprendedores%2Fas%20regionales%20est%C3%A1n%20participando%20en%20la%20vitrina%20digital%20Cyber%20FOSIS&#038;url=https:\/\/radiorevelacionfm.cl\/?p=37071' aria-hidden='false' data-av_icon='\ue8f1' data-av_iconfont='entypo-fontello' title='' data-avia-related-tooltip='Compartir en Twitter' rel=\"noopener\"><span class='avia_hidden_link_text'>Compartir en Twitter<\/span><\/a><\/li><li class='av-share-link av-social-link-whatsapp' ><a target=\"_blank\" aria-label=\"Compartir en Whatsapp\" href='https:\/\/api.whatsapp.com\/send?text=https:\/\/radiorevelacionfm.cl\/?p=37071' aria-hidden='false' data-av_icon='\uf232' data-av_iconfont='entypo-fontello' title='' data-avia-related-tooltip='Compartir en Whatsapp' rel=\"noopener\"><span class='avia_hidden_link_text'>Compartir en Whatsapp<\/span><\/a><\/li><li class='av-share-link av-social-link-linkedin' ><a target=\"_blank\" aria-label=\"Compartir en LinkedIn\" href='https:\/\/linkedin.com\/shareArticle?mini=true&#038;title=17%20emprendedores%2Fas%20regionales%20est%C3%A1n%20participando%20en%20la%20vitrina%20digital%20Cyber%20FOSIS&#038;url=https:\/\/radiorevelacionfm.cl\/?p=37071' aria-hidden='false' data-av_icon='\ue8fc' data-av_iconfont='entypo-fontello' title='' data-avia-related-tooltip='Compartir en LinkedIn' rel=\"noopener\"><span class='avia_hidden_link_text'>Compartir en LinkedIn<\/span><\/a><\/li><li class='av-share-link av-social-link-mail' ><a  aria-label=\"Compartir por correo\" href='mailto:?subject=17%20emprendedores%2Fas%20regionales%20est%C3%A1n%20participando%20en%20la%20vitrina%20digital%20Cyber%20FOSIS&#038;body=https:\/\/radiorevelacionfm.cl\/?p=37071' aria-hidden='false' data-av_icon='\ue805' data-av_iconfont='entypo-fontello' title='' data-avia-related-tooltip='Compartir por correo'><span class='avia_hidden_link_text'>Compartir por correo<\/span><\/a><\/li><\/ul><\/div><\/div>\n<div  style='height:50px' class='hr hr-invisible   avia-builder-el-8  el_after_av_social_share  el_before_av_comments_list '><span class='hr-inner ' ><span class='hr-inner-style'><\/span><\/span><\/div>\n<div  class='av-buildercomment  av-blog-meta-html-info-disabled av-blog-meta-tag-disabled  '><\/div>\n","protected":false},"excerpt":{"rendered":"","protected":false},"author":1,"featured_media":37072,"comment_status":"open","ping_status":"open","sticky":false,"template":"","format":"standard","meta":{"footnotes":""},"categories":[38],"tags":[],"class_list":["post-37071","post","type-post","status-publish","format-standard","has-post-thumbnail","hentry","category-regional"],"jetpack_featured_media_url":"https:\/\/radiorevelacionfm.cl\/wp-content\/uploads\/2023\/11\/1-98-1_optimized-1-1.jpg","_links":{"self":[{"href":"https:\/\/radiorevelacionfm.cl\/index.php?rest_route=\/wp\/v2\/posts\/37071","targetHints":{"allow":["GET"]}}],"collection":[{"href":"https:\/\/radiorevelacionfm.cl\/index.php?rest_route=\/wp\/v2\/posts"}],"about":[{"href":"https:\/\/radiorevelacionfm.cl\/index.php?rest_route=\/wp\/v2\/types\/post"}],"author":[{"embeddable":true,"href":"https:\/\/radiorevelacionfm.cl\/index.php?rest_route=\/wp\/v2\/users\/1"}],"replies":[{"embeddable":true,"href":"https:\/\/radiorevelacionfm.cl\/index.php?rest_route=%2Fwp%2Fv2%2Fcomments&post=37071"}],"version-history":[{"count":1,"href":"https:\/\/radiorevelacionfm.cl\/index.php?rest_route=\/wp\/v2\/posts\/37071\/revisions"}],"predecessor-version":[{"id":37073,"href":"https:\/\/radiorevelacionfm.cl\/index.php?rest_route=\/wp\/v2\/posts\/37071\/revisions\/37073"}],"wp:featuredmedia":[{"embeddable":true,"href":"https:\/\/radiorevelacionfm.cl\/index.php?rest_route=\/wp\/v2\/media\/37072"}],"wp:attachment":[{"href":"https:\/\/radiorevelacionfm.cl\/index.php?rest_route=%2Fwp%2Fv2%2Fmedia&parent=37071"}],"wp:term":[{"taxonomy":"category","embeddable":true,"href":"https:\/\/radiorevelacionfm.cl\/index.php?rest_route=%2Fwp%2Fv2%2Fcategories&post=37071"},{"taxonomy":"post_tag","embeddable":true,"href":"https:\/\/radiorevelacionfm.cl\/index.php?rest_route=%2Fwp%2Fv2%2Ftags&post=37071"}],"curies":[{"name":"wp","href":"https:\/\/api.w.org\/{rel}","templated":true}]}}