{"id":37066,"date":"2023-11-18T16:07:07","date_gmt":"2023-11-18T19:07:07","guid":{"rendered":"https:\/\/radiorevelacionfm.cl\/?p=37066"},"modified":"2023-11-18T16:07:07","modified_gmt":"2023-11-18T19:07:07","slug":"juzgado-de-garantia-de-coyhaique-incorpora-servicio-de-atencion-de-publico-virtual","status":"publish","type":"post","link":"https:\/\/radiorevelacionfm.cl\/?p=37066","title":{"rendered":"Juzgado de Garant\u00eda de Coyhaique incorpora servicio de atenci\u00f3n de p\u00fablico virtual"},"content":{"rendered":"<div class=\"flex_column av_one_full  flex_column_div av-zero-column-padding first  avia-builder-el-0  el_before_av_one_full  avia-builder-el-first  \" style='border-radius:0px; '><div  class='avia-image-container  av-styling-    avia-builder-el-1  avia-builder-el-no-sibling  avia-align-center '  itemprop=\"image\" itemscope=\"itemscope\" itemtype=\"https:\/\/schema.org\/ImageObject\"  ><div class='avia-image-container-inner'><div class='avia-image-overlay-wrap'><img decoding=\"async\" class='wp-image-13477 avia-img-lazy-loading-not-13477 avia_image' src=\"https:\/\/radiorevelacionfm.cl\/wp-content\/uploads\/2022\/02\/foto-1-top-4-1_optimized.jpg\" alt='' title='foto-1-top-4-1_optimized' height=\"573\" width=\"860\"  itemprop=\"thumbnailUrl\" srcset=\"https:\/\/radiorevelacionfm.cl\/wp-content\/uploads\/2022\/02\/foto-1-top-4-1_optimized.jpg 860w, https:\/\/radiorevelacionfm.cl\/wp-content\/uploads\/2022\/02\/foto-1-top-4-1_optimized-300x200.jpg 300w, https:\/\/radiorevelacionfm.cl\/wp-content\/uploads\/2022\/02\/foto-1-top-4-1_optimized-768x512.jpg 768w, https:\/\/radiorevelacionfm.cl\/wp-content\/uploads\/2022\/02\/foto-1-top-4-1_optimized-705x470.jpg 705w, https:\/\/radiorevelacionfm.cl\/wp-content\/uploads\/2022\/02\/foto-1-top-4-1_optimized-600x400.jpg 600w\" sizes=\"(max-width: 860px) 100vw, 860px\" \/><\/div><\/div><\/div><\/div><div class=\"flex_column av_one_full  flex_column_div av-zero-column-padding first  avia-builder-el-2  el_after_av_one_full  el_before_av_one_full  column-top-margin\" style='border-radius:0px; '><section class=\"av_textblock_section \"  itemscope=\"itemscope\" itemtype=\"https:\/\/schema.org\/BlogPosting\" itemprop=\"blogPost\" ><div class='avia_textblock  '   itemprop=\"text\" ><p style=\"text-align: center;\"><strong><span style=\"font-size: 18pt;\">Juzgado de Garant\u00eda de Coyhaique incorpora servicio de atenci\u00f3n de p\u00fablico virtual<\/span><\/strong><\/p>\n<div id=\"gtx-trans\" style=\"position: absolute; left: -50px; top: 4.31534px;\">\n<div class=\"gtx-trans-icon\"><\/div>\n<\/div>\n<\/div><\/section><\/div><div class=\"flex_column av_one_full  flex_column_div av-zero-column-padding first  avia-builder-el-4  el_after_av_one_full  el_before_av_hr  column-top-margin\" style='border-radius:0px; '><section class=\"av_textblock_section \"  itemscope=\"itemscope\" itemtype=\"https:\/\/schema.org\/BlogPosting\" itemprop=\"blogPost\" ><div class='avia_textblock  '   itemprop=\"text\" ><p class=\"v1MsoNormal\" style=\"text-align: justify;\">El Juzgado de Garant\u00eda de Coyhaique se sum\u00f3 -desde el pasado lunes 13 de noviembre- al plan de atenci\u00f3n de usuarios virtual mediante el sitio\u00a0<a href=\"http:\/\/conecta.pjud.cl\/\" target=\"_blank\" rel=\"noopener noreferrer\">conecta.pjud.cl<\/a>., instancia creada por el Poder Judicial para facilitar el acceso a la justicia de los habitantes de la comuna.<\/p>\n<p class=\"v1MsoNormal\" style=\"text-align: justify;\">Al respecto, el juez presidente del tribunal, Juan Patricio Silva Pedreros, sostuvo que \u00abla iniciativa denominada &#8216;Conecta Pjud&#8217;, entrega a la ciudadan\u00eda una ventanilla \u00fanica de atenci\u00f3n digital, que permite atender v\u00eda internet solicitudes, consultas, diligencias de abogados, como ratificaciones de patrocinios y poder, por video llamada o mensajer\u00eda digital, evitando la necesidad de desplazarse, lo que se presenta como una herramienta \u00fatil, acorde a las nuevas tecnolog\u00edas imperantes, y de gran beneficio para poder prestar el servicio judicial en nuestra regi\u00f3n, que es muy amplia y con un clima a veces adverso\u00bb.<\/p>\n<p class=\"v1MsoNormal\" style=\"text-align: justify;\">El magistrado agreg\u00f3 que \u00abpara acceder a la plataforma, se debe ingresar al sitio\u00a0<a href=\"http:\/\/conecta.pjud.cl\/\" target=\"_blank\" rel=\"noopener noreferrer\">conecta.pjud.cl<\/a>\u00a0desde un computador o celular, identificarse con sus datos b\u00e1sicos (RUT y n\u00b0 de documento) y, opcionalmente, indicar tel\u00e9fono y direcci\u00f3n de correo. Luego, deber\u00e1 elegir el juzgado o unidad judicial\u00a0 y seleccionar c\u00f3mo quiere ser atendido (chat o videollamada). Al otro lado, un funcionario atender\u00e1 y dar\u00e1 respuesta a las consultas, que podr\u00e1n realizarse de lunes a viernes entre las 8:00 y 14:00 horas y los s\u00e1bados de 09:00 a 12:00 horas.<\/p>\n<p class=\"v1MsoNormal\" style=\"text-align: justify;\">De esta manera, el Juzgado de Garant\u00eda de Coyhaique se convierte en el cuarto tribunal en la jurisdicci\u00f3n en implementar este sistema de atenci\u00f3n digital de usuarios, tras el Juzgado de Letras, Garant\u00eda y Familia de Chile Chico, de Puerto Ays\u00e9n y el Juzgado especializado en materia de Familia de la capital regional.<\/p>\n<\/div><\/section><\/div><div  style='height:50px' class='hr hr-invisible   avia-builder-el-6  el_after_av_one_full  el_before_av_social_share '><span class='hr-inner ' ><span class='hr-inner-style'><\/span><\/span><\/div><\/p>\n<div  class='av-social-sharing-box  avia-builder-el-7  el_after_av_hr  el_before_av_hr  '><div class='av-share-box'><h5 class='av-share-link-description av-no-toc '>Compartir esta noticia<\/h5><ul class='av-share-box-list noLightbox'><li class='av-share-link av-social-link-facebook' ><a target=\"_blank\" aria-label=\"Compartir en Facebook\" href='https:\/\/www.facebook.com\/sharer.php?u=https:\/\/radiorevelacionfm.cl\/?p=37066&#038;t=Juzgado%20de%20Garant%C3%ADa%20de%20Coyhaique%20incorpora%20servicio%20de%20atenci%C3%B3n%20de%20p%C3%BAblico%20virtual' aria-hidden='false' data-av_icon='\ue8f3' data-av_iconfont='entypo-fontello' title='' data-avia-related-tooltip='Compartir en Facebook' rel=\"noopener\"><span class='avia_hidden_link_text'>Compartir en Facebook<\/span><\/a><\/li><li class='av-share-link av-social-link-twitter' ><a target=\"_blank\" aria-label=\"Compartir en Twitter\" href='https:\/\/twitter.com\/share?text=Juzgado%20de%20Garant%C3%ADa%20de%20Coyhaique%20incorpora%20servicio%20de%20atenci%C3%B3n%20de%20p%C3%BAblico%20virtual&#038;url=https:\/\/radiorevelacionfm.cl\/?p=37066' aria-hidden='false' data-av_icon='\ue8f1' data-av_iconfont='entypo-fontello' title='' data-avia-related-tooltip='Compartir en Twitter' rel=\"noopener\"><span class='avia_hidden_link_text'>Compartir en Twitter<\/span><\/a><\/li><li class='av-share-link av-social-link-whatsapp' ><a target=\"_blank\" aria-label=\"Compartir en Whatsapp\" href='https:\/\/api.whatsapp.com\/send?text=https:\/\/radiorevelacionfm.cl\/?p=37066' aria-hidden='false' data-av_icon='\uf232' data-av_iconfont='entypo-fontello' title='' data-avia-related-tooltip='Compartir en Whatsapp' rel=\"noopener\"><span class='avia_hidden_link_text'>Compartir en Whatsapp<\/span><\/a><\/li><li class='av-share-link av-social-link-linkedin' ><a target=\"_blank\" aria-label=\"Compartir en LinkedIn\" href='https:\/\/linkedin.com\/shareArticle?mini=true&#038;title=Juzgado%20de%20Garant%C3%ADa%20de%20Coyhaique%20incorpora%20servicio%20de%20atenci%C3%B3n%20de%20p%C3%BAblico%20virtual&#038;url=https:\/\/radiorevelacionfm.cl\/?p=37066' aria-hidden='false' data-av_icon='\ue8fc' data-av_iconfont='entypo-fontello' title='' data-avia-related-tooltip='Compartir en LinkedIn' rel=\"noopener\"><span class='avia_hidden_link_text'>Compartir en LinkedIn<\/span><\/a><\/li><li class='av-share-link av-social-link-mail' ><a  aria-label=\"Compartir por correo\" href='mailto:?subject=Juzgado%20de%20Garant%C3%ADa%20de%20Coyhaique%20incorpora%20servicio%20de%20atenci%C3%B3n%20de%20p%C3%BAblico%20virtual&#038;body=https:\/\/radiorevelacionfm.cl\/?p=37066' aria-hidden='false' data-av_icon='\ue805' data-av_iconfont='entypo-fontello' title='' data-avia-related-tooltip='Compartir por correo'><span class='avia_hidden_link_text'>Compartir por correo<\/span><\/a><\/li><\/ul><\/div><\/div>\n<div  style='height:50px' class='hr hr-invisible   avia-builder-el-8  el_after_av_social_share  el_before_av_comments_list '><span class='hr-inner ' ><span class='hr-inner-style'><\/span><\/span><\/div>\n<div  class='av-buildercomment  av-blog-meta-html-info-disabled av-blog-meta-tag-disabled  '><\/div>\n","protected":false},"excerpt":{"rendered":"","protected":false},"author":1,"featured_media":13477,"comment_status":"open","ping_status":"open","sticky":false,"template":"","format":"standard","meta":{"footnotes":""},"categories":[55],"tags":[],"class_list":["post-37066","post","type-post","status-publish","format-standard","has-post-thumbnail","hentry","category-justicia"],"jetpack_featured_media_url":"https:\/\/radiorevelacionfm.cl\/wp-content\/uploads\/2022\/02\/foto-1-top-4-1_optimized.jpg","_links":{"self":[{"href":"https:\/\/radiorevelacionfm.cl\/index.php?rest_route=\/wp\/v2\/posts\/37066","targetHints":{"allow":["GET"]}}],"collection":[{"href":"https:\/\/radiorevelacionfm.cl\/index.php?rest_route=\/wp\/v2\/posts"}],"about":[{"href":"https:\/\/radiorevelacionfm.cl\/index.php?rest_route=\/wp\/v2\/types\/post"}],"author":[{"embeddable":true,"href":"https:\/\/radiorevelacionfm.cl\/index.php?rest_route=\/wp\/v2\/users\/1"}],"replies":[{"embeddable":true,"href":"https:\/\/radiorevelacionfm.cl\/index.php?rest_route=%2Fwp%2Fv2%2Fcomments&post=37066"}],"version-history":[{"count":1,"href":"https:\/\/radiorevelacionfm.cl\/index.php?rest_route=\/wp\/v2\/posts\/37066\/revisions"}],"predecessor-version":[{"id":37067,"href":"https:\/\/radiorevelacionfm.cl\/index.php?rest_route=\/wp\/v2\/posts\/37066\/revisions\/37067"}],"wp:featuredmedia":[{"embeddable":true,"href":"https:\/\/radiorevelacionfm.cl\/index.php?rest_route=\/wp\/v2\/media\/13477"}],"wp:attachment":[{"href":"https:\/\/radiorevelacionfm.cl\/index.php?rest_route=%2Fwp%2Fv2%2Fmedia&parent=37066"}],"wp:term":[{"taxonomy":"category","embeddable":true,"href":"https:\/\/radiorevelacionfm.cl\/index.php?rest_route=%2Fwp%2Fv2%2Fcategories&post=37066"},{"taxonomy":"post_tag","embeddable":true,"href":"https:\/\/radiorevelacionfm.cl\/index.php?rest_route=%2Fwp%2Fv2%2Ftags&post=37066"}],"curies":[{"name":"wp","href":"https:\/\/api.w.org\/{rel}","templated":true}]}}