{"id":37064,"date":"2023-11-17T21:09:15","date_gmt":"2023-11-18T00:09:15","guid":{"rendered":"https:\/\/radiorevelacionfm.cl\/?p=37064"},"modified":"2023-11-17T21:09:15","modified_gmt":"2023-11-18T00:09:15","slug":"diputada-raphael-advierte-que-bancada-de-rn-podria-acusar-constitucionalmente-a-toha-si-no-lleva-a-cabo-la-expulsion-de-mas-de-12-mil-inmigrantes","status":"publish","type":"post","link":"https:\/\/radiorevelacionfm.cl\/?p=37064","title":{"rendered":"Diputada Raphael advierte que bancada de RN podr\u00eda acusar constitucionalmente a Toh\u00e1 si no lleva a cabo la expulsi\u00f3n de m\u00e1s de 12 mil inmigrantes"},"content":{"rendered":"<div class=\"flex_column av_one_full  flex_column_div av-zero-column-padding first  avia-builder-el-0  el_before_av_one_full  avia-builder-el-first  \" style='border-radius:0px; '><div  class='avia-image-container  av-styling-    avia-builder-el-1  avia-builder-el-no-sibling  avia-align-center '  itemprop=\"image\" itemscope=\"itemscope\" itemtype=\"https:\/\/schema.org\/ImageObject\"  ><div class='avia-image-container-inner'><div class='avia-image-overlay-wrap'><img decoding=\"async\" class='wp-image-29715 avia-img-lazy-loading-not-29715 avia_image' src=\"https:\/\/radiorevelacionfm.cl\/wp-content\/uploads\/2023\/04\/Foto-M-Raphael-1-1.jpg\" alt='' title='Foto M Raphael (1) (1)' height=\"600\" width=\"901\"  itemprop=\"thumbnailUrl\" srcset=\"https:\/\/radiorevelacionfm.cl\/wp-content\/uploads\/2023\/04\/Foto-M-Raphael-1-1.jpg 901w, https:\/\/radiorevelacionfm.cl\/wp-content\/uploads\/2023\/04\/Foto-M-Raphael-1-1-300x200.jpg 300w, https:\/\/radiorevelacionfm.cl\/wp-content\/uploads\/2023\/04\/Foto-M-Raphael-1-1-768x511.jpg 768w, https:\/\/radiorevelacionfm.cl\/wp-content\/uploads\/2023\/04\/Foto-M-Raphael-1-1-705x469.jpg 705w, https:\/\/radiorevelacionfm.cl\/wp-content\/uploads\/2023\/04\/Foto-M-Raphael-1-1-450x300.jpg 450w, https:\/\/radiorevelacionfm.cl\/wp-content\/uploads\/2023\/04\/Foto-M-Raphael-1-1-600x400.jpg 600w\" sizes=\"(max-width: 901px) 100vw, 901px\" \/><\/div><\/div><\/div><\/div><div class=\"flex_column av_one_full  flex_column_div av-zero-column-padding first  avia-builder-el-2  el_after_av_one_full  el_before_av_one_full  column-top-margin\" style='border-radius:0px; '><section class=\"av_textblock_section \"  itemscope=\"itemscope\" itemtype=\"https:\/\/schema.org\/BlogPosting\" itemprop=\"blogPost\" ><div class='avia_textblock  '   itemprop=\"text\" ><p style=\"text-align: center;\"><span style=\"font-size: 18pt;\"><strong>Diputada Raphael advierte que bancada de RN podr\u00eda acusar constitucionalmente a Toh\u00e1 si no lleva a cabo la expulsi\u00f3n de m\u00e1s de 12 mil inmigrantes<\/strong><\/span><\/p>\n<div id=\"gtx-trans\" style=\"position: absolute; left: -50px; top: 4.31534px;\">\n<div class=\"gtx-trans-icon\"><\/div>\n<\/div>\n<\/div><\/section><\/div><div class=\"flex_column av_one_full  flex_column_div av-zero-column-padding first  avia-builder-el-4  el_after_av_one_full  el_before_av_hr  column-top-margin\" style='border-radius:0px; '><section class=\"av_textblock_section \"  itemscope=\"itemscope\" itemtype=\"https:\/\/schema.org\/BlogPosting\" itemprop=\"blogPost\" ><div class='avia_textblock  '   itemprop=\"text\" ><p style=\"text-align: justify;\">La sequ\u00eda de expulsiones de migrantes irregulares en el pa\u00eds, sumado a los violentos hechos delictivos en las dos \u00faltimas semanas protagonizados principalmente por extranjeros, fue el detonante para que la Bancada de Diputados de Renovaci\u00f3n Nacional exigiera hoy a la ministra del Interior, Carolina Toh\u00e1, la expulsi\u00f3n de aqu\u00ed al 31 de diciembre de 12 mil for\u00e1neos cuyas carpetas est\u00e1n listas para ser llevadas a cabo. En caso contrario, advirtieron, ser\u00e1 acusada constitucionalmente.<\/p>\n<p style=\"text-align: justify;\">La diputada por la regi\u00f3n de Ays\u00e9n Marcia Raphael ha se\u00f1alado que \u00abhemos llegado a la conclusi\u00f3n de que la situaci\u00f3n ya no tolera m\u00e1s excusas ni el aplazamiento de medidas. No podemos seguir confiando solo en buenas intenciones. Como Bancada vamos a solicitar a la ministra del Interior la expulsi\u00f3n inmediata de las 12 mil personas actualmente en consideraci\u00f3n, quienes son inmigrantes ilegales, y en muchos casos, han cometido delitos. Este proceso debe llevarse a cabo antes de que termine el a\u00f1o. En caso contrario, la Bancada se ver\u00e1 obligada a presentar una acusaci\u00f3n constitucional. Estamos firmes en nuestra posici\u00f3n, ya que consideramos que el trabajo realizado en materia de seguridad p\u00fablica ha sido completamente ineficiente \u00ab, se\u00f1al\u00f3 Raphael.<\/p>\n<p style=\"text-align: justify;\">La legisladora ha expresado su preocupaci\u00f3n debido a los hechos delictivos y sensaci\u00f3n de inseguridad que vive la poblaci\u00f3n, se\u00f1alando que, si bien el fen\u00f3meno de la delincuencia en el resto de Chile es mayor que en Ays\u00e9n, esto es una alerta de lo que podr\u00eda pasar en el futuro en una nuestra zona, que se ha caracterizado siempre por ser un lugar seguro para que los ciudadanos lleven a cabo sus distintos proyectos de vida.<\/p>\n<p style=\"text-align: justify;\">\u201cEl gobierno tiene nota roja por parte de la ciudadan\u00eda y esto se debe en gran parte a la falta de acci\u00f3n que ha tenido esta administraci\u00f3n en enfrentar la delincuencia. No debemos olvidar que este es el gobierno de los indultos, el gobierno que vet\u00f3 la ley de usurpaciones, por ende, existe una percepci\u00f3n ciudadana que no se han hecho los esfuerzos necesarios para combatir la delincuencia y proteger nuestras fronteras de la inmigraci\u00f3n ilegal y descontrolada que estamos viviendo\u201d sentenci\u00f3 Raphael.<\/p>\n<\/div><\/section><\/div><div  style='height:50px' class='hr hr-invisible   avia-builder-el-6  el_after_av_one_full  el_before_av_social_share '><span class='hr-inner ' ><span class='hr-inner-style'><\/span><\/span><\/div><\/p>\n<div  class='av-social-sharing-box  avia-builder-el-7  el_after_av_hr  el_before_av_hr  '><div class='av-share-box'><h5 class='av-share-link-description av-no-toc '>Compartir esta noticia<\/h5><ul class='av-share-box-list noLightbox'><li class='av-share-link av-social-link-facebook' ><a target=\"_blank\" aria-label=\"Compartir en Facebook\" href='https:\/\/www.facebook.com\/sharer.php?u=https:\/\/radiorevelacionfm.cl\/?p=37064&#038;t=Diputada%20Raphael%20advierte%20que%20bancada%20de%20RN%20podr%C3%ADa%20acusar%20constitucionalmente%20a%20Toh%C3%A1%20si%20no%20lleva%20a%20cabo%20la%20expulsi%C3%B3n%20de%20m%C3%A1s%20de%2012%20mil%20inmigrantes' aria-hidden='false' data-av_icon='\ue8f3' data-av_iconfont='entypo-fontello' title='' data-avia-related-tooltip='Compartir en Facebook' rel=\"noopener\"><span class='avia_hidden_link_text'>Compartir en Facebook<\/span><\/a><\/li><li class='av-share-link av-social-link-twitter' ><a target=\"_blank\" aria-label=\"Compartir en Twitter\" href='https:\/\/twitter.com\/share?text=Diputada%20Raphael%20advierte%20que%20bancada%20de%20RN%20podr%C3%ADa%20acusar%20constitucionalmente%20a%20Toh%C3%A1%20si%20no%20lleva%20a%20cabo%20la%20expulsi%C3%B3n%20de%20m%C3%A1s%20de%2012%20mil%20inmigrantes&#038;url=https:\/\/radiorevelacionfm.cl\/?p=37064' aria-hidden='false' data-av_icon='\ue8f1' data-av_iconfont='entypo-fontello' title='' data-avia-related-tooltip='Compartir en Twitter' rel=\"noopener\"><span class='avia_hidden_link_text'>Compartir en Twitter<\/span><\/a><\/li><li class='av-share-link av-social-link-whatsapp' ><a target=\"_blank\" aria-label=\"Compartir en Whatsapp\" href='https:\/\/api.whatsapp.com\/send?text=https:\/\/radiorevelacionfm.cl\/?p=37064' aria-hidden='false' data-av_icon='\uf232' data-av_iconfont='entypo-fontello' title='' data-avia-related-tooltip='Compartir en Whatsapp' rel=\"noopener\"><span class='avia_hidden_link_text'>Compartir en Whatsapp<\/span><\/a><\/li><li class='av-share-link av-social-link-linkedin' ><a target=\"_blank\" aria-label=\"Compartir en LinkedIn\" href='https:\/\/linkedin.com\/shareArticle?mini=true&#038;title=Diputada%20Raphael%20advierte%20que%20bancada%20de%20RN%20podr%C3%ADa%20acusar%20constitucionalmente%20a%20Toh%C3%A1%20si%20no%20lleva%20a%20cabo%20la%20expulsi%C3%B3n%20de%20m%C3%A1s%20de%2012%20mil%20inmigrantes&#038;url=https:\/\/radiorevelacionfm.cl\/?p=37064' aria-hidden='false' data-av_icon='\ue8fc' data-av_iconfont='entypo-fontello' title='' data-avia-related-tooltip='Compartir en LinkedIn' rel=\"noopener\"><span class='avia_hidden_link_text'>Compartir en LinkedIn<\/span><\/a><\/li><li class='av-share-link av-social-link-mail' ><a  aria-label=\"Compartir por correo\" href='mailto:?subject=Diputada%20Raphael%20advierte%20que%20bancada%20de%20RN%20podr%C3%ADa%20acusar%20constitucionalmente%20a%20Toh%C3%A1%20si%20no%20lleva%20a%20cabo%20la%20expulsi%C3%B3n%20de%20m%C3%A1s%20de%2012%20mil%20inmigrantes&#038;body=https:\/\/radiorevelacionfm.cl\/?p=37064' aria-hidden='false' data-av_icon='\ue805' data-av_iconfont='entypo-fontello' title='' data-avia-related-tooltip='Compartir por correo'><span class='avia_hidden_link_text'>Compartir por correo<\/span><\/a><\/li><\/ul><\/div><\/div>\n<div  style='height:50px' class='hr hr-invisible   avia-builder-el-8  el_after_av_social_share  el_before_av_comments_list '><span class='hr-inner ' ><span class='hr-inner-style'><\/span><\/span><\/div>\n<div  class='av-buildercomment  av-blog-meta-html-info-disabled av-blog-meta-tag-disabled  '><\/div>\n","protected":false},"excerpt":{"rendered":"","protected":false},"author":1,"featured_media":29715,"comment_status":"open","ping_status":"open","sticky":false,"template":"","format":"standard","meta":{"footnotes":""},"categories":[35],"tags":[],"class_list":["post-37064","post","type-post","status-publish","format-standard","has-post-thumbnail","hentry","category-politica"],"jetpack_featured_media_url":"https:\/\/radiorevelacionfm.cl\/wp-content\/uploads\/2023\/04\/Foto-M-Raphael-1-1.jpg","_links":{"self":[{"href":"https:\/\/radiorevelacionfm.cl\/index.php?rest_route=\/wp\/v2\/posts\/37064","targetHints":{"allow":["GET"]}}],"collection":[{"href":"https:\/\/radiorevelacionfm.cl\/index.php?rest_route=\/wp\/v2\/posts"}],"about":[{"href":"https:\/\/radiorevelacionfm.cl\/index.php?rest_route=\/wp\/v2\/types\/post"}],"author":[{"embeddable":true,"href":"https:\/\/radiorevelacionfm.cl\/index.php?rest_route=\/wp\/v2\/users\/1"}],"replies":[{"embeddable":true,"href":"https:\/\/radiorevelacionfm.cl\/index.php?rest_route=%2Fwp%2Fv2%2Fcomments&post=37064"}],"version-history":[{"count":1,"href":"https:\/\/radiorevelacionfm.cl\/index.php?rest_route=\/wp\/v2\/posts\/37064\/revisions"}],"predecessor-version":[{"id":37065,"href":"https:\/\/radiorevelacionfm.cl\/index.php?rest_route=\/wp\/v2\/posts\/37064\/revisions\/37065"}],"wp:featuredmedia":[{"embeddable":true,"href":"https:\/\/radiorevelacionfm.cl\/index.php?rest_route=\/wp\/v2\/media\/29715"}],"wp:attachment":[{"href":"https:\/\/radiorevelacionfm.cl\/index.php?rest_route=%2Fwp%2Fv2%2Fmedia&parent=37064"}],"wp:term":[{"taxonomy":"category","embeddable":true,"href":"https:\/\/radiorevelacionfm.cl\/index.php?rest_route=%2Fwp%2Fv2%2Fcategories&post=37064"},{"taxonomy":"post_tag","embeddable":true,"href":"https:\/\/radiorevelacionfm.cl\/index.php?rest_route=%2Fwp%2Fv2%2Ftags&post=37064"}],"curies":[{"name":"wp","href":"https:\/\/api.w.org\/{rel}","templated":true}]}}