{"id":37057,"date":"2023-11-18T12:15:00","date_gmt":"2023-11-18T15:15:00","guid":{"rendered":"https:\/\/radiorevelacionfm.cl\/?p=37057"},"modified":"2023-11-18T12:16:39","modified_gmt":"2023-11-18T15:16:39","slug":"municipio-y-gendarmeria-trabaja-en-proyecto-para-mejoramiento-electrico-del-cet-de-valle-verde","status":"publish","type":"post","link":"https:\/\/radiorevelacionfm.cl\/?p=37057","title":{"rendered":"Municipio y Gendarmer\u00eda trabajan en proyecto para mejoramiento el\u00e9ctrico del CET de Valle Verde"},"content":{"rendered":"<div class=\"flex_column av_one_full  flex_column_div av-zero-column-padding first  avia-builder-el-0  el_before_av_one_full  avia-builder-el-first  \" style='border-radius:0px; '><div  class='avia-image-container  av-styling-    avia-builder-el-1  avia-builder-el-no-sibling  avia-align-center '  itemprop=\"image\" itemscope=\"itemscope\" itemtype=\"https:\/\/schema.org\/ImageObject\"  ><div class='avia-image-container-inner'><div class='avia-image-overlay-wrap'><img decoding=\"async\" class='wp-image-37058 avia-img-lazy-loading-not-37058 avia_image' src=\"https:\/\/radiorevelacionfm.cl\/wp-content\/uploads\/2023\/11\/Reunion-Gendarmes-1-1.jpeg\" alt='' title='Reuni\u00f3n Gendarmes 1 (1)' height=\"600\" width=\"1067\"  itemprop=\"thumbnailUrl\" srcset=\"https:\/\/radiorevelacionfm.cl\/wp-content\/uploads\/2023\/11\/Reunion-Gendarmes-1-1.jpeg 1067w, https:\/\/radiorevelacionfm.cl\/wp-content\/uploads\/2023\/11\/Reunion-Gendarmes-1-1-300x169.jpeg 300w, https:\/\/radiorevelacionfm.cl\/wp-content\/uploads\/2023\/11\/Reunion-Gendarmes-1-1-1030x579.jpeg 1030w, https:\/\/radiorevelacionfm.cl\/wp-content\/uploads\/2023\/11\/Reunion-Gendarmes-1-1-768x432.jpeg 768w, https:\/\/radiorevelacionfm.cl\/wp-content\/uploads\/2023\/11\/Reunion-Gendarmes-1-1-705x396.jpeg 705w, https:\/\/radiorevelacionfm.cl\/wp-content\/uploads\/2023\/11\/Reunion-Gendarmes-1-1-450x253.jpeg 450w, https:\/\/radiorevelacionfm.cl\/wp-content\/uploads\/2023\/11\/Reunion-Gendarmes-1-1-600x337.jpeg 600w\" sizes=\"(max-width: 1067px) 100vw, 1067px\" \/><\/div><\/div><\/div><\/div>\n<div class=\"flex_column av_one_full  flex_column_div av-zero-column-padding first  avia-builder-el-2  el_after_av_one_full  el_before_av_one_full  column-top-margin\" style='border-radius:0px; '><section class=\"av_textblock_section \"  itemscope=\"itemscope\" itemtype=\"https:\/\/schema.org\/BlogPosting\" itemprop=\"blogPost\" ><div class='avia_textblock  '   itemprop=\"text\" ><p style=\"text-align: center;\"><strong><span style=\"font-size: 18pt;\">Municipio y Gendarmer\u00eda trabajan en proyecto para mejoramiento el\u00e9ctrico del CET de Valle Verde<\/span><\/strong><\/p>\n<div id=\"gtx-trans\" style=\"position: absolute; left: -50px; top: 4.31534px;\">\n<div class=\"gtx-trans-icon\"><\/div>\n<\/div>\n<\/div><\/section><\/div><div class=\"flex_column av_one_full  flex_column_div av-zero-column-padding first  avia-builder-el-4  el_after_av_one_full  el_before_av_hr  column-top-margin\" style='border-radius:0px; '><section class=\"av_textblock_section \"  itemscope=\"itemscope\" itemtype=\"https:\/\/schema.org\/BlogPosting\" itemprop=\"blogPost\" ><div class='avia_textblock  '   itemprop=\"text\" ><p style=\"text-align: justify;\">El municipio aysenino pr\u00f3ximamente ingresar\u00e1 un documento para el Gobierno Regional con el objetivo de financiar el cambio en la estructura el\u00e9ctrica del Centro de Educaci\u00f3n y Trabajo (CET) Valle Verde, esto mejorar\u00e1 la condici\u00f3n de los usuarios y podr\u00e1 evitar los constantes cortes de luz que sufre la unidad.<\/p>\n<p style=\"text-align: justify;\">La dependencia antiguamente era utilizada como un internado, se encuentra localizada aproximadamente a 10 kil\u00f3metros de Puerto Ays\u00e9n y cuenta con m\u00e1s de 900 metros cuadrados. El problema para los gendarmes es que la infraestructura del lugar data de hace m\u00e1s de 70 a\u00f1os y no se ha modernizado el sistema el\u00e9ctrico.<\/p>\n<p style=\"text-align: justify;\">El Capit\u00e1n de Gendarmer\u00eda Karim Laibe Monsalve, jefe de Unidad del centro de Valle Verde, est\u00e1 contento con el apoyo del Alcalde Uribe y coment\u00f3 el porqu\u00e9 de la petici\u00f3n a la municipalidad, \u201ces un sue\u00f1o que tenemos hace mucho tiempo poder mejorar el sistema el\u00e9ctrico completo en esta unidad de gendarmer\u00eda, tener este cambio va a mejorar la calidad de vida tanto de los usuarios y del personal que trabaja en la unidad\u201d.<\/p>\n<p style=\"text-align: justify;\">Con el cambio del sistema el\u00e9ctrico se podr\u00edan mejorar los talleres que imparten en la unidad, como los de soldadura, estructuras met\u00e1licas o de vidrio comprimido, entre otros.<\/p>\n<p style=\"text-align: justify;\">Julio Uribe Alvarado, Alcalde de Ays\u00e9n agradece la confianza de venir a pedir ayuda a la Municipalidad y menciona que, \u201chemos sostenido diversas reuniones, ya la alianza con Gendarmer\u00eda de Chile y el Municipio de Ays\u00e9n ha estado cambiando sus condiciones de vida mejorando su infraestructura, a trav\u00e9s de proyectos que hemos elaborado en conjunto y es la manera de avanzar. Ellos est\u00e1n haciendo una gran labor, pero la condici\u00f3n del espacio no son las mejores y como municipio los estamos ayudando a mejorar estas en este \u00e1mbito\u201d.<\/p>\n<p style=\"text-align: justify;\">El proyecto est\u00e1 estimado en aproximadamente 139 millones de pesos, cifra estimada por el equipo de electricistas de la Municipalidad de Ays\u00e9n y prontamente ser\u00e1 ingresado para enviar al Gobierno Regional por el equipo de Secretar\u00eda de Planificaci\u00f3n.<\/p>\n<\/div><\/section><\/div><\/p>\n<div  style='height:50px' class='hr hr-invisible   avia-builder-el-6  el_after_av_one_full  el_before_av_social_share '><span class='hr-inner ' ><span class='hr-inner-style'><\/span><\/span><\/div>\n<div  class='av-social-sharing-box  avia-builder-el-7  el_after_av_hr  el_before_av_hr  '><div class='av-share-box'><h5 class='av-share-link-description av-no-toc '>Compartir esta noticia<\/h5><ul class='av-share-box-list noLightbox'><li class='av-share-link av-social-link-facebook' ><a target=\"_blank\" aria-label=\"Compartir en Facebook\" href='https:\/\/www.facebook.com\/sharer.php?u=https:\/\/radiorevelacionfm.cl\/?p=37057&#038;t=Municipio%20y%20Gendarmer%C3%ADa%20trabajan%20en%20proyecto%20para%20mejoramiento%20el%C3%A9ctrico%20del%20CET%20de%20Valle%20Verde' aria-hidden='false' data-av_icon='\ue8f3' data-av_iconfont='entypo-fontello' title='' data-avia-related-tooltip='Compartir en Facebook' rel=\"noopener\"><span class='avia_hidden_link_text'>Compartir en Facebook<\/span><\/a><\/li><li class='av-share-link av-social-link-twitter' ><a target=\"_blank\" aria-label=\"Compartir en Twitter\" href='https:\/\/twitter.com\/share?text=Municipio%20y%20Gendarmer%C3%ADa%20trabajan%20en%20proyecto%20para%20mejoramiento%20el%C3%A9ctrico%20del%20CET%20de%20Valle%20Verde&#038;url=https:\/\/radiorevelacionfm.cl\/?p=37057' aria-hidden='false' data-av_icon='\ue8f1' data-av_iconfont='entypo-fontello' title='' data-avia-related-tooltip='Compartir en Twitter' rel=\"noopener\"><span class='avia_hidden_link_text'>Compartir en Twitter<\/span><\/a><\/li><li class='av-share-link av-social-link-whatsapp' ><a target=\"_blank\" aria-label=\"Compartir en Whatsapp\" href='https:\/\/api.whatsapp.com\/send?text=https:\/\/radiorevelacionfm.cl\/?p=37057' aria-hidden='false' data-av_icon='\uf232' data-av_iconfont='entypo-fontello' title='' data-avia-related-tooltip='Compartir en Whatsapp' rel=\"noopener\"><span class='avia_hidden_link_text'>Compartir en Whatsapp<\/span><\/a><\/li><li class='av-share-link av-social-link-linkedin' ><a target=\"_blank\" aria-label=\"Compartir en LinkedIn\" href='https:\/\/linkedin.com\/shareArticle?mini=true&#038;title=Municipio%20y%20Gendarmer%C3%ADa%20trabajan%20en%20proyecto%20para%20mejoramiento%20el%C3%A9ctrico%20del%20CET%20de%20Valle%20Verde&#038;url=https:\/\/radiorevelacionfm.cl\/?p=37057' aria-hidden='false' data-av_icon='\ue8fc' data-av_iconfont='entypo-fontello' title='' data-avia-related-tooltip='Compartir en LinkedIn' rel=\"noopener\"><span class='avia_hidden_link_text'>Compartir en LinkedIn<\/span><\/a><\/li><li class='av-share-link av-social-link-mail' ><a  aria-label=\"Compartir por correo\" href='mailto:?subject=Municipio%20y%20Gendarmer%C3%ADa%20trabajan%20en%20proyecto%20para%20mejoramiento%20el%C3%A9ctrico%20del%20CET%20de%20Valle%20Verde&#038;body=https:\/\/radiorevelacionfm.cl\/?p=37057' aria-hidden='false' data-av_icon='\ue805' data-av_iconfont='entypo-fontello' title='' data-avia-related-tooltip='Compartir por correo'><span class='avia_hidden_link_text'>Compartir por correo<\/span><\/a><\/li><\/ul><\/div><\/div>\n<div  style='height:50px' class='hr hr-invisible   avia-builder-el-8  el_after_av_social_share  el_before_av_comments_list '><span class='hr-inner ' ><span class='hr-inner-style'><\/span><\/span><\/div>\n<div  class='av-buildercomment  av-blog-meta-html-info-disabled av-blog-meta-tag-disabled  '><\/div>\n","protected":false},"excerpt":{"rendered":"","protected":false},"author":1,"featured_media":37058,"comment_status":"open","ping_status":"open","sticky":false,"template":"","format":"standard","meta":{"footnotes":""},"categories":[38],"tags":[],"class_list":["post-37057","post","type-post","status-publish","format-standard","has-post-thumbnail","hentry","category-regional"],"jetpack_featured_media_url":"https:\/\/radiorevelacionfm.cl\/wp-content\/uploads\/2023\/11\/Reunion-Gendarmes-1-1.jpeg","_links":{"self":[{"href":"https:\/\/radiorevelacionfm.cl\/index.php?rest_route=\/wp\/v2\/posts\/37057","targetHints":{"allow":["GET"]}}],"collection":[{"href":"https:\/\/radiorevelacionfm.cl\/index.php?rest_route=\/wp\/v2\/posts"}],"about":[{"href":"https:\/\/radiorevelacionfm.cl\/index.php?rest_route=\/wp\/v2\/types\/post"}],"author":[{"embeddable":true,"href":"https:\/\/radiorevelacionfm.cl\/index.php?rest_route=\/wp\/v2\/users\/1"}],"replies":[{"embeddable":true,"href":"https:\/\/radiorevelacionfm.cl\/index.php?rest_route=%2Fwp%2Fv2%2Fcomments&post=37057"}],"version-history":[{"count":2,"href":"https:\/\/radiorevelacionfm.cl\/index.php?rest_route=\/wp\/v2\/posts\/37057\/revisions"}],"predecessor-version":[{"id":37085,"href":"https:\/\/radiorevelacionfm.cl\/index.php?rest_route=\/wp\/v2\/posts\/37057\/revisions\/37085"}],"wp:featuredmedia":[{"embeddable":true,"href":"https:\/\/radiorevelacionfm.cl\/index.php?rest_route=\/wp\/v2\/media\/37058"}],"wp:attachment":[{"href":"https:\/\/radiorevelacionfm.cl\/index.php?rest_route=%2Fwp%2Fv2%2Fmedia&parent=37057"}],"wp:term":[{"taxonomy":"category","embeddable":true,"href":"https:\/\/radiorevelacionfm.cl\/index.php?rest_route=%2Fwp%2Fv2%2Fcategories&post=37057"},{"taxonomy":"post_tag","embeddable":true,"href":"https:\/\/radiorevelacionfm.cl\/index.php?rest_route=%2Fwp%2Fv2%2Ftags&post=37057"}],"curies":[{"name":"wp","href":"https:\/\/api.w.org\/{rel}","templated":true}]}}