{"id":37051,"date":"2023-11-17T10:26:28","date_gmt":"2023-11-17T13:26:28","guid":{"rendered":"https:\/\/radiorevelacionfm.cl\/?p=37051"},"modified":"2023-11-17T10:26:28","modified_gmt":"2023-11-17T13:26:28","slug":"carretera-austral-estrena-cargadores-publicos-para-vehiculos-electricos-a-lo-largo-de-1200-kilometros","status":"publish","type":"post","link":"https:\/\/radiorevelacionfm.cl\/?p=37051","title":{"rendered":"Carretera Austral estrena cargadores p\u00fablicos para veh\u00edculos el\u00e9ctricos a lo largo de 1200 Kil\u00f3metros"},"content":{"rendered":"<div class=\"flex_column av_one_full  flex_column_div av-zero-column-padding first  avia-builder-el-0  el_before_av_one_full  avia-builder-el-first  \" style='border-radius:0px; '><div  class='avia-image-container  av-styling-    avia-builder-el-1  avia-builder-el-no-sibling  avia-align-center '  itemprop=\"image\" itemscope=\"itemscope\" itemtype=\"https:\/\/schema.org\/ImageObject\"  ><div class='avia-image-container-inner'><div class='avia-image-overlay-wrap'><img decoding=\"async\" class='wp-image-37052 avia-img-lazy-loading-not-37052 avia_image' src=\"https:\/\/radiorevelacionfm.cl\/wp-content\/uploads\/2023\/11\/05-eca-seremi-enel-1_optimized-1.jpeg\" alt='' title='05-eca-seremi-enel-(1)_optimized (1)' height=\"600\" width=\"800\"  itemprop=\"thumbnailUrl\" srcset=\"https:\/\/radiorevelacionfm.cl\/wp-content\/uploads\/2023\/11\/05-eca-seremi-enel-1_optimized-1.jpeg 800w, https:\/\/radiorevelacionfm.cl\/wp-content\/uploads\/2023\/11\/05-eca-seremi-enel-1_optimized-1-300x225.jpeg 300w, https:\/\/radiorevelacionfm.cl\/wp-content\/uploads\/2023\/11\/05-eca-seremi-enel-1_optimized-1-768x576.jpeg 768w, https:\/\/radiorevelacionfm.cl\/wp-content\/uploads\/2023\/11\/05-eca-seremi-enel-1_optimized-1-705x529.jpeg 705w, https:\/\/radiorevelacionfm.cl\/wp-content\/uploads\/2023\/11\/05-eca-seremi-enel-1_optimized-1-450x338.jpeg 450w, https:\/\/radiorevelacionfm.cl\/wp-content\/uploads\/2023\/11\/05-eca-seremi-enel-1_optimized-1-600x450.jpeg 600w\" sizes=\"(max-width: 800px) 100vw, 800px\" \/><\/div><\/div><\/div><\/div><div class=\"flex_column av_one_full  flex_column_div av-zero-column-padding first  avia-builder-el-2  el_after_av_one_full  el_before_av_one_full  column-top-margin\" style='border-radius:0px; '><section class=\"av_textblock_section \"  itemscope=\"itemscope\" itemtype=\"https:\/\/schema.org\/BlogPosting\" itemprop=\"blogPost\" ><div class='avia_textblock  '   itemprop=\"text\" ><p style=\"text-align: center;\"><span style=\"font-size: 18pt;\"><b><span lang=\"ES-TRAD\">Carretera Austral estrena cargadores p\u00fablicos para veh\u00edculos el\u00e9ctricos a lo largo de 1200 Kil\u00f3metros<\/span><\/b><\/span><\/p>\n<div id=\"gtx-trans\" style=\"position: absolute; left: -50px; top: 4.31534px;\">\n<div class=\"gtx-trans-icon\"><\/div>\n<\/div>\n<\/div><\/section><\/div><div class=\"flex_column av_one_full  flex_column_div av-zero-column-padding first  avia-builder-el-4  el_after_av_one_full  el_before_av_hr  column-top-margin\" style='border-radius:0px; '><section class=\"av_textblock_section \"  itemscope=\"itemscope\" itemtype=\"https:\/\/schema.org\/BlogPosting\" itemprop=\"blogPost\" ><div class='avia_textblock  '   itemprop=\"text\" ><p style=\"font-weight: 400; text-align: justify;\"><em>La red de 17 cargadores p\u00fablicos ya est\u00e1 instalada en hospeder\u00edas, restaurantes, cafeter\u00edas y otros prestadores de servicios. Esta infraestructura est\u00e1 disponible para que residentes y turistas de todas partes del mundo puedan recorrer uno de los lugares m\u00e1s pr\u00edstinos y atractivos del planeta en veh\u00edculos de cero emisiones, contribuyendo as\u00ed a la protecci\u00f3n de este inigualable ecosistema de la Patagonia.<\/em><\/p>\n<p style=\"font-weight: 400; text-align: justify;\">En un esfuerzo conjunto entre Enel, Big Magazine, Corfo Ays\u00e9n a trav\u00e9s de su programa PER Turismo, y con el respaldo del Gobierno Regional de Ays\u00e9n, se ha puesto en marcha la iniciativa de Electromovilidad en Carretera Austral. Actualmente, m\u00e1s de 1200 kil\u00f3metros, desde Puerto Montt en la Regi\u00f3n de Los Lagos hasta Villa O\u2019Higgins en la Regi\u00f3n de Ays\u00e9n, cuentan con una red de 17 cargadores p\u00fablicos para veh\u00edculos el\u00e9ctricos, facilitando el recorrido por gran parte de la Patagonia chilena.<\/p>\n<p style=\"font-weight: 400; text-align: justify;\">Hasta Villa Ma\u00f1ihuales en la Regi\u00f3n de Ays\u00e9n llegaron autoridades regionales y locales, representantes de las empresas involucradas, y Jean Paul Zalaquett, Gerente de Movilidad El\u00e9ctrica para Latinoam\u00e9rica de Enel, para participar en la ceremonia de corte de cinta que marca la inauguraci\u00f3n de esta electro-ruta. Esta ruta conecta 1221 kil\u00f3metros, gracias a las ventajas de la electromovilidad y su tecnolog\u00eda sin emisiones.<\/p>\n<p style=\"font-weight: 400; text-align: justify;\">La voluntad y el entusiasmo de los habitantes de las diversas ciudades y localidades donde se instalaron los dispositivos fueron fundamentales para concretar este logro. En todos estos lugares, existe la convicci\u00f3n de que este tipo de tecnolog\u00edas facilita un turismo m\u00e1s sustentable al reducir la huella de carbono y promover el cuidado del medio ambiente en este hito topogr\u00e1fico de extraordinaria belleza y diversidad ecol\u00f3gica en el fin del mundo.<\/p>\n<p style=\"font-weight: 400; text-align: justify;\">Empresarios y emprendedores tur\u00edsticos, as\u00ed como propietarios de diversos negocios y residentes en todos los asentamientos de la zona, han mostrado su disposici\u00f3n para facilitar parte de sus terrenos con el fin de brindar espacios para la carga de veh\u00edculos el\u00e9ctricos. Esta iniciativa no solo fomentar\u00e1 el turismo a lo largo de toda la Carretera Austral, sino que tambi\u00e9n propiciar\u00e1 un nuevo intercambio social entre residentes locales y visitantes.<\/p>\n<p style=\"font-weight: 400; text-align: justify;\">Humberto Mar\u00edn Leiva, director de Corfo Ays\u00e9n, indic\u00f3 que el proyecto tiene como objetivo fomentar el uso de tecnolog\u00edas m\u00e1s eficientes, econ\u00f3micas y limpias para lograr un turismo m\u00e1s sostenible en la regi\u00f3n. \u201cEsto implica reducir el impacto ambiental y asegurar beneficios a largo plazo para las comunidades y el territorio de Ays\u00e9n. Quiero destacar el compromiso del gobierno que represento con el desarrollo sostenible y la preservaci\u00f3n del medio ambiente al integrar la movilidad el\u00e9ctrica en uno de los paisajes m\u00e1s impresionantes de nuestro pa\u00eds. Es una realidad tangible que nos llena de orgullo, y expresar mi reconocimiento por el esfuerzo conjunto que estamos realizando para promover tecnolog\u00edas m\u00e1s limpias. Estamos construyendo un camino hacia un futuro m\u00e1s sostenible y estoy emocionado por el impacto positivo que este proyecto tendr\u00e1 en nuestra hermosa regi\u00f3n.<\/p>\n<p style=\"font-weight: 400; text-align: justify;\">Mar\u00edn detall\u00f3 que el \u00abProyecto de Electromovilidad en Carretera Austral\u00bb forma parte del programa de Corfo Ays\u00e9n, centrado en dos objetivos clave: valorizar de manera sostenible los recursos tur\u00edsticos y transformar Ays\u00e9n en un destino tur\u00edstico inteligente y sostenible mediante tecnolog\u00edas digitales para conectar con los visitantes. Este enfoque refleja el compromiso de la regi\u00f3n con el desarrollo tur\u00edstico responsable y la adopci\u00f3n de pr\u00e1cticas innovadoras para equilibrar el crecimiento econ\u00f3mico con la preservaci\u00f3n del entorno natural.<\/p>\n<p style=\"font-weight: 400; text-align: justify;\">Esta iniciativa busca transformar la Carretera Austral en una ruta esc\u00e9nica sustentable de gran alcance, fomentando su notoriedad tanto a nivel nacional como internacional.<\/p>\n<p style=\"font-weight: 400; text-align: justify;\">Al respecto, Francisco Lara, jefe de Divisi\u00f3n de Planificaci\u00f3n y Desarrollo Regional del Gobierno Regional de Ays\u00e9n, resalt\u00f3 la inauguraci\u00f3n de 17 puntos de carga a lo largo de la carretera como resultado del esfuerzo conjunto p\u00fablico y privado, destacando la importancia de respaldar iniciativas para ampliar la infraestructura tur\u00edstica y aboga por una perspectiva estrat\u00e9gica para el crecimiento del turismo.<\/p>\n<p style=\"font-weight: 400; text-align: justify;\">Por su parte, Mauricio Vargas, representante de transporte p\u00fablico en Coyhaique, subray\u00f3 la importancia de la infraestructura de carga para el avance en electromovilidad tanto en el transporte p\u00fablico como para particulares, poniendo en valor la colaboraci\u00f3n entre el sector p\u00fablico y privado como crucial para la toma de decisiones en este \u00e1mbito.<\/p>\n<p style=\"font-weight: 400; text-align: justify;\">En tanto, Jaime Guazzini, presidente del Comit\u00e9 Ejecutivo del PER Turismo, expresa pleno compromiso en respaldar proyectos que promuevan la sostenibilidad en el turismo. Celebra el proyecto de electromovilidad como parte de la visi\u00f3n de convertirse en un destino tur\u00edstico sostenible, beneficiando a comunidades locales y preservando el patrimonio natural.<\/p>\n<p style=\"font-weight: 400; text-align: justify;\">Finalmente, Felipe Rojas Pizarro, seremi de Econom\u00eda, Fomento y Turismo, puntualiz\u00f3 como clave la instalaci\u00f3n de cargadores para el desarrollo tur\u00edstico regional, reflejando un impulso en la electromovilidad y el hidr\u00f3geno verde, esperando la multiplicaci\u00f3n de cargadores en nuevas ubicaciones para impulsar el desarrollo tur\u00edstico.<\/p>\n<p style=\"font-weight: 400; text-align: justify;\"><strong>PROYECTO<\/strong><\/p>\n<p style=\"font-weight: 400; text-align: justify;\">Electromovilidad en Carretera Austral es una red de carga p\u00fablica para veh\u00edculos el\u00e9ctricos, compuesta por 17 estaciones instaladas y operadas por Enel. Estos dispositivos, que operan en modo de carga 3, tienen una potencia m\u00e1xima de 7,4 kW. Al ser cargadores tipo &#8216;Socket&#8217;, permiten el abastecimiento de cualquier veh\u00edculo que cuente con una manguera de carga p\u00fablica con al menos una entrada tipo europea. Para utilizarlos, los usuarios deben descargar una aplicaci\u00f3n especial de Enel y seguir las instrucciones para la operaci\u00f3n de carga.<\/p>\n<p style=\"font-weight: 400; text-align: justify;\">Una de las ventajas de estos equipos es que incorporan la tecnolog\u00eda WayMeter, una funcionalidad que optimiza el balanceo de potencia. Este beneficio permite cargar el veh\u00edculo sin afectar el consumo del lugar desde donde se suministra la energ\u00eda.<\/p>\n<p style=\"font-weight: 400; text-align: justify;\">Los 17 puntos de cargas de\u00a0<em>Electromovilidad en Carretera Austral<\/em>\u00a0en direcci\u00f3n norte a sur son los siguientes: Puerto Montt, Hornopir\u00e9n, Chait\u00e9n, La Junta, Puyuhuapi, Puerto Cisnes, Villa Man\u0303ihuales, Puerto Ayse\u0301n, Coyhaique, Villa Cerro Castillo, Puerto Ri\u0301o Tranquilo, Puerto Guadal, Chile Chico, Puerto Bertrand, Cochrane y Villa O\u2019Higgins.<\/p>\n<\/div><\/section><\/div><div  style='height:50px' class='hr hr-invisible   avia-builder-el-6  el_after_av_one_full  el_before_av_social_share '><span class='hr-inner ' ><span class='hr-inner-style'><\/span><\/span><\/div><\/p>\n<div  class='av-social-sharing-box  avia-builder-el-7  el_after_av_hr  el_before_av_hr  '><div class='av-share-box'><h5 class='av-share-link-description av-no-toc '>Compartir esta noticia<\/h5><ul class='av-share-box-list noLightbox'><li class='av-share-link av-social-link-facebook' ><a target=\"_blank\" aria-label=\"Compartir en Facebook\" href='https:\/\/www.facebook.com\/sharer.php?u=https:\/\/radiorevelacionfm.cl\/?p=37051&#038;t=Carretera%20Austral%20estrena%20cargadores%20p%C3%BAblicos%20para%20veh%C3%ADculos%20el%C3%A9ctricos%20a%20lo%20largo%20de%201200%20Kil%C3%B3metros' aria-hidden='false' data-av_icon='\ue8f3' data-av_iconfont='entypo-fontello' title='' data-avia-related-tooltip='Compartir en Facebook' rel=\"noopener\"><span class='avia_hidden_link_text'>Compartir en Facebook<\/span><\/a><\/li><li class='av-share-link av-social-link-twitter' ><a target=\"_blank\" aria-label=\"Compartir en Twitter\" href='https:\/\/twitter.com\/share?text=Carretera%20Austral%20estrena%20cargadores%20p%C3%BAblicos%20para%20veh%C3%ADculos%20el%C3%A9ctricos%20a%20lo%20largo%20de%201200%20Kil%C3%B3metros&#038;url=https:\/\/radiorevelacionfm.cl\/?p=37051' aria-hidden='false' data-av_icon='\ue8f1' data-av_iconfont='entypo-fontello' title='' data-avia-related-tooltip='Compartir en Twitter' rel=\"noopener\"><span class='avia_hidden_link_text'>Compartir en Twitter<\/span><\/a><\/li><li class='av-share-link av-social-link-whatsapp' ><a target=\"_blank\" aria-label=\"Compartir en Whatsapp\" href='https:\/\/api.whatsapp.com\/send?text=https:\/\/radiorevelacionfm.cl\/?p=37051' aria-hidden='false' data-av_icon='\uf232' data-av_iconfont='entypo-fontello' title='' data-avia-related-tooltip='Compartir en Whatsapp' rel=\"noopener\"><span class='avia_hidden_link_text'>Compartir en Whatsapp<\/span><\/a><\/li><li class='av-share-link av-social-link-linkedin' ><a target=\"_blank\" aria-label=\"Compartir en LinkedIn\" href='https:\/\/linkedin.com\/shareArticle?mini=true&#038;title=Carretera%20Austral%20estrena%20cargadores%20p%C3%BAblicos%20para%20veh%C3%ADculos%20el%C3%A9ctricos%20a%20lo%20largo%20de%201200%20Kil%C3%B3metros&#038;url=https:\/\/radiorevelacionfm.cl\/?p=37051' aria-hidden='false' data-av_icon='\ue8fc' data-av_iconfont='entypo-fontello' title='' data-avia-related-tooltip='Compartir en LinkedIn' rel=\"noopener\"><span class='avia_hidden_link_text'>Compartir en LinkedIn<\/span><\/a><\/li><li class='av-share-link av-social-link-mail' ><a  aria-label=\"Compartir por correo\" href='mailto:?subject=Carretera%20Austral%20estrena%20cargadores%20p%C3%BAblicos%20para%20veh%C3%ADculos%20el%C3%A9ctricos%20a%20lo%20largo%20de%201200%20Kil%C3%B3metros&#038;body=https:\/\/radiorevelacionfm.cl\/?p=37051' aria-hidden='false' data-av_icon='\ue805' data-av_iconfont='entypo-fontello' title='' data-avia-related-tooltip='Compartir por correo'><span class='avia_hidden_link_text'>Compartir por correo<\/span><\/a><\/li><\/ul><\/div><\/div>\n<div  style='height:50px' class='hr hr-invisible   avia-builder-el-8  el_after_av_social_share  el_before_av_comments_list '><span class='hr-inner ' ><span class='hr-inner-style'><\/span><\/span><\/div>\n<div  class='av-buildercomment  av-blog-meta-html-info-disabled av-blog-meta-tag-disabled  '><\/div>\n","protected":false},"excerpt":{"rendered":"","protected":false},"author":1,"featured_media":37052,"comment_status":"open","ping_status":"open","sticky":false,"template":"","format":"standard","meta":{"footnotes":""},"categories":[38],"tags":[],"class_list":["post-37051","post","type-post","status-publish","format-standard","has-post-thumbnail","hentry","category-regional"],"jetpack_featured_media_url":"https:\/\/radiorevelacionfm.cl\/wp-content\/uploads\/2023\/11\/05-eca-seremi-enel-1_optimized-1.jpeg","_links":{"self":[{"href":"https:\/\/radiorevelacionfm.cl\/index.php?rest_route=\/wp\/v2\/posts\/37051","targetHints":{"allow":["GET"]}}],"collection":[{"href":"https:\/\/radiorevelacionfm.cl\/index.php?rest_route=\/wp\/v2\/posts"}],"about":[{"href":"https:\/\/radiorevelacionfm.cl\/index.php?rest_route=\/wp\/v2\/types\/post"}],"author":[{"embeddable":true,"href":"https:\/\/radiorevelacionfm.cl\/index.php?rest_route=\/wp\/v2\/users\/1"}],"replies":[{"embeddable":true,"href":"https:\/\/radiorevelacionfm.cl\/index.php?rest_route=%2Fwp%2Fv2%2Fcomments&post=37051"}],"version-history":[{"count":1,"href":"https:\/\/radiorevelacionfm.cl\/index.php?rest_route=\/wp\/v2\/posts\/37051\/revisions"}],"predecessor-version":[{"id":37053,"href":"https:\/\/radiorevelacionfm.cl\/index.php?rest_route=\/wp\/v2\/posts\/37051\/revisions\/37053"}],"wp:featuredmedia":[{"embeddable":true,"href":"https:\/\/radiorevelacionfm.cl\/index.php?rest_route=\/wp\/v2\/media\/37052"}],"wp:attachment":[{"href":"https:\/\/radiorevelacionfm.cl\/index.php?rest_route=%2Fwp%2Fv2%2Fmedia&parent=37051"}],"wp:term":[{"taxonomy":"category","embeddable":true,"href":"https:\/\/radiorevelacionfm.cl\/index.php?rest_route=%2Fwp%2Fv2%2Fcategories&post=37051"},{"taxonomy":"post_tag","embeddable":true,"href":"https:\/\/radiorevelacionfm.cl\/index.php?rest_route=%2Fwp%2Fv2%2Ftags&post=37051"}],"curies":[{"name":"wp","href":"https:\/\/api.w.org\/{rel}","templated":true}]}}