{"id":37048,"date":"2023-11-18T11:40:34","date_gmt":"2023-11-18T14:40:34","guid":{"rendered":"https:\/\/radiorevelacionfm.cl\/?p=37048"},"modified":"2023-11-18T11:40:34","modified_gmt":"2023-11-18T14:40:34","slug":"se-inicio-en-aysen-la-viii-encuesta-de-proteccion-social-2023-2024-incluyendo-por-primera-vez-consultas-sobre-la-economia-del-cuidado","status":"publish","type":"post","link":"https:\/\/radiorevelacionfm.cl\/?p=37048","title":{"rendered":"Se inici\u00f3 en Ays\u00e9n la VIII Encuesta de Protecci\u00f3n Social 2023-2024 incluyendo por primera vez consultas sobre la econom\u00eda del cuidado"},"content":{"rendered":"<div class=\"flex_column av_one_full  flex_column_div av-zero-column-padding first  avia-builder-el-0  el_before_av_one_full  avia-builder-el-first  \" style='border-radius:0px; '><div  class='avia-image-container  av-styling-    avia-builder-el-1  avia-builder-el-no-sibling  avia-align-center '  itemprop=\"image\" itemscope=\"itemscope\" itemtype=\"https:\/\/schema.org\/ImageObject\"  ><div class='avia-image-container-inner'><div class='avia-image-overlay-wrap'><img decoding=\"async\" class='wp-image-37049 avia-img-lazy-loading-not-37049 avia_image' src=\"https:\/\/radiorevelacionfm.cl\/wp-content\/uploads\/2023\/11\/lanz_eps_aysen_2023-2024_6-1_optimized-1.jpg\" alt='' title='lanz_eps_aysen_2023-2024_6-(1)_optimized (1)' height=\"600\" width=\"1216\"  itemprop=\"thumbnailUrl\" srcset=\"https:\/\/radiorevelacionfm.cl\/wp-content\/uploads\/2023\/11\/lanz_eps_aysen_2023-2024_6-1_optimized-1.jpg 1216w, https:\/\/radiorevelacionfm.cl\/wp-content\/uploads\/2023\/11\/lanz_eps_aysen_2023-2024_6-1_optimized-1-300x148.jpg 300w, https:\/\/radiorevelacionfm.cl\/wp-content\/uploads\/2023\/11\/lanz_eps_aysen_2023-2024_6-1_optimized-1-1030x508.jpg 1030w, https:\/\/radiorevelacionfm.cl\/wp-content\/uploads\/2023\/11\/lanz_eps_aysen_2023-2024_6-1_optimized-1-768x379.jpg 768w, https:\/\/radiorevelacionfm.cl\/wp-content\/uploads\/2023\/11\/lanz_eps_aysen_2023-2024_6-1_optimized-1-705x348.jpg 705w, https:\/\/radiorevelacionfm.cl\/wp-content\/uploads\/2023\/11\/lanz_eps_aysen_2023-2024_6-1_optimized-1-450x222.jpg 450w, https:\/\/radiorevelacionfm.cl\/wp-content\/uploads\/2023\/11\/lanz_eps_aysen_2023-2024_6-1_optimized-1-600x296.jpg 600w\" sizes=\"(max-width: 1216px) 100vw, 1216px\" \/><\/div><\/div><\/div><\/div><div class=\"flex_column av_one_full  flex_column_div av-zero-column-padding first  avia-builder-el-2  el_after_av_one_full  el_before_av_one_full  column-top-margin\" style='border-radius:0px; '><section class=\"av_textblock_section \"  itemscope=\"itemscope\" itemtype=\"https:\/\/schema.org\/BlogPosting\" itemprop=\"blogPost\" ><div class='avia_textblock  '   itemprop=\"text\" ><p style=\"text-align: center;\"><strong><span style=\"font-size: 18pt;\">Se inici\u00f3 en Ays\u00e9n la VIII Encuesta de Protecci\u00f3n Social 2023-2024 incluyendo por primera vez consultas sobre la econom\u00eda del cuidado <\/span><\/strong><\/p>\n<div id=\"gtx-trans\" style=\"position: absolute; left: -50px; top: 4.31534px;\">\n<div class=\"gtx-trans-icon\"><\/div>\n<\/div>\n<\/div><\/section><\/div><div class=\"flex_column av_one_full  flex_column_div av-zero-column-padding first  avia-builder-el-4  el_after_av_one_full  el_before_av_hr  column-top-margin\" style='border-radius:0px; '><section class=\"av_textblock_section \"  itemscope=\"itemscope\" itemtype=\"https:\/\/schema.org\/BlogPosting\" itemprop=\"blogPost\" ><div class='avia_textblock  '   itemprop=\"text\" ><p style=\"text-align: justify;\"><em><span lang=\"ES\">El estudio se realizar\u00e1 hasta febrero 2024 incluyendo por primera vez consultas sobre \u00abeconom\u00eda del cuidado\u00bb para identificar el trabajo no remunerado relacionado con el cuidado de personas dentro y fuera del hogar.<\/span><\/em><\/p>\n<p class=\"v1MsoNormal\" style=\"text-align: justify;\"><span lang=\"ES-MX\">El Seremi del Trabajo y Previsi\u00f3n Social, Rodrigo D\u00edaz Cordaro y Mar\u00eda Jos\u00e9 Becerra, directora de Estudios Previsionales de la Subsecretar\u00eda de Previsi\u00f3n Social, dieron a conocer detalles en la Regi\u00f3n de Ays\u00e9n de la VIII Encuesta Protecci\u00f3n Social (EPS) 2023-2024, que se <\/span><span lang=\"ES\">extender\u00e1 hasta febrero de 2024, cubriendo todas las regiones del pa\u00eds, donde se encuestar\u00e1 a 15.000 mil personas.<\/span><\/p>\n<p class=\"v1MsoNormal\" style=\"text-align: justify;\"><span lang=\"ES-MX\">La EPS es la encuesta<\/span><span lang=\"ES\">\u00a0longitudinal de tipo panel m\u00e1s grande a nivel nacional, lo que significa que sigue las trayectorias laborales y previsionales de un mismo grupo de personas. Su objetivo es proporcionar informaci\u00f3n valiosa sobre la historia laboral y previsional de las personas, as\u00ed como otros aspectos relevantes en educaci\u00f3n, salud y situaci\u00f3n del hogar, para ser utilizada en la elaboraci\u00f3n de pol\u00edticas p\u00fablicas.<\/span><\/p>\n<p class=\"v1MsoNormal\" style=\"text-align: justify;\"><span lang=\"ES\">Al respecto, el Seremi de Trabajo y Previsi\u00f3n Social, Rodrigo D\u00edaz Cordaro mencion\u00f3 que \u00abla Subsecretar\u00eda de Previsi\u00f3n Social del Ministerio del Trabajo y Previsi\u00f3n Social comenz\u00f3 la aplicaci\u00f3n de la Encuesta de Protecci\u00f3n Social 2023-2024, que es la encuesta m\u00e1s grande que se va a realizar en el pa\u00eds y que tiene como objetivo entregar informaci\u00f3n importante sobre la historia, de la calidad del trabajo y de las pensiones a los ciudadanos adem\u00e1s de aspectos de salud y de educaci\u00f3n, tambi\u00e9n va a agregar elementos de la econom\u00eda dom\u00e9stica, para ver cu\u00e1ntos trabajos no remunerados y de los cuidados tenemos presente. Esta herramienta es fundamental, porque nos permite construir pol\u00edtica p\u00fablica en cuanto a que es la base para las reformas y cambios que tengamos el sistema previsional.\u00bb<\/span><\/p>\n<p class=\"v1MsoNormal\" style=\"text-align: justify;\"><span lang=\"ES\">Agreg\u00f3 que \u00abadem\u00e1s les pedimos y reiteramos que es importante que nos cooperen, que abran sus puertas cuando golpeen los encuestadores. Esta Encuesta de Previsi\u00f3n Social es una herramienta fundamental para tener efectivamente m\u00e1s y mejores pensiones\u00bb, afirm\u00f3 el Seremi Rodrigo D\u00edaz.<\/span><\/p>\n<p class=\"v1MsoNormal\" style=\"text-align: justify;\"><span lang=\"ES\">Por su parte, Mar\u00eda Jos\u00e9 Becerra,\u00a0<\/span><span lang=\"ES-MX\">directora de Estudios Previsionales de la Subsecretar\u00eda de\u00a0<\/span><span lang=\"ES\">Previsi\u00f3n Social destac\u00f3 otra de las innovaciones de esta versi\u00f3n de la EPS: \u00abEn la Regi\u00f3n de Ays\u00e9n, van a ser alrededor de 300 los encuestados y encuestadas, a quienes se les va a tocar la puerta de sus casas, de los cuales 113 son j\u00f3venes, de 18 a 24 a\u00f1os, quienes por primera vez van a participar en esta Encuesta de Protecci\u00f3n Social. Esta encuesta ha seguido las historias de vida de las y los chilenos y c\u00f3mo el Estado se establece como un paraguas de protecci\u00f3n. El a\u00f1o 2024 no solamente es la conmemoraci\u00f3n de estos 20 a\u00f1os de la encuesta, sino que los 100 a\u00f1os de la seguridad social en Chile\u00bb con respecto a los encuestadores, Becerra coment\u00f3, \u00abvan a haber 5 encuestadores en la Regi\u00f3n de Ays\u00e9n, quienes van a estar en Cochrane, en Chile Chico, en Guaitecas y en las principales comunas de esta regi\u00f3n\u00bb.<\/span><\/p>\n<p class=\"v1MsoNormal\" style=\"text-align: justify;\"><span lang=\"ES\">Adem\u00e1s, se\u00f1al\u00f3 que participar en la encuesta es completamente voluntario y que no hay sanciones ni multas por negarse a responder. Tambi\u00e9n subray\u00f3 que la EPS se lleva a cabo de forma an\u00f3nima, respetando la privacidad de las personas y el secreto estad\u00edstico.<\/span><\/p>\n<p class=\"v1MsoNormal\" style=\"text-align: justify;\"><span lang=\"ES\">En tanto, el encargado regional de IPSOS Chile, Nicol\u00e1s Gonz\u00e1lez, empresa que realizar\u00e1 la encuesta, explic\u00f3 que los encuestadores y encuestadoras utilizar\u00e1n dispositivos electr\u00f3nicos para simplificar la recopilaci\u00f3n de datos, y todas y todos estar\u00e1n debidamente identificados\/as y capacitados\/as para responder a preguntas y sugerencias. \u00abCada uno de los encuestadores debe estar pertinentemente identificado con su identificaci\u00f3n. Pueden escanear el c\u00f3digo QR que aparece y pueden solicitar el RUT a la persona, debe aparecer una foto de la descripci\u00f3n sobre el estudio que estamos realizando. Adem\u00e1s, entregaremos un d\u00edptico y una carta de la Subsecretar\u00eda para que ustedes tambi\u00e9n se puedan informar y cualquier duda o consulta, aparecen los tel\u00e9fonos y correos electr\u00f3nicos pertinentes. Todas las preguntas que se realizan son de total anonimato, ya que est\u00e1n regidas por la ley de secreto estad\u00edstico\u00bb.<\/span><\/p>\n<p class=\"v1MsoNormal\" style=\"text-align: justify;\"><span lang=\"ES\">Desde su primera aplicaci\u00f3n, en 2002, se han llevado a cabo 7 rondas (2004, 2006, 2009, 2012, 2015 y 2020), con una muestra de aproximadamente 30.000 personas distribuidas en todas las regiones del pa\u00eds. En esta ocasi\u00f3n, esta nueva versi\u00f3n incorpora una muestra actualizada que permitir\u00e1 conocer mejor la realidad en nuestro pa\u00eds y contar con datos m\u00e1s precisos y representativos.<\/span><\/p>\n<p class=\"v1MsoNormal\" style=\"text-align: justify;\"><span lang=\"ES\">Los resultados de la VIII Encuesta de Protecci\u00f3n Social, EPS 2023-2024, se dar\u00e1n a conocer a fines del primer seme<\/span><\/p>\n<\/div><\/section><\/div><div  style='height:50px' class='hr hr-invisible   avia-builder-el-6  el_after_av_one_full  el_before_av_social_share '><span class='hr-inner ' ><span class='hr-inner-style'><\/span><\/span><\/div><\/p>\n<div  class='av-social-sharing-box  avia-builder-el-7  el_after_av_hr  el_before_av_hr  '><div class='av-share-box'><h5 class='av-share-link-description av-no-toc '>Compartir esta noticia<\/h5><ul class='av-share-box-list noLightbox'><li class='av-share-link av-social-link-facebook' ><a target=\"_blank\" aria-label=\"Compartir en Facebook\" href='https:\/\/www.facebook.com\/sharer.php?u=https:\/\/radiorevelacionfm.cl\/?p=37048&#038;t=Se%20inici%C3%B3%20en%20Ays%C3%A9n%20la%20VIII%20Encuesta%20de%20Protecci%C3%B3n%20Social%202023-2024%20incluyendo%20por%20primera%20vez%20consultas%20sobre%20la%20econom%C3%ADa%20del%20cuidado' aria-hidden='false' data-av_icon='\ue8f3' data-av_iconfont='entypo-fontello' title='' data-avia-related-tooltip='Compartir en Facebook' rel=\"noopener\"><span class='avia_hidden_link_text'>Compartir en Facebook<\/span><\/a><\/li><li class='av-share-link av-social-link-twitter' ><a target=\"_blank\" aria-label=\"Compartir en Twitter\" href='https:\/\/twitter.com\/share?text=Se%20inici%C3%B3%20en%20Ays%C3%A9n%20la%20VIII%20Encuesta%20de%20Protecci%C3%B3n%20Social%202023-2024%20incluyendo%20por%20primera%20vez%20consultas%20sobre%20la%20econom%C3%ADa%20del%20cuidado&#038;url=https:\/\/radiorevelacionfm.cl\/?p=37048' aria-hidden='false' data-av_icon='\ue8f1' data-av_iconfont='entypo-fontello' title='' data-avia-related-tooltip='Compartir en Twitter' rel=\"noopener\"><span class='avia_hidden_link_text'>Compartir en Twitter<\/span><\/a><\/li><li class='av-share-link av-social-link-whatsapp' ><a target=\"_blank\" aria-label=\"Compartir en Whatsapp\" href='https:\/\/api.whatsapp.com\/send?text=https:\/\/radiorevelacionfm.cl\/?p=37048' aria-hidden='false' data-av_icon='\uf232' data-av_iconfont='entypo-fontello' title='' data-avia-related-tooltip='Compartir en Whatsapp' rel=\"noopener\"><span class='avia_hidden_link_text'>Compartir en Whatsapp<\/span><\/a><\/li><li class='av-share-link av-social-link-linkedin' ><a target=\"_blank\" aria-label=\"Compartir en LinkedIn\" href='https:\/\/linkedin.com\/shareArticle?mini=true&#038;title=Se%20inici%C3%B3%20en%20Ays%C3%A9n%20la%20VIII%20Encuesta%20de%20Protecci%C3%B3n%20Social%202023-2024%20incluyendo%20por%20primera%20vez%20consultas%20sobre%20la%20econom%C3%ADa%20del%20cuidado&#038;url=https:\/\/radiorevelacionfm.cl\/?p=37048' aria-hidden='false' data-av_icon='\ue8fc' data-av_iconfont='entypo-fontello' title='' data-avia-related-tooltip='Compartir en LinkedIn' rel=\"noopener\"><span class='avia_hidden_link_text'>Compartir en LinkedIn<\/span><\/a><\/li><li class='av-share-link av-social-link-mail' ><a  aria-label=\"Compartir por correo\" href='mailto:?subject=Se%20inici%C3%B3%20en%20Ays%C3%A9n%20la%20VIII%20Encuesta%20de%20Protecci%C3%B3n%20Social%202023-2024%20incluyendo%20por%20primera%20vez%20consultas%20sobre%20la%20econom%C3%ADa%20del%20cuidado&#038;body=https:\/\/radiorevelacionfm.cl\/?p=37048' aria-hidden='false' data-av_icon='\ue805' data-av_iconfont='entypo-fontello' title='' data-avia-related-tooltip='Compartir por correo'><span class='avia_hidden_link_text'>Compartir por correo<\/span><\/a><\/li><\/ul><\/div><\/div>\n<div  style='height:50px' class='hr hr-invisible   avia-builder-el-8  el_after_av_social_share  el_before_av_comments_list '><span class='hr-inner ' ><span class='hr-inner-style'><\/span><\/span><\/div>\n<div  class='av-buildercomment  av-blog-meta-html-info-disabled av-blog-meta-tag-disabled  '><\/div>\n","protected":false},"excerpt":{"rendered":"","protected":false},"author":1,"featured_media":37049,"comment_status":"open","ping_status":"open","sticky":false,"template":"","format":"standard","meta":{"footnotes":""},"categories":[56],"tags":[],"class_list":["post-37048","post","type-post","status-publish","format-standard","has-post-thumbnail","hentry","category-trabajo"],"jetpack_featured_media_url":"https:\/\/radiorevelacionfm.cl\/wp-content\/uploads\/2023\/11\/lanz_eps_aysen_2023-2024_6-1_optimized-1.jpg","_links":{"self":[{"href":"https:\/\/radiorevelacionfm.cl\/index.php?rest_route=\/wp\/v2\/posts\/37048","targetHints":{"allow":["GET"]}}],"collection":[{"href":"https:\/\/radiorevelacionfm.cl\/index.php?rest_route=\/wp\/v2\/posts"}],"about":[{"href":"https:\/\/radiorevelacionfm.cl\/index.php?rest_route=\/wp\/v2\/types\/post"}],"author":[{"embeddable":true,"href":"https:\/\/radiorevelacionfm.cl\/index.php?rest_route=\/wp\/v2\/users\/1"}],"replies":[{"embeddable":true,"href":"https:\/\/radiorevelacionfm.cl\/index.php?rest_route=%2Fwp%2Fv2%2Fcomments&post=37048"}],"version-history":[{"count":1,"href":"https:\/\/radiorevelacionfm.cl\/index.php?rest_route=\/wp\/v2\/posts\/37048\/revisions"}],"predecessor-version":[{"id":37050,"href":"https:\/\/radiorevelacionfm.cl\/index.php?rest_route=\/wp\/v2\/posts\/37048\/revisions\/37050"}],"wp:featuredmedia":[{"embeddable":true,"href":"https:\/\/radiorevelacionfm.cl\/index.php?rest_route=\/wp\/v2\/media\/37049"}],"wp:attachment":[{"href":"https:\/\/radiorevelacionfm.cl\/index.php?rest_route=%2Fwp%2Fv2%2Fmedia&parent=37048"}],"wp:term":[{"taxonomy":"category","embeddable":true,"href":"https:\/\/radiorevelacionfm.cl\/index.php?rest_route=%2Fwp%2Fv2%2Fcategories&post=37048"},{"taxonomy":"post_tag","embeddable":true,"href":"https:\/\/radiorevelacionfm.cl\/index.php?rest_route=%2Fwp%2Fv2%2Ftags&post=37048"}],"curies":[{"name":"wp","href":"https:\/\/api.w.org\/{rel}","templated":true}]}}