{"id":37045,"date":"2023-11-17T17:40:24","date_gmt":"2023-11-17T20:40:24","guid":{"rendered":"https:\/\/radiorevelacionfm.cl\/?p=37045"},"modified":"2023-11-17T17:40:24","modified_gmt":"2023-11-17T20:40:24","slug":"lideres-regionales-impulsan-el-desarrollo-sostenible-del-litoral-de-aysen","status":"publish","type":"post","link":"https:\/\/radiorevelacionfm.cl\/?p=37045","title":{"rendered":"L\u00edderes regionales impulsan el desarrollo sostenible del litoral de Ays\u00e9n"},"content":{"rendered":"<div class=\"flex_column av_one_full  flex_column_div av-zero-column-padding first  avia-builder-el-0  el_before_av_one_full  avia-builder-el-first  \" style='border-radius:0px; '><div  class='avia-image-container  av-styling-    avia-builder-el-1  avia-builder-el-no-sibling  avia-align-center '  itemprop=\"image\" itemscope=\"itemscope\" itemtype=\"https:\/\/schema.org\/ImageObject\"  ><div class='avia-image-container-inner'><div class='avia-image-overlay-wrap'><img decoding=\"async\" class='wp-image-37046 avia-img-lazy-loading-not-37046 avia_image' src=\"https:\/\/radiorevelacionfm.cl\/wp-content\/uploads\/2023\/11\/Coloquio-1-1.jpg\" alt='' title='Coloquio (1) (1)' height=\"600\" width=\"800\"  itemprop=\"thumbnailUrl\" srcset=\"https:\/\/radiorevelacionfm.cl\/wp-content\/uploads\/2023\/11\/Coloquio-1-1.jpg 800w, https:\/\/radiorevelacionfm.cl\/wp-content\/uploads\/2023\/11\/Coloquio-1-1-300x225.jpg 300w, https:\/\/radiorevelacionfm.cl\/wp-content\/uploads\/2023\/11\/Coloquio-1-1-768x576.jpg 768w, https:\/\/radiorevelacionfm.cl\/wp-content\/uploads\/2023\/11\/Coloquio-1-1-705x529.jpg 705w, https:\/\/radiorevelacionfm.cl\/wp-content\/uploads\/2023\/11\/Coloquio-1-1-450x338.jpg 450w, https:\/\/radiorevelacionfm.cl\/wp-content\/uploads\/2023\/11\/Coloquio-1-1-600x450.jpg 600w\" sizes=\"(max-width: 800px) 100vw, 800px\" \/><\/div><\/div><\/div><\/div><div class=\"flex_column av_one_full  flex_column_div av-zero-column-padding first  avia-builder-el-2  el_after_av_one_full  el_before_av_one_full  column-top-margin\" style='border-radius:0px; '><section class=\"av_textblock_section \"  itemscope=\"itemscope\" itemtype=\"https:\/\/schema.org\/BlogPosting\" itemprop=\"blogPost\" ><div class='avia_textblock  '   itemprop=\"text\" ><p style=\"text-align: center;\"><strong><span style=\"font-size: 18pt;\">L\u00edderes regionales impulsan el desarrollo sostenible del litoral de Ays\u00e9n<\/span><\/strong><\/p>\n<div id=\"gtx-trans\" style=\"position: absolute; left: -50px; top: 4.31534px;\">\n<div class=\"gtx-trans-icon\"><\/div>\n<\/div>\n<\/div><\/section><\/div><div class=\"flex_column av_one_full  flex_column_div av-zero-column-padding first  avia-builder-el-4  el_after_av_one_full  el_before_av_hr  column-top-margin\" style='border-radius:0px; '><section class=\"av_textblock_section \"  itemscope=\"itemscope\" itemtype=\"https:\/\/schema.org\/BlogPosting\" itemprop=\"blogPost\" ><div class='avia_textblock  '   itemprop=\"text\" ><p style=\"text-align: justify;\">En un hito sin precedentes, l\u00edderes y organizaciones de m\u00faltiples sectores de la Provincia de Ays\u00e9n unen fuerzas para la realizaci\u00f3n del \u00abColoquio Para el Desarrollo del Litoral de Ays\u00e9n\u00bb, una plataforma dise\u00f1ada para enfrentar desaf\u00edos hist\u00f3ricos y esbozar el futuro estrat\u00e9gico de la regi\u00f3n costera.<\/p>\n<p style=\"text-align: justify;\">El evento, pionero en su enfoque de quint\u00faple h\u00e9lice, promete una toma de decisiones equitativa y sostenible, en colaboraci\u00f3n con la Delegaci\u00f3n Presidencial Provincial de Ays\u00e9n, CorpAys\u00e9n, CORFO, las Serem\u00edas de Energ\u00eda, Medio Ambiente, Trabajo y Econom\u00eda, SalmonChile, la C\u00e1mara de Turismo de Puerto Ays\u00e9n Patagonia, Centro de Formaci\u00f3n T\u00e9cnica Estatal de Ays\u00e9n y el Sindicato de Trabajadores de Friosur.<\/p>\n<p style=\"text-align: justify;\">\u00abEste coloquio nace de un consenso sobre la necesidad de un nuevo enfoque en la interacci\u00f3n entre los actores clave para desbloquear el pleno potencial del litoral\u00bb, explica \u00c1lvaro Contreras, Gestor Ejecutivo de CorpAys\u00e9n. \u00abBuscamos fomentar un di\u00e1logo innovador que conduzca a acciones concretas y distintas a las habituales en los espacios de deliberaci\u00f3n de la regi\u00f3n\u00bb, a\u00f1ad\u00edo.<\/p>\n<p style=\"text-align: justify;\">El Coloquio para el Desarrollo del Litoral de Ays\u00e9n se establece como un escenario de avanzada, desde el paradigma de la neuroplasticidad y neurog\u00e9nesis para forjar el progreso regional. Este enfoque cient\u00edfico apunta a remodelar la forma en que los participantes piensan y colaboran, facilitando la emergencia de soluciones creativas y sostenibles para el desarrollo costero de Ays\u00e9n.<\/p>\n<p style=\"text-align: justify;\">Actualmente, este proyecto se encuentra en la fase de dise\u00f1o, determinando aspectos cruciales como la fecha del evento (11 y 12 de enero de 2024), el lugar de realizaci\u00f3n, la composici\u00f3n de la lista de asistentes y organizadores, la agenda conversacional centrada en el futuro del territorio y la selecci\u00f3n de un facilitador con experiencia que ayude a garantizar los objetivos del evento.<\/p>\n<p style=\"text-align: justify;\">Los pr\u00f3ximos pasos involucran la concreci\u00f3n de estos elementos y avanzar en la etapa de convocatoria, buscando la participaci\u00f3n activa de todos los actores claves de la Provincia de Ays\u00e9n. Esta instancia se perfila como un evento crucial para la concepci\u00f3n de estrategias que impulsen el desarrollo integral y sostenible del litoral, con un compromiso colectivo para abordar los desaf\u00edos presentes y futuros de la provincia.<\/p>\n<p style=\"text-align: justify;\">\u201cEl generar esta instancia de \u00a0conversaci\u00f3n, implica convocar al m\u00e1ximo de personas que tengan que ver y est\u00e9n vinculadas con\u00a0 una visi\u00f3n de desarrollo para Ays\u00e9n. \u00a0Sabemos que tenemos coincidencia y en ese espacio de di\u00e1logo,\u00a0 este coloquio permitir\u00e1 generar los compromisos para asumir nuevos desaf\u00edos, esa es el objetivo. Ver c\u00f3mo a trav\u00e9s de la conversaci\u00f3n de los actores principales de una comunidad como Puerto Ays\u00e9n, podemos generar insumos y caminos de soluci\u00f3n para esos sue\u00f1os que la comunidad tiene\u201d, sostuvo \u00a0el Delegado Presidencial Provincial de Ays\u00e9n, Jorge D\u00edaz Guzm\u00e1n.<\/p>\n<p style=\"text-align: justify;\">La Provincia de Ays\u00e9n, conocida por su rica biodiversidad y paisajes impresionantes, se prepara para recibir a los participantes en este di\u00e1logo estrat\u00e9gico, que promete ser un catalizador de cambio positivo para la regi\u00f3n y sus habitantes.<\/p>\n<\/div><\/section><\/div><div  style='height:50px' class='hr hr-invisible   avia-builder-el-6  el_after_av_one_full  el_before_av_social_share '><span class='hr-inner ' ><span class='hr-inner-style'><\/span><\/span><\/div><\/p>\n<div  class='av-social-sharing-box  avia-builder-el-7  el_after_av_hr  el_before_av_hr  '><div class='av-share-box'><h5 class='av-share-link-description av-no-toc '>Compartir esta noticia<\/h5><ul class='av-share-box-list noLightbox'><li class='av-share-link av-social-link-facebook' ><a target=\"_blank\" aria-label=\"Compartir en Facebook\" href='https:\/\/www.facebook.com\/sharer.php?u=https:\/\/radiorevelacionfm.cl\/?p=37045&#038;t=L%C3%ADderes%20regionales%20impulsan%20el%20desarrollo%20sostenible%20del%20litoral%20de%20Ays%C3%A9n' aria-hidden='false' data-av_icon='\ue8f3' data-av_iconfont='entypo-fontello' title='' data-avia-related-tooltip='Compartir en Facebook' rel=\"noopener\"><span class='avia_hidden_link_text'>Compartir en Facebook<\/span><\/a><\/li><li class='av-share-link av-social-link-twitter' ><a target=\"_blank\" aria-label=\"Compartir en Twitter\" href='https:\/\/twitter.com\/share?text=L%C3%ADderes%20regionales%20impulsan%20el%20desarrollo%20sostenible%20del%20litoral%20de%20Ays%C3%A9n&#038;url=https:\/\/radiorevelacionfm.cl\/?p=37045' aria-hidden='false' data-av_icon='\ue8f1' data-av_iconfont='entypo-fontello' title='' data-avia-related-tooltip='Compartir en Twitter' rel=\"noopener\"><span class='avia_hidden_link_text'>Compartir en Twitter<\/span><\/a><\/li><li class='av-share-link av-social-link-whatsapp' ><a target=\"_blank\" aria-label=\"Compartir en Whatsapp\" href='https:\/\/api.whatsapp.com\/send?text=https:\/\/radiorevelacionfm.cl\/?p=37045' aria-hidden='false' data-av_icon='\uf232' data-av_iconfont='entypo-fontello' title='' data-avia-related-tooltip='Compartir en Whatsapp' rel=\"noopener\"><span class='avia_hidden_link_text'>Compartir en Whatsapp<\/span><\/a><\/li><li class='av-share-link av-social-link-linkedin' ><a target=\"_blank\" aria-label=\"Compartir en LinkedIn\" href='https:\/\/linkedin.com\/shareArticle?mini=true&#038;title=L%C3%ADderes%20regionales%20impulsan%20el%20desarrollo%20sostenible%20del%20litoral%20de%20Ays%C3%A9n&#038;url=https:\/\/radiorevelacionfm.cl\/?p=37045' aria-hidden='false' data-av_icon='\ue8fc' data-av_iconfont='entypo-fontello' title='' data-avia-related-tooltip='Compartir en LinkedIn' rel=\"noopener\"><span class='avia_hidden_link_text'>Compartir en LinkedIn<\/span><\/a><\/li><li class='av-share-link av-social-link-mail' ><a  aria-label=\"Compartir por correo\" href='mailto:?subject=L%C3%ADderes%20regionales%20impulsan%20el%20desarrollo%20sostenible%20del%20litoral%20de%20Ays%C3%A9n&#038;body=https:\/\/radiorevelacionfm.cl\/?p=37045' aria-hidden='false' data-av_icon='\ue805' data-av_iconfont='entypo-fontello' title='' data-avia-related-tooltip='Compartir por correo'><span class='avia_hidden_link_text'>Compartir por correo<\/span><\/a><\/li><\/ul><\/div><\/div>\n<div  style='height:50px' class='hr hr-invisible   avia-builder-el-8  el_after_av_social_share  el_before_av_comments_list '><span class='hr-inner ' ><span class='hr-inner-style'><\/span><\/span><\/div>\n<div  class='av-buildercomment  av-blog-meta-html-info-disabled av-blog-meta-tag-disabled  '><\/div>\n","protected":false},"excerpt":{"rendered":"","protected":false},"author":1,"featured_media":37046,"comment_status":"open","ping_status":"open","sticky":false,"template":"","format":"standard","meta":{"footnotes":""},"categories":[38],"tags":[],"class_list":["post-37045","post","type-post","status-publish","format-standard","has-post-thumbnail","hentry","category-regional"],"jetpack_featured_media_url":"https:\/\/radiorevelacionfm.cl\/wp-content\/uploads\/2023\/11\/Coloquio-1-1.jpg","_links":{"self":[{"href":"https:\/\/radiorevelacionfm.cl\/index.php?rest_route=\/wp\/v2\/posts\/37045","targetHints":{"allow":["GET"]}}],"collection":[{"href":"https:\/\/radiorevelacionfm.cl\/index.php?rest_route=\/wp\/v2\/posts"}],"about":[{"href":"https:\/\/radiorevelacionfm.cl\/index.php?rest_route=\/wp\/v2\/types\/post"}],"author":[{"embeddable":true,"href":"https:\/\/radiorevelacionfm.cl\/index.php?rest_route=\/wp\/v2\/users\/1"}],"replies":[{"embeddable":true,"href":"https:\/\/radiorevelacionfm.cl\/index.php?rest_route=%2Fwp%2Fv2%2Fcomments&post=37045"}],"version-history":[{"count":1,"href":"https:\/\/radiorevelacionfm.cl\/index.php?rest_route=\/wp\/v2\/posts\/37045\/revisions"}],"predecessor-version":[{"id":37047,"href":"https:\/\/radiorevelacionfm.cl\/index.php?rest_route=\/wp\/v2\/posts\/37045\/revisions\/37047"}],"wp:featuredmedia":[{"embeddable":true,"href":"https:\/\/radiorevelacionfm.cl\/index.php?rest_route=\/wp\/v2\/media\/37046"}],"wp:attachment":[{"href":"https:\/\/radiorevelacionfm.cl\/index.php?rest_route=%2Fwp%2Fv2%2Fmedia&parent=37045"}],"wp:term":[{"taxonomy":"category","embeddable":true,"href":"https:\/\/radiorevelacionfm.cl\/index.php?rest_route=%2Fwp%2Fv2%2Fcategories&post=37045"},{"taxonomy":"post_tag","embeddable":true,"href":"https:\/\/radiorevelacionfm.cl\/index.php?rest_route=%2Fwp%2Fv2%2Ftags&post=37045"}],"curies":[{"name":"wp","href":"https:\/\/api.w.org\/{rel}","templated":true}]}}